{"id":91401,"date":"2023-12-23T12:22:52","date_gmt":"2023-12-23T18:22:52","guid":{"rendered":"http:\/\/amanecerhuasteco.com\/portal\/?p=91401"},"modified":"2023-12-23T12:22:52","modified_gmt":"2023-12-23T18:22:52","slug":"entre-columnas-592","status":"publish","type":"post","link":"https:\/\/amanecerhuasteco.com\/portal\/entre-columnas-592\/","title":{"rendered":"ENTRE COLUMNAS"},"content":{"rendered":"<p class=\"western\">\n<p class=\"western\">CONFIRMAN DENUNCIAS CONTRA EX FUNCIONARIOS CARRERISTAS.<\/p>\n<p class=\"western\"><span style=\"color: #111111;\">Hace dos semanas aqu\u00ed publicamos sobre las investigaciones que la Fisc<\/span><span style=\"color: #111111;\">a<\/span><span style=\"color: #111111;\">l\u00eda del Estado realiza en torno a fraudes millonarios que habr\u00edan cometido funcionarios de la CEA en la pasada administraci\u00f3n estatal, ahora son confirmados por el Gobernador, se\u00f1alando a Jes\u00fas Alfonso N. ex titular de la Comisi\u00f3n Estatal del Agua y concretamente por el proyecto hidr\u00e1ulico La Maroma.<\/span><\/p>\n<p class=\"western\"><span style=\"color: #5c5c5c;\">El Mandatario precis\u00f3 que las denuncias son 4 carpetas de investigaci\u00f3n en la la Fiscal\u00eda General del Estado (FGE) en contra de Jes\u00fas Alfonso &#8216;N&#8217;. quien fue funcionario en el sexenio del priista\u00a0<\/span><span style=\"color: #5c5c5c;\">Juan Manuel Carreras<\/span><span style=\"color: #5c5c5c;\">\u00a0L\u00f3pez la evidencia est\u00e1 muy clar<\/span><span style=\"color: #5c5c5c;\">a,<\/span> <span style=\"color: #5c5c5c;\">en <\/span><span style=\"color: #5c5c5c;\">el robo de la presa, c\u00f3mo dejaron los tubos a la intemperie y sin cortina de la presa.<\/span><\/p>\n<p class=\"western\"><span style=\"color: #111111;\">Siguiendo con el tema que involucra a un empresario Huasteco, el Gobernador inform\u00f3 que est\u00e1 valorando la posibilidad de dar vista de este asunto ante<\/span><span style=\"color: #5c5c5c;\"> la Secretar\u00eda de la Funci\u00f3n P\u00fablica (SFP) y la Procuradur\u00eda General de la Rep\u00fablica (FGR).<\/span><\/p>\n<p class=\"western\"><span style=\"color: #5c5c5c;\">Tambi\u00e9n ya se entreg\u00f3 un expediente del caso a la abanderada de Morena Claudia Sheimbaum Pardo en su reciente visita a Matehuala. El proyecto pol\u00edtico de reelegirse un alcalde Huasteco depende de este asunto.<\/span><\/p>\n<p class=\"western\"><span style=\"color: #2c2f34;\">++++++++++++++++<\/span><\/p>\n<p class=\"western\">Pr\u00e9stamos de dinero inmediatos a pensionados CFE, ISSSTE.FFCC, SCT, PEMEX, ACTIVOS Y JUBILADOS IMSS<\/p>\n<p class=\"western\">SIN AFECTAR TARJETON.<\/p>\n<p class=\"western\">Ll\u00e1menos las 24 hrs del d\u00eda 4811039565<\/p>\n<p class=\"western\">CREDITO INMEDIATO<\/p>\n<p class=\"western\">FELIZ NOCHE BUENA Y NAVIDAD.<\/p>\n<p class=\"western\">Sinceras y calurosas felicitaciones a nuestros lectores. Que esta ocasi\u00f3n sea motivo de convivencia familiar, con cari\u00f1o a todos abrazos fraternales. Disfruten esta Noche Buena, pero dejen algo para despedir el a\u00f1o viejo y la bienvenida del nuevo y venturoso a\u00f1o 2024.<\/p>\n<p class=\"western\">++++++++<\/p>\n<p class=\"western\">CONAGUA Y AYUNTAMIENTO OLVIDARON PROBLEMA DEL RIO VALLES.<\/p>\n<p class=\"western\">Las autoridades municipales de Ciudad Valles atienden prioritariamente la organizaci\u00f3n de festejos y la CNA duerme el sue\u00f1o de los justos, olvidaron el problema que se cierne sobre la desaparici\u00f3n de la corriente de agua en el r\u00edo Valles \u00fanica fuente de abastecimiento del vital elemento a la poblaci\u00f3n, se avecina un ciclo en que la ausencia de lluvias fueron pronosticadas por las autoridades en la materia, Esta semana pasada, habitantes que cruzan el puente hacia la Colonia Ju\u00e1rez informaron que de nueva cuenta la corriente agua esta en riesgo de desaparecer y repetirse el problema por falta de agua a los habitantes de Valles.<\/p>\n<p class=\"western\">Los informantes dijeron que el r\u00edo Valles vuelve a registrar casi en escala cr\u00edtica con niveles bajos, al no recuperar su nivel normal con las lloviznas recientes no capt\u00f3 mas de los 40 cent\u00edmetros de profundidad revelaran otras fuentes encargadas de la vigilancia de las estaciones hidrom\u00e9tricas.<\/p>\n<p class=\"western\">Vacacionistas que han visitado parajes tur\u00edsticos junto al r\u00edo Valles, lamentan el desinter\u00e9s de la autoridades municipales y la CEA que se comprometieron a utilizar a la polic\u00eda para evitar que agricultores que poseen plantaciones de ca\u00f1a en ambas m\u00e1rgenes, continuaran utilizando potentes bombas para riego las 24 hors del d\u00eda Al respecto ninguna dependencia ha informado cuantas intervenciones de la fuerza policiaca han intervenido pese a las denuncias p\u00fablicas.<\/p>\n<p class=\"western\">++++++++++++++<\/p>\n<p class=\"western\">CABALLADA FLACA EN MORENA.-<\/p>\n<p class=\"western\">De acuerdo a datos conocidos entre allegados a Morena Ciudad Valles, cuatro aspirantes <span style=\"color: #1c1e21;\"> se registraron para buscar la candidatura por la alcald\u00eda de Valles al cerrarse el 6 de diciembre cerr\u00f3 el plazo establecido en lla convocatoria para tal efecto.<\/span><\/p>\n<p class=\"western\"><span style=\"color: #1c1e21;\"> Ellos son el profesor Ernesto Saldierna Rubio, quien tiene antecedentes pol\u00edticos tricolores <\/span><span style=\"color: #1c1e21;\">e<\/span><span style=\"color: #1c1e21;\">n el sector campesino durante el reinado del RIP, Griselda Mezquida Salda\u00f1a, su curr\u00edculo limitado, fue la directora de la Instancia de la Mujer en el Gobierno <\/span><span style=\"color: #1c1e21;\">In<\/span><span style=\"color: #1c1e21;\">dependiente y delegada de la Secretar\u00eda de Desarrollo Social y Regional en el Gobierno estatal actual.. Alejandra Altamirano Rodr\u00edguez, quien fue S\u00edndico Municipal en el Gobierno Independiente y es funcionaria de la delegaci\u00f3n de Bienestar en Valles. Ella es hija del l\u00edder de la Uni\u00f3n Campesina Democr\u00e1tica. <\/span><\/p>\n<p class=\"western\"><span style=\"color: #1c1e21;\">Finalmente <\/span><span style=\"color: #1c1e21;\">un personaje que <\/span><span style=\"color: #1c1e21;\">fue regido<\/span><span style=\"color: #1c1e21;\">r<\/span><span style=\"color: #1c1e21;\"> en administraci\u00f3n pasada y supuesto delegado de la UCD es jubilado como trabajador del Tecnol\u00f3gico de Valles y ya fue candidato por su partido PERDere. Esta es la cuadrilla que bajo la sombra de Morena buscan la postulaci\u00f3n para la sucesi\u00f3n municipal. <\/span><\/p>\n<p class=\"western\"><span style=\"color: #1c1e21;\">La posibilidad que JJOA fuera el abanderado de Morena no se concret\u00f3 y seg\u00fan soplan los vi<\/span><span style=\"color: #1c1e21;\">e<\/span><span style=\"color: #1c1e21;\">ntos busca su postulaci\u00f3n por el <\/span><span style=\"color: #1c1e21;\">PRIANRD<\/span><span style=\"color: #1c1e21;\"> donde la rebatinga est\u00e1 la orden del dia.<\/span><\/p>\n<p class=\"western\"><span style=\"color: #1c1e21;\">+++++++++++<\/span><\/p>\n<p class=\"western\"><span style=\"color: #1c1e21;\">++++++++++<\/span><\/p>\n<p class=\"western\">QFB FABIOLA GARCIA ALVAREZ<\/p>\n<p class=\"western\">Perito dictaminador en an\u00e1lisis bacteriol\u00f3gico de agua<\/p>\n<p class=\"western\">Y alimentos con n\u00famero GES-PD 0705<\/p>\n<p class=\"western\">Perito dictaminador en estupefacientes GES-PD0523<\/p>\n<p class=\"western\">Maestr\u00eda en an\u00e1lisis cl\u00ednicos 1301 \u2013 368068<\/p>\n<p class=\"western\">Ced prof 8664204 Tel. 38 1 66 64<\/p>\n<p class=\"western\">Asesor\u00eda, auditor\u00eda y gesti\u00f3n ambiental.<\/p>\n<p class=\"western\">G. Victoria No. 8 zona centro Cd Valles SLP.<\/p>\n<p class=\"western\">++++++++++<\/p>\n<p class=\"western\"><span style=\"color: #222222;\">PAQUETE PRESUPUESTAL 2024 PARA EL ESTADO POR 63 mil millones de pesos.<\/span><\/p>\n<p class=\"western\"><span style=\"color: #404040;\">A trav\u00e9s de la Secretar\u00eda de Finanzas se entreg\u00f3 a la LXIII Legislatura Local, el Paquete Econ\u00f3mico 2024, que considera un incremento del 3.94 por ciento respecto al asignado para el ejercicio 2023.<\/span><span style=\"color: #404040;\"> El poder Ejecutivo del Estado, a trav\u00e9s de la Secretar\u00eda de Finanzas (Sefin) entreg\u00f3 a la LXIII Legislatura Local, el Paquete Econ\u00f3mico 2024, que considera un incremento del 3.94 por ciento respecto al ejercicio 2023, con un monto para el pr\u00f3ximo a\u00f1o considerado de techo presupuestal por 63 mil 400.5 millones de pesos, que refleja un incremento en el rubro de inversi\u00f3n p\u00fablica del 1.42 por ciento para alcanzar 11 mil 119.2 millones de pesos en apoyo a l los potosinos. Con este presupuesto se dar\u00e1 continuidad a la infraestructura emprendida en el ejercicio 2023 e impulsar m\u00e1s obras y fortalecer el apoyo a los potosinos con programas y proyectos que atienden los rezagos padecidos durante a\u00f1os anteriores en movilidad, educaci\u00f3n, salud y desarrollo social.<\/span><\/p>\n<p class=\"western\"><span style=\"color: #404040;\">Por su parte la Sefin detall\u00f3 que los recursos transferidos a los municipios tendr\u00e1n un incremento del 2.49 por ciento, considerando un presupuesto para 2024 por 11 mil 191.3 millones de pesos. Dicho incremento est\u00e1 ligado al aumento de las participaciones, as\u00ed como de los recursos dispuestos por la federaci\u00f3n en las transferencias que realiza a los fondos para presupuesto de los municipios.<\/span><\/p>\n<p class=\"western\"><span style=\"color: #404040;\">El cap\u00edtulo de gasto por el que se determina la distribuci\u00f3n a los Organismos P\u00fablicos Descentralizados se tiene un monto otorgado por 32 mil 019.2 millones de pesos, mismo que es mayor en 6.73 por ciento. Las principales variaciones obedecen a incrementos en los recursos federales que reciben algunos entes de la administraci\u00f3n p\u00fablica.<\/span><\/p>\n<p class=\"western\"><span style=\"color: #404040;\">De acuerdo con la pol\u00edtica de contenci\u00f3n de gasto, en cuanto a lo que se refiere a servicios personales se mantiene el monto asignado para 2023, el cual asciende a 8 mil millones de pesos.\u00a0 De la misma manera se contiene el recurso asignado para servicios generales y materiales y suministros dentro de lo asignado para el 2023, el cual fue por la cantidad de 648.3 millones de pesos.<\/span><\/p>\n<p class=\"western\">+++<\/p>\n<p class=\"western\">CARROCERIAS BUSTOS<\/p>\n<p class=\"western\">Reforma y Lerdo de tejada Col. Altavista.<\/p>\n<p class=\"western\">Cd Valles SLP Tel. 3824777.<\/p>\n<p class=\"western\">En carrocer\u00edas para camiones y camionetas nadie nos compite.<\/p>\n<p class=\"western\">+++++++<\/p>\n<p class=\"western\">UNA EMPRESA DE VENTA DE COMIDA NO ES SOLUCI\u00d3N A FALTA DE FUENTES DE EMPLEO EN VALLES.<\/p>\n<p class=\"western\">+.- El p\u00fablico crey\u00f3 se trataba d una empresa de mayor envergadura.<\/p>\n<p class=\"western\"><a name=\"_GoBack\"><\/a> El pasado fin de a\u00f1o, entre los buenos deseos del Gobernador del estado para los Huastecos exhort\u00f3 o recomend\u00f3 a los alcaldes (en particular de Cd. Valles) se pusieran a trabajar el rubro de crear fuentes de trabajo, atrayendo empresas, aprovechando el auge que tiene M\u00e9xico de inversi\u00f3n extranjera, el mandatario dijo que los alcaldes adquirieran terrenos apropiados y el Estado canalizar\u00eda a las empresas a esta regi\u00f3n, hurgando en algunos de los municipios que tienen posibilidades de sumarse a crear fuentes de empleo, no aparecen en sus informes ninguna gesti\u00f3n al respecto.<\/p>\n<p class=\"western\">En el caso de la Metr\u00f3poli Huasteca, existe un remedo de parque industrial que alberga solo una peque\u00f1a industria, los dem\u00e1s lotes fueron adquiridos o recibidos en donaci\u00f3n por gobiernos del estado anteriores para convertirlos en bodegas, estacionamientos de autobuses urbanos o son muladares abandonados Un poco de historia, la administraci\u00f3n municipal Independiente presumi\u00f3 tener un predio suficiente para una empresa que dar\u00eda empleo a cientos de trabajadores de esta ciudad, proyect\u00f3 un nuevo hospital hasta con helipuerto. Fue una vil mentira.<\/p>\n<p class=\"western\">En la administraci\u00f3n actual se presume la apertura de un establecimiento de comida r\u00e1pida que dispone de una franquicia para Valles, este proyecto hace varios a\u00f1os se anunci\u00f3 y finalmente se concret\u00f3. Otra tienda comercial al sur de la ciudad, se vivi\u00f3 con el enga\u00f1o que ser\u00eda un Cin\u00e9polis. Esperamos que pudiera cuando menos anunciarlo paa el pr\u00f3ximo a\u00f1o electoral.<\/p>\n<p class=\"western\">++++++++++++++<\/p>\n<p class=\"western\">\u201cFINCA SAN ISIDRO\u201d<\/p>\n<p class=\"western\">Sal\u00f3n para fiestas de todo tipo.<\/p>\n<p class=\"western\">Carretera Valles \u2013 R\u00edo Verde Km. 8<\/p>\n<p class=\"western\">Contrataciones al Tel. 01 481 179 09<\/p>\n<p class=\"western\">Cd. Valles SLP M\u00e9xico.<\/p>\n<p class=\"western\">}+++++++++++<\/p>\n<p class=\"western\"><span style=\"color: #2c2f34;\">SIN COMENTARIOS DE LA VISITA.<\/span><\/p>\n<p class=\"western\"><span style=\"color: #2c2f34;\">Como que la visita de la coordinador nacional del Frente por M<\/span><span style=\"color: #2c2f34;\">\u00e9<\/span><span style=\"color: #2c2f34;\">xico Xochitl G\u00e1lvez no impact\u00f3 entre los ciudadanos Huastecos, en cambio dej\u00f3 \u201cmal sabor de bocas\u201d a los pol\u00edticos azules que creen en la democracia que hablan sus lideres, aplastada con las decisiones cupulares al momento de postular a candidatos que van por un puesto de elecci\u00f3n popular el pr\u00f3ximo a\u00f1o, ignorando a quienes con mas derechos e identi<\/span><span style=\"color: #2c2f34;\">f<\/span><span style=\"color: #2c2f34;\">icados con su pueblo cifraban esperanzas de lograr esta ocasi\u00f3n ser tomados en cuenta, cuando menos al momento de la selecci\u00f3n interna que de hecho no la habr\u00e1 al tener casi decididas las candidaturas por otros con mas m\u00e9ritos$$$$$$$$$ que tener padrinos$$ e intereses con la alta nomenclatura pol\u00edtica.<\/span><\/p>\n<p class=\"western\"><span style=\"color: #2c2f34;\">La visita es parte de la historia de Valles, se comenta en cambio el papel infructuoso que hicieron dos panistas de hueso colorado; Francisco Trejo y Salvador Espinoza que estuvieron comisionados para contener la trifulca de asistentes a la reuni\u00f3n que presidi\u00f3 la abanderada del Frente, a punto estuvieron de resultar sacrificados por meter paz y \u2026..fue como arrojar gasolina al fuego. <\/span><\/p>\n<p class=\"western\"><span style=\"color: #2c2f34;\">Con raz\u00f3n, la recepci\u00f3n no fue una manifestaci\u00f3n de simpat\u00eda a la aspirante a candidata del PAN, los mismos de casa comentan que la dirigencia local poco tuvieron a su cargo porque las lideresas del prian fuero las organizadoras de este remedo de mitin donde una reportera estuvo a punto de ser v\u00edctima de agresi\u00f3n f\u00edsica.<\/span><\/p>\n<p class=\"western\"><span style=\"color: #2c2f34;\"> El segundo d\u00eda por la ma\u00f1ana la visitante asisti\u00f3 a un desayuno con empresarios de esta ciudad, la asistencia fue muy poco representativa. <\/span><\/p>\n<p class=\"western\"><span style=\"color: #2c2f34;\">Por otra parte no hay fecha tentativa para la visita de Claudia \u00e9sta, abanderada de Morena y aliados. La de Xochitl fue en un local con capacidad para 500 sillas, apenas se usaron la mitad. La segunda visitante ser\u00e1 en otro sitio y veremos como tiene respuesta de la ciudadan\u00eda. No hay fecha. <\/span><\/p>\n<p class=\"western\">+++++++++++++<\/p>\n<p class=\"western\">\u201cCAF\u00c9 Y RESTAURANT EL FAROLITO\u201dLo mejor de la cocina Huasteca; el tradicional zacahuil y cazueladas .Atendemos toda clase de festejos. Pedidos al Tel 3821017 Ciudad Valles SLP<\/p>\n<p class=\"western\">+++++++++++++<\/p>\n<p class=\"western\"><span style=\"color: #2c2f34;\">DE VOLADA.-<\/span><\/p>\n<p class=\"western\"><span style=\"color: #2c2f34;\">La capital vestida de azul \u2026\u2026<\/span><\/p>\n<p class=\"western\"><span style=\"color: #2c2f34;\">A CUATRO HORAS por carretera desde la Metr\u00f3poli Huasteca, est\u00e1 la capital del estado, todo es diferente, el progreso y desarrollo social a la vista de quienes viajamos de la Huasteca (que tambi\u00e9n es Potosina). Nos llam\u00f3 mucho la atenci\u00f3n observar bardas, espectaculares y espacios diversos con publicidad de la pr<\/span><span style=\"color: #2c2f34;\">e<\/span><span style=\"color: #2c2f34;\">candidata del PRIANrd que reci\u00e9n visit\u00f3 la capital Tunera y de la abanderada de Morena casi nada\u2026 la respuesta es l\u00f3gica, la ciudad capital ysu zona conurbada es reducto panista\u2026Cuidado.<\/span><\/p>\n<p class=\"western\"><span style=\"color: #2c2f34;\">+++++<\/span><\/p>\n<p class=\"western\"><span style=\"color: #050505;\">\u00a1\u00a1ALERTA..,ALERTA!! <\/span><\/p>\n<p class=\"western\"><span style=\"color: #050505;\">(Bolet\u00edn Urgente. Publicado en redes sociales)<\/span><\/p>\n<p class=\"western\"><span style=\"color: #050505;\">En las pescader\u00edas de Valles y la Huasteca est\u00e1n metiendo este tipo de pescado muy barato para venderlos.<\/span><\/p>\n<p class=\"western\"><span style=\"color: #050505;\">Por favor no se dejen sorprender porque muy peligroso comerlos en esta temporada ya que si consumes m\u00e1s de 2 podr\u00edas resultar fuertemente embriagado.<\/span><\/p>\n<p class=\"western\"><span style=\"color: #050505;\">Esto, debido a que en estas fechas decembrinas los peces beben y beben y vuelven a beber.<\/span><\/p>\n<p class=\"western\"><span style=\"color: #050505;\">Que Tengan Un Hermoso Diciembre Mes de Amor y Paz..<\/span><\/p>\n<p class=\"western\"><span style=\"color: #050505;\">Fomentemos la lectura&#8230;&#8230;&#8230;<\/span> <span style=\"color: #0000ff;\"><u><a href=\"mailto:davidfloresservicios@hotmail.com\"><span style=\"font-family: 'Arial Rounded MT Bold', serif;\"><span style=\"font-size: medium;\"><b>davidfloresservicios@hotmail.com<\/b><\/span><\/span><\/a><\/u><\/span><\/p>\n<p class=\"western\">hasta la pr\u00f3xima semana.<\/p>\n<p class=\"western\">\n<p class=\"western\">\n<p class=\"western\">\n","protected":false},"excerpt":{"rendered":"<p>CONFIRMAN DENUNCIAS CONTRA EX FUNCIONARIOS CARRERISTAS. Hace dos semanas aqu\u00ed publicamos sobre las investigaciones que la Fiscal\u00eda del Estado realiza en torno a fraudes millonarios que habr\u00edan cometido funcionarios de la CEA en la pasada administraci\u00f3n estatal, ahora son confirmados por el Gobernador, se\u00f1alando a &hellip; <\/p>\n","protected":false},"author":1,"featured_media":88230,"comment_status":"open","ping_status":"open","sticky":false,"template":"","format":"standard","meta":{"footnotes":""},"categories":[17,4],"tags":[],"class_list":["post-91401","post","type-post","status-publish","format-standard","has-post-thumbnail","hentry","category-colaboraciones","category-inicio"],"_links":{"self":[{"href":"https:\/\/amanecerhuasteco.com\/portal\/wp-json\/wp\/v2\/posts\/91401","targetHints":{"allow":["GET"]}}],"collection":[{"href":"https:\/\/amanecerhuasteco.com\/portal\/wp-json\/wp\/v2\/posts"}],"about":[{"href":"https:\/\/amanecerhuasteco.com\/portal\/wp-json\/wp\/v2\/types\/post"}],"author":[{"embeddable":true,"href":"https:\/\/amanecerhuasteco.com\/portal\/wp-json\/wp\/v2\/users\/1"}],"replies":[{"embeddable":true,"href":"https:\/\/amanecerhuasteco.com\/portal\/wp-json\/wp\/v2\/comments?post=91401"}],"version-history":[{"count":1,"href":"https:\/\/amanecerhuasteco.com\/portal\/wp-json\/wp\/v2\/posts\/91401\/revisions"}],"predecessor-version":[{"id":91402,"href":"https:\/\/amanecerhuasteco.com\/portal\/wp-json\/wp\/v2\/posts\/91401\/revisions\/91402"}],"wp:featuredmedia":[{"embeddable":true,"href":"https:\/\/amanecerhuasteco.com\/portal\/wp-json\/wp\/v2\/media\/88230"}],"wp:attachment":[{"href":"https:\/\/amanecerhuasteco.com\/portal\/wp-json\/wp\/v2\/media?parent=91401"}],"wp:term":[{"taxonomy":"category","embeddable":true,"href":"https:\/\/amanecerhuasteco.com\/portal\/wp-json\/wp\/v2\/categories?post=91401"},{"taxonomy":"post_tag","embeddable":true,"href":"https:\/\/amanecerhuasteco.com\/portal\/wp-json\/wp\/v2\/tags?post=91401"}],"curies":[{"name":"wp","href":"https:\/\/api.w.org\/{rel}","templated":true}]}}