{"id":91405,"date":"2023-12-23T12:30:45","date_gmt":"2023-12-23T18:30:45","guid":{"rendered":"http:\/\/amanecerhuasteco.com\/portal\/?p=91405"},"modified":"2023-12-23T12:30:45","modified_gmt":"2023-12-23T18:30:45","slug":"buscan-que-las-campanas-de-salud-sean-difundidas-en-lenguas-indigenas","status":"publish","type":"post","link":"https:\/\/amanecerhuasteco.com\/portal\/buscan-que-las-campanas-de-salud-sean-difundidas-en-lenguas-indigenas\/","title":{"rendered":"Buscan que las campa\u00f1as de salud sean difundidas en lenguas ind\u00edgenas"},"content":{"rendered":"<p class=\"western\" lang=\"es-ES\" align=\"center\"><span style=\"font-family: Verdana, sans-serif;\"><b>BUSCAN QUE LAS CAMPA\u00d1AS DE SALUD SEAN DIFUNDIDAS EN LENGUAS IND\u00cdGENAS: LA DIP. EMMA IDALIA SALDA\u00d1A GUERRERO<\/b><\/span><\/p>\n<p class=\"western\" lang=\"es-ES\" align=\"center\"><span style=\"font-family: Verdana, sans-serif;\"><span style=\"font-size: small;\"><b>IMPULSA UNA INICIATIVA DE REFORMA LA LEY REGLAMENTARIA DEL ART\u00cdCULO 9\u00b0 DE LA CONSTITUCI\u00d3N POL\u00cdTICA DEL ESTADO, SOBRE LOS DERECHOS Y LA CULTURA IND\u00cdGENA<\/b><\/span><\/span><\/p>\n<p class=\"western\" lang=\"es-ES\" align=\"justify\"><span style=\"font-family: Verdana, sans-serif;\">La diputada Emma Idalia Salda\u00f1a Guerrero, impulsa una iniciativa con Proyecto de Decreto que plantea adicionar un segundo p\u00e1rrafo al art\u00edculo 42 de la Ley Reglamentaria del Art\u00edculo 9\u00b0 de la Constituci\u00f3n Pol\u00edtica del Estado, sobre los Derechos y la Cultura Ind\u00edgena.<\/span><\/p>\n<p class=\"western\" lang=\"es-ES\" align=\"justify\"><span style=\"font-family: Verdana, sans-serif;\">El objetivo es que la informaci\u00f3n y orientaci\u00f3n sobre las campa\u00f1as de salud, de vacunaci\u00f3n, de atenci\u00f3n preventiva, y en caso de epidemias y pandemias ser\u00e1n difundidas en las lenguas ind\u00edgenas que se hablen en la territorialidad donde se lleven a cabo.<\/span><\/p>\n<p class=\"western\" lang=\"es-ES\" align=\"justify\"><span style=\"font-family: Verdana, sans-serif;\">La iniciativa plantea adicionar un segundo p\u00e1rrafo al art\u00edculo 42 de la Ley Reglamentaria del Art\u00edculo 9\u00b0 de la Constituci\u00f3n Pol\u00edtica del Estado, sobre los Derechos y la Cultura Ind\u00edgena, para quedar como sigue: \u201cLa autoridad comunitaria ser\u00e1 informada y participar\u00e1 en las campa\u00f1as de salud, vacunaci\u00f3n y aquellas referidas a la atenci\u00f3n preventiva de la salud y, en su caso, en las acciones normativas y adecuadas frente a la aparici\u00f3n de epidemias o pandemias\u201d.<\/span><\/p>\n<p class=\"western\" lang=\"es-ES\" align=\"justify\">\u201c<span style=\"font-family: Verdana, sans-serif;\">La informaci\u00f3n y orientaci\u00f3n sobre las acciones referidas en el p\u00e1rrafo anterior, ser\u00e1n difundidas en las lenguas ind\u00edgenas que se hablen en la territorialidad donde se lleven a cabo\u201d.<\/span><\/p>\n<p class=\"western\" lang=\"es-ES\" align=\"justify\"><span style=\"font-family: Verdana, sans-serif;\">La diputada Emma Idalia Salda\u00f1a Guerrero, se\u00f1al\u00f3 que es importante que se elaboraren las campa\u00f1as de salud en leguas ind\u00edgenas, ya que de acuerdo a informaci\u00f3n del Consejo Estatal de Poblaci\u00f3n (COESPO(, en la entidad existen 231 mil 213 personas de 3 a\u00f1os y m\u00e1s que hablan alguna lengua ind\u00edgena, esta cantidad representa el 8.6% del total de la poblaci\u00f3n de 3 a\u00f1os y m\u00e1s en el estado, ubic\u00e1ndonos en el noveno lugar a nivel nacional con poblaci\u00f3n ind\u00edgena.<\/span><\/p>\n<p class=\"western\" lang=\"es-ES\" align=\"justify\"><span style=\"font-family: Verdana, sans-serif;\">La iniciativa fue turnada a comisiones para su an\u00e1lisis y posible aprobaci\u00f3n.<\/span><\/p>\n","protected":false},"excerpt":{"rendered":"<p>BUSCAN QUE LAS CAMPA\u00d1AS DE SALUD SEAN DIFUNDIDAS EN LENGUAS IND\u00cdGENAS: LA DIP. EMMA IDALIA SALDA\u00d1A GUERRERO IMPULSA UNA INICIATIVA DE REFORMA LA LEY REGLAMENTARIA DEL ART\u00cdCULO 9\u00b0 DE LA CONSTITUCI\u00d3N POL\u00cdTICA DEL ESTADO, SOBRE LOS DERECHOS Y LA CULTURA IND\u00cdGENA La diputada Emma Idalia &hellip; <\/p>\n","protected":false},"author":1,"featured_media":91406,"comment_status":"open","ping_status":"open","sticky":false,"template":"","format":"standard","meta":{"footnotes":""},"categories":[23,11,4],"tags":[],"class_list":["post-91405","post","type-post","status-publish","format-standard","has-post-thumbnail","hentry","category-congreso","category-estado","category-inicio"],"_links":{"self":[{"href":"https:\/\/amanecerhuasteco.com\/portal\/wp-json\/wp\/v2\/posts\/91405","targetHints":{"allow":["GET"]}}],"collection":[{"href":"https:\/\/amanecerhuasteco.com\/portal\/wp-json\/wp\/v2\/posts"}],"about":[{"href":"https:\/\/amanecerhuasteco.com\/portal\/wp-json\/wp\/v2\/types\/post"}],"author":[{"embeddable":true,"href":"https:\/\/amanecerhuasteco.com\/portal\/wp-json\/wp\/v2\/users\/1"}],"replies":[{"embeddable":true,"href":"https:\/\/amanecerhuasteco.com\/portal\/wp-json\/wp\/v2\/comments?post=91405"}],"version-history":[{"count":1,"href":"https:\/\/amanecerhuasteco.com\/portal\/wp-json\/wp\/v2\/posts\/91405\/revisions"}],"predecessor-version":[{"id":91407,"href":"https:\/\/amanecerhuasteco.com\/portal\/wp-json\/wp\/v2\/posts\/91405\/revisions\/91407"}],"wp:featuredmedia":[{"embeddable":true,"href":"https:\/\/amanecerhuasteco.com\/portal\/wp-json\/wp\/v2\/media\/91406"}],"wp:attachment":[{"href":"https:\/\/amanecerhuasteco.com\/portal\/wp-json\/wp\/v2\/media?parent=91405"}],"wp:term":[{"taxonomy":"category","embeddable":true,"href":"https:\/\/amanecerhuasteco.com\/portal\/wp-json\/wp\/v2\/categories?post=91405"},{"taxonomy":"post_tag","embeddable":true,"href":"https:\/\/amanecerhuasteco.com\/portal\/wp-json\/wp\/v2\/tags?post=91405"}],"curies":[{"name":"wp","href":"https:\/\/api.w.org\/{rel}","templated":true}]}}