{"id":91408,"date":"2023-12-23T12:44:42","date_gmt":"2023-12-23T18:44:42","guid":{"rendered":"http:\/\/amanecerhuasteco.com\/portal\/?p=91408"},"modified":"2023-12-23T12:44:42","modified_gmt":"2023-12-23T18:44:42","slug":"en-2023-se-atendieron-31-incendios-forestales","status":"publish","type":"post","link":"https:\/\/amanecerhuasteco.com\/portal\/en-2023-se-atendieron-31-incendios-forestales\/","title":{"rendered":"En 2023 se atendieron 31 incendios forestales"},"content":{"rendered":"<p>&nbsp;<\/p>\n<p>\u2022 Protecci\u00f3n Civil Estatal, informa que San Luis Potos\u00ed se encuentra entre los tres Estados menos afectados a nivel nacional, gracias a la respuesta oportuna ante el reporte de estos siniestros.<\/p>\n<p>San Luis Potos\u00ed se posicion\u00f3 entre los tres Estados menos afectados por incendios forestales a nivel nacional durante 2023 con 31 casos, resultado de un trabajo coordinado de atenci\u00f3n, vigilancia y prevenci\u00f3n por parte de las diferentes dependencias federales, estatales, municipales y grupos voluntarios.<br \/>\nEn sesi\u00f3n del Comit\u00e9 del Manejo del Fuego, el titular de la Coordinaci\u00f3n Estatal de Protecci\u00f3n Civil (CEPC), Mauricio Ordaz Flores, dijo que, en seguimiento a la instrucci\u00f3n del Gobernador Ricardo Gallardo Cardona de brindar una respuesta oportuna ante el registro de un siniestro, hubo una afectaci\u00f3n de 473.06 hect\u00e1reas.<br \/>\nDetall\u00f3 que los municipios m\u00e1s afectados por incendios forestales este 2023 fueron: en la Huasteca, Tamasopo, con 25.32 hect\u00e1reas; en las regiones Media, Rioverde, con 56.3 hect\u00e1reas y Centro, Santa Mar\u00eda del R\u00edo, con 89.89 hect\u00e1reas, mientras que, en el Altiplano, Matehuala con 107.39 hect\u00e1reas.<br \/>\nLas causas de generaci\u00f3n de incendios durante este a\u00f1o fueron las actividades agr\u00edcolas y causas naturales con un 23 por ciento, causas desconocidas un 29 por ciento, quema de basura un 7 por ciento y el resto son por fumadores, transportes, fogatas, actividades pecuarias e intencionales, por lo que confi\u00f3 a que el trabajo coordinado se fortalecer\u00e1 en el 2024, para seguir conservando nuestras \u00e1reas naturales protegidas de lo devastador que puede ser el fuego.<\/p>\n","protected":false},"excerpt":{"rendered":"<p>&nbsp; \u2022 Protecci\u00f3n Civil Estatal, informa que San Luis Potos\u00ed se encuentra entre los tres Estados menos afectados a nivel nacional, gracias a la respuesta oportuna ante el reporte de estos siniestros. San Luis Potos\u00ed se posicion\u00f3 entre los tres Estados menos afectados por incendios &hellip; <\/p>\n","protected":false},"author":1,"featured_media":91409,"comment_status":"open","ping_status":"open","sticky":false,"template":"","format":"standard","meta":{"footnotes":""},"categories":[7,11,4,12,5],"tags":[],"class_list":["post-91408","post","type-post","status-publish","format-standard","has-post-thumbnail","hentry","category-ciudad","category-estado","category-inicio","category-nacional","category-politica"],"_links":{"self":[{"href":"https:\/\/amanecerhuasteco.com\/portal\/wp-json\/wp\/v2\/posts\/91408","targetHints":{"allow":["GET"]}}],"collection":[{"href":"https:\/\/amanecerhuasteco.com\/portal\/wp-json\/wp\/v2\/posts"}],"about":[{"href":"https:\/\/amanecerhuasteco.com\/portal\/wp-json\/wp\/v2\/types\/post"}],"author":[{"embeddable":true,"href":"https:\/\/amanecerhuasteco.com\/portal\/wp-json\/wp\/v2\/users\/1"}],"replies":[{"embeddable":true,"href":"https:\/\/amanecerhuasteco.com\/portal\/wp-json\/wp\/v2\/comments?post=91408"}],"version-history":[{"count":1,"href":"https:\/\/amanecerhuasteco.com\/portal\/wp-json\/wp\/v2\/posts\/91408\/revisions"}],"predecessor-version":[{"id":91410,"href":"https:\/\/amanecerhuasteco.com\/portal\/wp-json\/wp\/v2\/posts\/91408\/revisions\/91410"}],"wp:featuredmedia":[{"embeddable":true,"href":"https:\/\/amanecerhuasteco.com\/portal\/wp-json\/wp\/v2\/media\/91409"}],"wp:attachment":[{"href":"https:\/\/amanecerhuasteco.com\/portal\/wp-json\/wp\/v2\/media?parent=91408"}],"wp:term":[{"taxonomy":"category","embeddable":true,"href":"https:\/\/amanecerhuasteco.com\/portal\/wp-json\/wp\/v2\/categories?post=91408"},{"taxonomy":"post_tag","embeddable":true,"href":"https:\/\/amanecerhuasteco.com\/portal\/wp-json\/wp\/v2\/tags?post=91408"}],"curies":[{"name":"wp","href":"https:\/\/api.w.org\/{rel}","templated":true}]}}