{"id":91466,"date":"2023-12-26T18:22:30","date_gmt":"2023-12-27T00:22:30","guid":{"rendered":"http:\/\/amanecerhuasteco.com\/portal\/?p=91466"},"modified":"2023-12-26T18:22:30","modified_gmt":"2023-12-27T00:22:30","slug":"dif-brinda-apoyo-en-transporte-gratuito-a-personas-con-discapacidad","status":"publish","type":"post","link":"https:\/\/amanecerhuasteco.com\/portal\/dif-brinda-apoyo-en-transporte-gratuito-a-personas-con-discapacidad\/","title":{"rendered":"DIF brinda apoyo en transporte gratuito a personas con discapacidad"},"content":{"rendered":"<p>&nbsp;<\/p>\n<p>\u2022 La dependencia estatal invita realizar el tr\u00e1mite correspondiente de la tarjeta de transporte, en el Centro de Rehabilitaci\u00f3n y Educaci\u00f3n Especial (CREE).<\/p>\n<p>Gracias a la gesti\u00f3n de Ruth Gonz\u00e1lez Silva, presidenta honoraria del Sistema Estatal para el Desarrollo Integral de la Familia (DIF), se logr\u00f3 un importante avance para la eliminaci\u00f3n de barreras en el transporte para las personas con discapacidad, quienes a diario enfrentan dificultades en su movilidad, al brindar apoyo con transporte adaptado, c\u00f3modo, seguro y gratuito.<br \/>\nGonz\u00e1lez Silva invit\u00f3 a la poblaci\u00f3n interesada en acceder a este beneficio a realizar el tr\u00e1mite correspondiente para obtener la tarjeta de transporte, en las instalaciones del Centro de Rehabilitaci\u00f3n y Educaci\u00f3n Especial (CREE), portando la siguiente documentaci\u00f3n: Certificado de Discapacidad, INE, CURP, as\u00ed como llenar el formato de Apoyo a Transporte, disponible para descargar en la p\u00e1gina oficial del DIF.<br \/>\nPuntualiz\u00f3 que esta tarjeta garantiza la gratuidad del servicio de transporte urbano para las personas con discapacidad, incluida MetroRed.<br \/>\nMencion\u00f3 que, en atenci\u00f3n a la instrucci\u00f3n del Gobernador del Estado, Ricardo Gallardo Cardona, esta iniciativa se trabaja en colaboraci\u00f3n con la Secretar\u00eda de Comunicaciones y Transportes (SCT) para promover el bienestar de las familias potosinas, ya que este apoyo tambi\u00e9n se extiende para personas adultas mayores y madres solteras.<\/p>\n","protected":false},"excerpt":{"rendered":"<p>&nbsp; \u2022 La dependencia estatal invita realizar el tr\u00e1mite correspondiente de la tarjeta de transporte, en el Centro de Rehabilitaci\u00f3n y Educaci\u00f3n Especial (CREE). Gracias a la gesti\u00f3n de Ruth Gonz\u00e1lez Silva, presidenta honoraria del Sistema Estatal para el Desarrollo Integral de la Familia (DIF), &hellip; <\/p>\n","protected":false},"author":1,"featured_media":91467,"comment_status":"open","ping_status":"open","sticky":false,"template":"","format":"standard","meta":{"footnotes":""},"categories":[7,11,4,12,5],"tags":[],"class_list":["post-91466","post","type-post","status-publish","format-standard","has-post-thumbnail","hentry","category-ciudad","category-estado","category-inicio","category-nacional","category-politica"],"_links":{"self":[{"href":"https:\/\/amanecerhuasteco.com\/portal\/wp-json\/wp\/v2\/posts\/91466","targetHints":{"allow":["GET"]}}],"collection":[{"href":"https:\/\/amanecerhuasteco.com\/portal\/wp-json\/wp\/v2\/posts"}],"about":[{"href":"https:\/\/amanecerhuasteco.com\/portal\/wp-json\/wp\/v2\/types\/post"}],"author":[{"embeddable":true,"href":"https:\/\/amanecerhuasteco.com\/portal\/wp-json\/wp\/v2\/users\/1"}],"replies":[{"embeddable":true,"href":"https:\/\/amanecerhuasteco.com\/portal\/wp-json\/wp\/v2\/comments?post=91466"}],"version-history":[{"count":1,"href":"https:\/\/amanecerhuasteco.com\/portal\/wp-json\/wp\/v2\/posts\/91466\/revisions"}],"predecessor-version":[{"id":91468,"href":"https:\/\/amanecerhuasteco.com\/portal\/wp-json\/wp\/v2\/posts\/91466\/revisions\/91468"}],"wp:featuredmedia":[{"embeddable":true,"href":"https:\/\/amanecerhuasteco.com\/portal\/wp-json\/wp\/v2\/media\/91467"}],"wp:attachment":[{"href":"https:\/\/amanecerhuasteco.com\/portal\/wp-json\/wp\/v2\/media?parent=91466"}],"wp:term":[{"taxonomy":"category","embeddable":true,"href":"https:\/\/amanecerhuasteco.com\/portal\/wp-json\/wp\/v2\/categories?post=91466"},{"taxonomy":"post_tag","embeddable":true,"href":"https:\/\/amanecerhuasteco.com\/portal\/wp-json\/wp\/v2\/tags?post=91466"}],"curies":[{"name":"wp","href":"https:\/\/api.w.org\/{rel}","templated":true}]}}