{"id":91481,"date":"2023-12-27T10:43:25","date_gmt":"2023-12-27T16:43:25","guid":{"rendered":"http:\/\/amanecerhuasteco.com\/portal\/?p=91481"},"modified":"2023-12-27T10:43:25","modified_gmt":"2023-12-27T16:43:25","slug":"en-comisiones-aprueban-cambio-de-nombre-de-la-sct-por-la-de-secretaria-de-comunicaciones-transportes-y-movilidad","status":"publish","type":"post","link":"https:\/\/amanecerhuasteco.com\/portal\/en-comisiones-aprueban-cambio-de-nombre-de-la-sct-por-la-de-secretaria-de-comunicaciones-transportes-y-movilidad\/","title":{"rendered":"En Comisiones aprueban cambio de nombre de la SCT, por la de Secretaria de Comunicaciones, Transportes y Movilidad"},"content":{"rendered":"<p class=\"western\" lang=\"es-ES\" align=\"center\">\n<p class=\"western\" lang=\"es-ES\" align=\"center\"><span style=\"font-family: Verdana, sans-serif;\"><span style=\"font-size: small;\"><b>EL OBJETIVO ES FORTALECER A LA SCT QUE TENDR\u00c1 UN ROL FUNDAMENTAL PARA LA IMPLEMENTACI\u00d3N DE LA NUEVA LEY GENERAL DE MOVILIDAD Y SEGURIDAD VIAL: DIP. JOS\u00c9 ANTONIO LORCA VALLE<\/b><\/span><\/span><\/p>\n<p class=\"western\" lang=\"es-ES\" align=\"justify\"><span style=\"font-family: Verdana, sans-serif;\">La Comisi\u00f3n de Desarrollo Econ\u00f3mico y Social de la LXIII Legislatura local, aprob\u00f3 el dictamen de la iniciativa que propone modificar la denominaci\u00f3n actual de la Secretar\u00eda de Comunicaciones y Transportes, por el de Secretar\u00eda de Comunicaciones, Transportes y Movilidad. Aunque ello, represent\u00f3 que se aplicar\u00e1n una serie de reformas y adiciones a la Ley Org\u00e1nica de la Administraci\u00f3n P\u00fablica del Estado de San Luis Potos\u00ed; Ley de Transporte P\u00fablico; Ley de Cambio Clim\u00e1tico; Ley de Hacienda para el Estado; Ley de Ordenamiento Territorial y Desarrollo Urbano del Estado de San Luis Potos\u00ed.<\/span><\/p>\n<p class=\"western\" lang=\"es-ES\" align=\"justify\"><span style=\"font-family: Verdana, sans-serif;\">Esta iniciativa que, present\u00f3 el diputado Jos\u00e9 Antonio Lorca Valles, plantea que la Secretar\u00eda de Comunicaciones y Transportes, que tendr\u00e1 un rol fundamental para la implementaci\u00f3n de la nueva Ley General de Movilidad y Seguridad Vial, a efecto de establecer y aplicar la pol\u00edtica de desarrollo de transporte en el Estado, y formular el programa estatal respectivo, as\u00ed como vigilar todo lo relativo al transporte p\u00fablico en el Estado, y lo anterior, sin contar con las nuevas atribuciones que tendr\u00e1 en materia de movilidad. <\/span><\/p>\n<p class=\"western\" lang=\"es-ES\" align=\"justify\"><span style=\"font-family: Verdana, sans-serif;\">De ese modo, el objetivo de la reforma a diversas leyes en el \u00e1mbito local es modificar la denominaci\u00f3n de la Secretar\u00eda de Estado actual, por el de Secretar\u00eda de Comunicaciones, Transportes y Movilidad, lo que consignar\u00e1 el nuevo enfoque propuesto por la Ley General mencionada. Justific\u00f3 que, \u201cla modificaci\u00f3n del nombre no solamente es un t\u00e9rmino, sino que se fundamenta en el nuevo alcance de las atribuciones que tendr\u00e1 la Secretar\u00eda sobre distintas materias\u201d. <\/span><\/p>\n<p class=\"western\" lang=\"es-ES\" align=\"justify\"><span style=\"font-family: Verdana, sans-serif;\">Adem\u00e1s, se expuso que una vez que el dictamen sea aprobado en el Pleno del Congreso del Estado, el Decreto entrar\u00e1 en vigor al d\u00eda siguiente de su publicaci\u00f3n en el Peri\u00f3dico Oficial del Estado \u00abPlan de San Luis\u00bb. Mientras que en lo que se refiere a los transitorios se establece que \u201ctodas las referencias que hagan menci\u00f3n a la Secretar\u00eda de Comunicaciones y Transportes contenidas en las leyes y normatividad vigente, se entender\u00e1n realizadas a la Secretar\u00eda de Comunicaciones, Transportes y Movilidad.<\/span><\/p>\n<p class=\"western\" lang=\"es-ES\" align=\"justify\"><span style=\"font-family: Verdana, sans-serif;\">La reuni\u00f3n de trabajo estuvo encabezada por el presidente de la Comisi\u00f3n de Desarrollo Econ\u00f3mico y Social, diputado Jos\u00e9 Antonio Lorca Valle, secretario diputado, Jos\u00e9 Ram\u00f3n Torres Garc\u00eda, y los vocales; diputada Dolores Eliza Garc\u00eda Rom\u00e1n, y Roberto Ulices Mendoza Padr\u00f3n.<\/span><\/p>\n","protected":false},"excerpt":{"rendered":"<p>EL OBJETIVO ES FORTALECER A LA SCT QUE TENDR\u00c1 UN ROL FUNDAMENTAL PARA LA IMPLEMENTACI\u00d3N DE LA NUEVA LEY GENERAL DE MOVILIDAD Y SEGURIDAD VIAL: DIP. JOS\u00c9 ANTONIO LORCA VALLE La Comisi\u00f3n de Desarrollo Econ\u00f3mico y Social de la LXIII Legislatura local, aprob\u00f3 el dictamen &hellip; <\/p>\n","protected":false},"author":1,"featured_media":91482,"comment_status":"open","ping_status":"open","sticky":false,"template":"","format":"standard","meta":{"footnotes":""},"categories":[7,11,4,12,5],"tags":[],"class_list":["post-91481","post","type-post","status-publish","format-standard","has-post-thumbnail","hentry","category-ciudad","category-estado","category-inicio","category-nacional","category-politica"],"_links":{"self":[{"href":"https:\/\/amanecerhuasteco.com\/portal\/wp-json\/wp\/v2\/posts\/91481","targetHints":{"allow":["GET"]}}],"collection":[{"href":"https:\/\/amanecerhuasteco.com\/portal\/wp-json\/wp\/v2\/posts"}],"about":[{"href":"https:\/\/amanecerhuasteco.com\/portal\/wp-json\/wp\/v2\/types\/post"}],"author":[{"embeddable":true,"href":"https:\/\/amanecerhuasteco.com\/portal\/wp-json\/wp\/v2\/users\/1"}],"replies":[{"embeddable":true,"href":"https:\/\/amanecerhuasteco.com\/portal\/wp-json\/wp\/v2\/comments?post=91481"}],"version-history":[{"count":1,"href":"https:\/\/amanecerhuasteco.com\/portal\/wp-json\/wp\/v2\/posts\/91481\/revisions"}],"predecessor-version":[{"id":91483,"href":"https:\/\/amanecerhuasteco.com\/portal\/wp-json\/wp\/v2\/posts\/91481\/revisions\/91483"}],"wp:featuredmedia":[{"embeddable":true,"href":"https:\/\/amanecerhuasteco.com\/portal\/wp-json\/wp\/v2\/media\/91482"}],"wp:attachment":[{"href":"https:\/\/amanecerhuasteco.com\/portal\/wp-json\/wp\/v2\/media?parent=91481"}],"wp:term":[{"taxonomy":"category","embeddable":true,"href":"https:\/\/amanecerhuasteco.com\/portal\/wp-json\/wp\/v2\/categories?post=91481"},{"taxonomy":"post_tag","embeddable":true,"href":"https:\/\/amanecerhuasteco.com\/portal\/wp-json\/wp\/v2\/tags?post=91481"}],"curies":[{"name":"wp","href":"https:\/\/api.w.org\/{rel}","templated":true}]}}