{"id":91503,"date":"2023-12-28T08:52:01","date_gmt":"2023-12-28T14:52:01","guid":{"rendered":"http:\/\/amanecerhuasteco.com\/portal\/?p=91503"},"modified":"2023-12-28T08:52:01","modified_gmt":"2023-12-28T14:52:01","slug":"gobierno-promueve-los-derechos-humanos-y-la-igualdad","status":"publish","type":"post","link":"https:\/\/amanecerhuasteco.com\/portal\/gobierno-promueve-los-derechos-humanos-y-la-igualdad\/","title":{"rendered":"Gobierno promueve los derechos humanos y la igualdad"},"content":{"rendered":"<p>&nbsp;<\/p>\n<p>\u2022\u00a0 \u00a0 \u00a0 \u00a0Personal de la Secretar\u00eda de Desarrollo Econ\u00f3mico (Sedeco) y del Centro de Justicia para Mujeres, fue capacitado con el taller \u00abHacia una cultura de igualdad y no discriminaci\u00f3n\u00bb.<\/p>\n<p>En apoyo a las mujeres potosinas para que accedan a espacios libres de violencia y de igualdad de g\u00e9nero, la Oficial\u00eda Mayor del Ejecutivo llev\u00f3 a cabo el curso \u00abHacia una cultura de igualdad y no discriminaci\u00f3n\u00bb, a personal de la Secretar\u00eda de Desarrollo Econ\u00f3mico (Sedeco) y del Centro de Justicia para Mujeres (CJM).<br \/>\nEl titular de la dependencia estatal, No\u00e9 Lara Enr\u00edquez, explic\u00f3 que la dependencia a trav\u00e9s de su \u00e1rea de Desarrollo Humano busca que las y los integrantes de la administraci\u00f3n p\u00fablica estatal adquieran los conocimientos necesarios para mejorar la calidad de los servicios que prestan a la sociedad con m\u00e9todos relacionados con una cultura de igualdad y equidad, tal como lo ha instruido el Gobernador Ricardo Gallardo Cardona.<br \/>\nEl primer curso presencial fue impartido por Mar\u00eda Guadalupe N\u00e1jera Derreza a 12 trabajadores de la Secretar\u00eda de Desarrollo Econ\u00f3mico, donde se busc\u00f3 sensibilizar a quienes atienden a la ciudadan\u00eda, quien tiene todo el derecho de ser tratados con respeto, consideraci\u00f3n y dignidad.<br \/>\nLa segunda capacitaci\u00f3n fue impartida por Maricela Oviedo Ram\u00edrez a 14 servidores p\u00fablicos del Centro de Justicia para Mujeres, donde abordaron como puntos esenciales G\u00e9nero y clase social; Trabajo y G\u00e9nero; Masculinidades y la No discriminaci\u00f3n, donde se analiz\u00f3 de manera cr\u00edtica y desde la perspectiva de los derechos humanos y de g\u00e9nero los impactos de la desigualdad y la discriminaci\u00f3n en la sociedad.<\/p>\n","protected":false},"excerpt":{"rendered":"<p>&nbsp; \u2022\u00a0 \u00a0 \u00a0 \u00a0Personal de la Secretar\u00eda de Desarrollo Econ\u00f3mico (Sedeco) y del Centro de Justicia para Mujeres, fue capacitado con el taller \u00abHacia una cultura de igualdad y no discriminaci\u00f3n\u00bb. En apoyo a las mujeres potosinas para que accedan a espacios libres de &hellip; <\/p>\n","protected":false},"author":1,"featured_media":91504,"comment_status":"open","ping_status":"open","sticky":false,"template":"","format":"standard","meta":{"footnotes":""},"categories":[7,11,4,12,5],"tags":[],"class_list":["post-91503","post","type-post","status-publish","format-standard","has-post-thumbnail","hentry","category-ciudad","category-estado","category-inicio","category-nacional","category-politica"],"_links":{"self":[{"href":"https:\/\/amanecerhuasteco.com\/portal\/wp-json\/wp\/v2\/posts\/91503","targetHints":{"allow":["GET"]}}],"collection":[{"href":"https:\/\/amanecerhuasteco.com\/portal\/wp-json\/wp\/v2\/posts"}],"about":[{"href":"https:\/\/amanecerhuasteco.com\/portal\/wp-json\/wp\/v2\/types\/post"}],"author":[{"embeddable":true,"href":"https:\/\/amanecerhuasteco.com\/portal\/wp-json\/wp\/v2\/users\/1"}],"replies":[{"embeddable":true,"href":"https:\/\/amanecerhuasteco.com\/portal\/wp-json\/wp\/v2\/comments?post=91503"}],"version-history":[{"count":1,"href":"https:\/\/amanecerhuasteco.com\/portal\/wp-json\/wp\/v2\/posts\/91503\/revisions"}],"predecessor-version":[{"id":91505,"href":"https:\/\/amanecerhuasteco.com\/portal\/wp-json\/wp\/v2\/posts\/91503\/revisions\/91505"}],"wp:featuredmedia":[{"embeddable":true,"href":"https:\/\/amanecerhuasteco.com\/portal\/wp-json\/wp\/v2\/media\/91504"}],"wp:attachment":[{"href":"https:\/\/amanecerhuasteco.com\/portal\/wp-json\/wp\/v2\/media?parent=91503"}],"wp:term":[{"taxonomy":"category","embeddable":true,"href":"https:\/\/amanecerhuasteco.com\/portal\/wp-json\/wp\/v2\/categories?post=91503"},{"taxonomy":"post_tag","embeddable":true,"href":"https:\/\/amanecerhuasteco.com\/portal\/wp-json\/wp\/v2\/tags?post=91503"}],"curies":[{"name":"wp","href":"https:\/\/api.w.org\/{rel}","templated":true}]}}