{"id":91515,"date":"2023-12-30T12:10:05","date_gmt":"2023-12-30T18:10:05","guid":{"rendered":"http:\/\/amanecerhuasteco.com\/portal\/?p=91515"},"modified":"2023-12-30T12:10:05","modified_gmt":"2023-12-30T18:10:05","slug":"centros-penitenciarios-potosinos-buscaran-certificacion-y-recertificacion-internacional","status":"publish","type":"post","link":"https:\/\/amanecerhuasteco.com\/portal\/centros-penitenciarios-potosinos-buscaran-certificacion-y-recertificacion-internacional\/","title":{"rendered":"Centros Penitenciarios potosinos buscar\u00e1n certificaci\u00f3n y recertificaci\u00f3n internacional"},"content":{"rendered":"<div class=\"xdj266r x11i5rnm xat24cr x1mh8g0r x1vvkbs x126k92a\"><\/div>\n<div dir=\"auto\"><\/div>\n<div class=\"x11i5rnm xat24cr x1mh8g0r x1vvkbs xtlvy1s x126k92a\">\n<div dir=\"auto\">-Durante 2023, se avanz\u00f3 notablemente en la dignificaci\u00f3n del sistema penitenciario<\/div>\n<\/div>\n<div class=\"x11i5rnm xat24cr x1mh8g0r x1vvkbs xtlvy1s x126k92a\">\n<div dir=\"auto\">Los cinco centros penitenciarios estar\u00e1n buscando su certificaci\u00f3n y recertificaci\u00f3n de acuerdo a los est\u00e1ndares internacionales que marca la Asociaci\u00f3n de Correccionales de Am\u00e9rica, con lo que se estar\u00e1n fortaleciendo los procesos de reinserci\u00f3n en beneficio de las Personas Privadas de la Libertad.<\/div>\n<\/div>\n<div class=\"x11i5rnm xat24cr x1mh8g0r x1vvkbs xtlvy1s x126k92a\">\n<div dir=\"auto\">El Secretario de Seguridad P\u00fablica en el Estado, Guzmar \u00c1ngel Gonz\u00e1lez Castillo, detall\u00f3 que La Pila, Tamazunchale, Tancanhuitz (Centro Penitenciario \u00danico Femenil), Rioverde y Ciudad Valles estar\u00e1n en condiciones de ser inspeccionados por la ACA, por lo cual San Luis Potos\u00ed se convertir\u00eda en un referente nacional por su gesti\u00f3n basada en pol\u00edticas p\u00fablicas que beneficien a las y los PPL\u2019s.<\/div>\n<\/div>\n<div class=\"x11i5rnm xat24cr x1mh8g0r x1vvkbs xtlvy1s x126k92a\">\n<div dir=\"auto\">Record\u00f3 que el sistema penitenciario potosino operaba en condiciones deprimentes y sin ning\u00fan rumbo, \u201ca partir de la actual administraci\u00f3n, se ha apoyado en su recuperaci\u00f3n y en las mejoras sustanciales como el cierre del centro penitenciario de Matehuala, que es una acci\u00f3n concreta y determinante, adem\u00e1s de los traslados de los PPLS a centros penitenciarios federales, nuevas obras de infraestructura y en general los cinco programas que hacen efectiva la reinserci\u00f3n\u201d.<\/div>\n<\/div>\n<div class=\"x11i5rnm xat24cr x1mh8g0r x1vvkbs xtlvy1s x126k92a\">\n<div dir=\"auto\">Paralelamente el personal de seguridad y custodia penitenciaria est\u00e1 en constante capacitaci\u00f3n; este gobierno tambi\u00e9n le apuesta a la actualizaci\u00f3n del personal, un tema que tambi\u00e9n estuvo rezagado en sexenios pasados pero que gracias al inter\u00e9s de la nueva administraci\u00f3n estatal se cuenta con todo el apoyo, finaliz\u00f3.<\/div>\n<\/div>\n","protected":false},"excerpt":{"rendered":"<p>-Durante 2023, se avanz\u00f3 notablemente en la dignificaci\u00f3n del sistema penitenciario Los cinco centros penitenciarios estar\u00e1n buscando su certificaci\u00f3n y recertificaci\u00f3n de acuerdo a los est\u00e1ndares internacionales que marca la Asociaci\u00f3n de Correccionales de Am\u00e9rica, con lo que se estar\u00e1n fortaleciendo los procesos de reinserci\u00f3n &hellip; <\/p>\n","protected":false},"author":1,"featured_media":91516,"comment_status":"open","ping_status":"open","sticky":false,"template":"","format":"standard","meta":{"footnotes":""},"categories":[7,11,4,12,5],"tags":[],"class_list":["post-91515","post","type-post","status-publish","format-standard","has-post-thumbnail","hentry","category-ciudad","category-estado","category-inicio","category-nacional","category-politica"],"_links":{"self":[{"href":"https:\/\/amanecerhuasteco.com\/portal\/wp-json\/wp\/v2\/posts\/91515","targetHints":{"allow":["GET"]}}],"collection":[{"href":"https:\/\/amanecerhuasteco.com\/portal\/wp-json\/wp\/v2\/posts"}],"about":[{"href":"https:\/\/amanecerhuasteco.com\/portal\/wp-json\/wp\/v2\/types\/post"}],"author":[{"embeddable":true,"href":"https:\/\/amanecerhuasteco.com\/portal\/wp-json\/wp\/v2\/users\/1"}],"replies":[{"embeddable":true,"href":"https:\/\/amanecerhuasteco.com\/portal\/wp-json\/wp\/v2\/comments?post=91515"}],"version-history":[{"count":1,"href":"https:\/\/amanecerhuasteco.com\/portal\/wp-json\/wp\/v2\/posts\/91515\/revisions"}],"predecessor-version":[{"id":91517,"href":"https:\/\/amanecerhuasteco.com\/portal\/wp-json\/wp\/v2\/posts\/91515\/revisions\/91517"}],"wp:featuredmedia":[{"embeddable":true,"href":"https:\/\/amanecerhuasteco.com\/portal\/wp-json\/wp\/v2\/media\/91516"}],"wp:attachment":[{"href":"https:\/\/amanecerhuasteco.com\/portal\/wp-json\/wp\/v2\/media?parent=91515"}],"wp:term":[{"taxonomy":"category","embeddable":true,"href":"https:\/\/amanecerhuasteco.com\/portal\/wp-json\/wp\/v2\/categories?post=91515"},{"taxonomy":"post_tag","embeddable":true,"href":"https:\/\/amanecerhuasteco.com\/portal\/wp-json\/wp\/v2\/tags?post=91515"}],"curies":[{"name":"wp","href":"https:\/\/api.w.org\/{rel}","templated":true}]}}