{"id":91550,"date":"2023-12-30T15:15:24","date_gmt":"2023-12-30T21:15:24","guid":{"rendered":"http:\/\/amanecerhuasteco.com\/portal\/?p=91550"},"modified":"2023-12-30T15:15:24","modified_gmt":"2023-12-30T21:15:24","slug":"gobierno-fortalece-capacitacion-en-el-centro-de-conciliacion-laboral","status":"publish","type":"post","link":"https:\/\/amanecerhuasteco.com\/portal\/gobierno-fortalece-capacitacion-en-el-centro-de-conciliacion-laboral\/","title":{"rendered":"Gobierno fortalece capacitaci\u00f3n en el centro de conciliaci\u00f3n laboral"},"content":{"rendered":"<p>&nbsp;<\/p>\n<p>\u2022\u00a0 \u00a0 \u00a0 \u00a0En apoyo al servicio que se brinda a las y los potosinos, la Oficial\u00eda Mayor del Ejecutivo ofreci\u00f3 capacitaci\u00f3n en Normatividad Administrativa<\/p>\n<p>El Gobierno del Estado a trav\u00e9s de la Oficial\u00eda Mayor del Ejecutivo, brind\u00f3 el curso virtual \u201cNormatividad administrativa\u201d, dirigido a las y los servidores p\u00fablicos del Centro de Conciliaci\u00f3n Laboral, con el prop\u00f3sito de que conozcan los instrumentos estatales y poder impactar en la correcta gesti\u00f3n documental en sus \u00e1reas de trabajo.<br \/>\nEn seguimiento a la instrucci\u00f3n del Gobernador de San Luis Potos\u00ed Ricardo Gallardo Cardona de fortalecer la formaci\u00f3n de las y los funcionarios estatales, se ofreci\u00f3 la capacitaci\u00f3n donde se dio a conocer que la Normatividad administrativa es una regla de conducta obligatoria en su cumplimiento que relacionados con la seguridad y la salud en el trabajo.<br \/>\nEl oficial mayor, No\u00e9 Lara Enr\u00edquez, precis\u00f3 que este curso fue impartido por Luis Rodolfo Monreal Acosta, quien pertenece al equipo de instructores de Desarrollo Humano, donde explic\u00f3 a los y las participantes que despu\u00e9s de esta instrucci\u00f3n podr\u00e1n analizar la estructura general que integran la normatividad vigente que rige al archivo administrativo de una organizaci\u00f3n p\u00fablica.<\/p>\n","protected":false},"excerpt":{"rendered":"<p>&nbsp; \u2022\u00a0 \u00a0 \u00a0 \u00a0En apoyo al servicio que se brinda a las y los potosinos, la Oficial\u00eda Mayor del Ejecutivo ofreci\u00f3 capacitaci\u00f3n en Normatividad Administrativa El Gobierno del Estado a trav\u00e9s de la Oficial\u00eda Mayor del Ejecutivo, brind\u00f3 el curso virtual \u201cNormatividad administrativa\u201d, dirigido &hellip; <\/p>\n","protected":false},"author":1,"featured_media":91551,"comment_status":"open","ping_status":"open","sticky":false,"template":"","format":"standard","meta":{"footnotes":""},"categories":[7,11,4,12,5],"tags":[],"class_list":["post-91550","post","type-post","status-publish","format-standard","has-post-thumbnail","hentry","category-ciudad","category-estado","category-inicio","category-nacional","category-politica"],"_links":{"self":[{"href":"https:\/\/amanecerhuasteco.com\/portal\/wp-json\/wp\/v2\/posts\/91550","targetHints":{"allow":["GET"]}}],"collection":[{"href":"https:\/\/amanecerhuasteco.com\/portal\/wp-json\/wp\/v2\/posts"}],"about":[{"href":"https:\/\/amanecerhuasteco.com\/portal\/wp-json\/wp\/v2\/types\/post"}],"author":[{"embeddable":true,"href":"https:\/\/amanecerhuasteco.com\/portal\/wp-json\/wp\/v2\/users\/1"}],"replies":[{"embeddable":true,"href":"https:\/\/amanecerhuasteco.com\/portal\/wp-json\/wp\/v2\/comments?post=91550"}],"version-history":[{"count":1,"href":"https:\/\/amanecerhuasteco.com\/portal\/wp-json\/wp\/v2\/posts\/91550\/revisions"}],"predecessor-version":[{"id":91552,"href":"https:\/\/amanecerhuasteco.com\/portal\/wp-json\/wp\/v2\/posts\/91550\/revisions\/91552"}],"wp:featuredmedia":[{"embeddable":true,"href":"https:\/\/amanecerhuasteco.com\/portal\/wp-json\/wp\/v2\/media\/91551"}],"wp:attachment":[{"href":"https:\/\/amanecerhuasteco.com\/portal\/wp-json\/wp\/v2\/media?parent=91550"}],"wp:term":[{"taxonomy":"category","embeddable":true,"href":"https:\/\/amanecerhuasteco.com\/portal\/wp-json\/wp\/v2\/categories?post=91550"},{"taxonomy":"post_tag","embeddable":true,"href":"https:\/\/amanecerhuasteco.com\/portal\/wp-json\/wp\/v2\/tags?post=91550"}],"curies":[{"name":"wp","href":"https:\/\/api.w.org\/{rel}","templated":true}]}}