{"id":91592,"date":"2024-01-02T09:14:56","date_gmt":"2024-01-02T15:14:56","guid":{"rendered":"http:\/\/amanecerhuasteco.com\/portal\/?p=91592"},"modified":"2024-01-02T09:14:56","modified_gmt":"2024-01-02T15:14:56","slug":"combate-al-cambio-climatico-requiere-acciones-colectivas-dra-patricia-julio-miranda","status":"publish","type":"post","link":"https:\/\/amanecerhuasteco.com\/portal\/combate-al-cambio-climatico-requiere-acciones-colectivas-dra-patricia-julio-miranda\/","title":{"rendered":"Combate al cambio clim\u00e1tico requiere acciones colectivas: Dra. Patricia Julio Miranda\u00a0"},"content":{"rendered":"<div class=\"wide-content-host\">\n<div class=\"Vm3e5 pinIo\">\n<div id=\"UniqueMessageBody\" class=\"ulb23 GNqVo yxtKT allowTextSelection OuGoX\" tabindex=\"-1\" role=\"document\" aria-label=\"Cuerpo del mensaje\">\n<div class=\"rps_f596\">\n<div dir=\"ltr\">\n<div><\/div>\n<div><\/div>\n<div>El fen\u00f3meno del cambio clim\u00e1tico es local y no global, por ello es fundamental que la poblaci\u00f3n de diversas regiones se empodere y sepa en que lo impacta de manera directa, y\/o en diversos aspectos de su vida cotidiana; destaca la doctora Patricia Julio Miranda, investigadora de la Facultad de Ciencias Sociales y Humanidades de la UASLP.<\/div>\n<div><\/div>\n<div>La especialista en vulcanolog\u00eda asegur\u00f3 que, aunque el cambio clim\u00e1tico es todo un fen\u00f3meno de variabilidad del clima, tambi\u00e9n implica aspectos sociales, pues recientemente hay muchos estudios de c\u00f3mo la sociedad a trav\u00e9s del ser humano contribuye a que las condiciones naturales del clima, tengan cambios.<\/div>\n<div><\/div>\n<div>Por ello mencion\u00f3, que las \u00e1reas sociales de la ciencia, deben estar atentas a estudiar la forma en que repercute esa variabilidad clim\u00e1tica en la sociedad; pues a decir de la investigadora universitaria, el clima y la sociedad est\u00e1 \u00edntimamente ligados y hay estudios que han descrito las ca\u00eddas de diversos imperios y la separaci\u00f3n de culturas, ligadas al cambio clim\u00e1tico a trav\u00e9s de la historia humana.<\/div>\n<div><\/div>\n<div>La tambi\u00e9n docente, asegura que es fundamental conocer \u00bfC\u00f3mo podemos entender lo que pasa y Cu\u00e1les son las acciones que podemos realizar para tener menor impacto o adaptarse mejor a ese cambio clim\u00e1tico?<\/div>\n<div><\/div>\n<div>Asegur\u00f3 que una manera de adaptarse, es conocer c\u00f3mo responder a las condiciones diarias del cambio clim\u00e1tico, pues se debe hacer algo, de forma individual y colectiva para estar mejor y que estos cambios o fen\u00f3menos que producen impacten lo menos posible.<\/div>\n<div><\/div>\n<div>En esta situaci\u00f3n, dijo que es fundamental saber que los ciudadanos podemos hacer mucho en lo colectivo, pues tenemos poder para incidir en la sociedad.<\/div>\n<div><\/div>\n<div>Indic\u00f3 que la sociedad civil, tiene un poder que todav\u00eda no descubre en M\u00e9xico, por lo que debe cre\u00e9rsela, para movilizarse de forma creativa e influir en el tema.\u00a0\u201cLas acciones creativas siempre provienen de la sociedad en su colectividad\u201d.<\/div>\n<div><\/div>\n<div>Uno de los ejemplos que indican la presencia del cambio clim\u00e1tico y su presi\u00f3n en la econom\u00eda de las familias, es cuando se encarece alg\u00fan producto, como por ejemplo el lim\u00f3n, muchas de las veces desconocemos que hubo sequ\u00eda o que no hubo suficiente agua, y todo ello pega en el bolsillo.<\/div>\n<div><\/div>\n<p>Es por eso que, s\u00f3lo enfrentando el cambio clim\u00e1tico, buscando opciones en lo colectivo, es como se puede encontrar una soluci\u00f3n a esta clase de problemas, ya que dijo que en estos tiempos, \u201cno podemos pensar que no nos toca, y que no podemos hacer algo\u201d.<\/p><\/div>\n<\/div>\n<\/div>\n<div class=\"g4Y3U\">&#8212;<\/div>\n<\/div>\n<\/div>\n","protected":false},"excerpt":{"rendered":"<p>El fen\u00f3meno del cambio clim\u00e1tico es local y no global, por ello es fundamental que la poblaci\u00f3n de diversas regiones se empodere y sepa en que lo impacta de manera directa, y\/o en diversos aspectos de su vida cotidiana; destaca la doctora Patricia Julio Miranda, &hellip; <\/p>\n","protected":false},"author":1,"featured_media":91593,"comment_status":"open","ping_status":"open","sticky":false,"template":"","format":"standard","meta":{"footnotes":""},"categories":[7,11,4,12,5],"tags":[],"class_list":["post-91592","post","type-post","status-publish","format-standard","has-post-thumbnail","hentry","category-ciudad","category-estado","category-inicio","category-nacional","category-politica"],"_links":{"self":[{"href":"https:\/\/amanecerhuasteco.com\/portal\/wp-json\/wp\/v2\/posts\/91592","targetHints":{"allow":["GET"]}}],"collection":[{"href":"https:\/\/amanecerhuasteco.com\/portal\/wp-json\/wp\/v2\/posts"}],"about":[{"href":"https:\/\/amanecerhuasteco.com\/portal\/wp-json\/wp\/v2\/types\/post"}],"author":[{"embeddable":true,"href":"https:\/\/amanecerhuasteco.com\/portal\/wp-json\/wp\/v2\/users\/1"}],"replies":[{"embeddable":true,"href":"https:\/\/amanecerhuasteco.com\/portal\/wp-json\/wp\/v2\/comments?post=91592"}],"version-history":[{"count":1,"href":"https:\/\/amanecerhuasteco.com\/portal\/wp-json\/wp\/v2\/posts\/91592\/revisions"}],"predecessor-version":[{"id":91594,"href":"https:\/\/amanecerhuasteco.com\/portal\/wp-json\/wp\/v2\/posts\/91592\/revisions\/91594"}],"wp:featuredmedia":[{"embeddable":true,"href":"https:\/\/amanecerhuasteco.com\/portal\/wp-json\/wp\/v2\/media\/91593"}],"wp:attachment":[{"href":"https:\/\/amanecerhuasteco.com\/portal\/wp-json\/wp\/v2\/media?parent=91592"}],"wp:term":[{"taxonomy":"category","embeddable":true,"href":"https:\/\/amanecerhuasteco.com\/portal\/wp-json\/wp\/v2\/categories?post=91592"},{"taxonomy":"post_tag","embeddable":true,"href":"https:\/\/amanecerhuasteco.com\/portal\/wp-json\/wp\/v2\/tags?post=91592"}],"curies":[{"name":"wp","href":"https:\/\/api.w.org\/{rel}","templated":true}]}}