{"id":91599,"date":"2024-01-01T09:19:28","date_gmt":"2024-01-01T15:19:28","guid":{"rendered":"http:\/\/amanecerhuasteco.com\/portal\/?p=91599"},"modified":"2024-01-02T09:20:51","modified_gmt":"2024-01-02T15:20:51","slug":"seguridad-tienen-que-crecer-durante-2024-sspce","status":"publish","type":"post","link":"https:\/\/amanecerhuasteco.com\/portal\/seguridad-tienen-que-crecer-durante-2024-sspce\/","title":{"rendered":"Seguridad tienen que crecer durante 2024: SSPCE"},"content":{"rendered":"<p lang=\"es-ES-u-co-trad\" align=\"justify\">\n<p lang=\"es-ES-u-co-trad\" align=\"justify\">\n<p lang=\"es-ES-u-co-trad\" align=\"justify\"><span style=\"color: #000000;\"><span style=\"font-family: Cambria, serif;\"><span lang=\"es-ES-u-co-trad\"><span style=\"font-family: Arial, serif;\">-Hay responsabilidad, experiencia compromiso y voluntad en todas las <\/span><\/span><span lang=\"es-ES-u-co-trad\"><span style=\"font-family: Arial, serif;\">\u00e1<\/span><\/span><span lang=\"es-ES-u-co-trad\"><span style=\"font-family: Arial, serif;\">reas y direcciones de la Secretar<\/span><\/span><span lang=\"es-ES-u-co-trad\"><span style=\"font-family: Arial, serif;\">\u00ed<\/span><\/span><span lang=\"es-ES-u-co-trad\"><span style=\"font-family: Arial, serif;\">a Estatal de Seguridad <\/span><\/span><\/span><\/span><\/p>\n<p lang=\"es-ES-u-co-trad\" align=\"justify\"><span style=\"color: #000000;\"><span style=\"font-family: Cambria, serif;\"><span lang=\"es-ES-u-co-trad\"><span style=\"font-family: Arial, serif;\">San Luis Potos<\/span><\/span><span lang=\"es-ES-u-co-trad\"><span style=\"font-family: Arial, serif;\">\u00ed<\/span><\/span><span lang=\"es-ES-u-co-trad\"><span style=\"font-family: Arial, serif;\"><span lang=\"it-IT\">, S.L.P.- La Secretar<\/span><\/span><\/span><span lang=\"es-ES-u-co-trad\"><span style=\"font-family: Arial, serif;\">\u00ed<\/span><\/span><span lang=\"es-ES-u-co-trad\"><span style=\"font-family: Arial, serif;\">a de Seguridad y Protecci<\/span><\/span><span lang=\"es-ES-u-co-trad\"><span style=\"font-family: Arial, serif;\">\u00f3<\/span><\/span><span lang=\"es-ES-u-co-trad\"><span style=\"font-family: Arial, serif;\">n Ciudadana Del Estado, continuar<\/span><\/span><span lang=\"es-ES-u-co-trad\"><span style=\"font-family: Arial, serif;\"><span lang=\"pt-PT\">\u00e1 <\/span><\/span><\/span><span lang=\"es-ES-u-co-trad\"><span style=\"font-family: Arial, serif;\"><span lang=\"it-IT\">ponderando la coordinaci<\/span><\/span><\/span><span lang=\"es-ES-u-co-trad\"><span style=\"font-family: Arial, serif;\">\u00f3<\/span><\/span><span lang=\"es-ES-u-co-trad\"><span style=\"font-family: Arial, serif;\">n con autoridades afines de los tres ordenes de Gobierno a efecto de fortalecer la seguridad y seguir ofreciendo los resultados que la sociedad espera, as<\/span><\/span><span lang=\"es-ES-u-co-trad\"><span style=\"font-family: Arial, serif;\">\u00ed lo expres\u00f3 su titular Guzmar \u00c1<\/span><\/span><span lang=\"es-ES-u-co-trad\"><span style=\"font-family: Arial, serif;\">ngel Gonz<\/span><\/span><span lang=\"es-ES-u-co-trad\"><span style=\"font-family: Arial, serif;\">\u00e1lez Castillo.<\/span><\/span><\/span><\/span><\/p>\n<p lang=\"es-ES-u-co-trad\" align=\"justify\"><span style=\"color: #000000;\"><span style=\"font-family: Cambria, serif;\"><span lang=\"es-ES-u-co-trad\"><span style=\"font-family: Arial, serif;\">Se<\/span><\/span><span lang=\"es-ES-u-co-trad\"><span style=\"font-family: Arial, serif;\">\u00f1<\/span><\/span><span lang=\"es-ES-u-co-trad\"><span style=\"font-family: Arial, serif;\">al\u00f3 <\/span><\/span><span lang=\"es-ES-u-co-trad\"><span style=\"font-family: Arial, serif;\">que todas las <\/span><\/span><span lang=\"es-ES-u-co-trad\"><span style=\"font-family: Arial, serif;\">\u00e1<\/span><\/span><span lang=\"es-ES-u-co-trad\"><span style=\"font-family: Arial, serif;\">reas y direcciones de la SSPCE est<\/span><\/span><span lang=\"es-ES-u-co-trad\"><span style=\"font-family: Arial, serif;\">\u00e1<\/span><\/span><span lang=\"es-ES-u-co-trad\"><span style=\"font-family: Arial, serif;\">n listas durante 2024 para trabajar incansablemente, <\/span><\/span><span lang=\"es-ES-u-co-trad\"><span style=\"font-family: Arial, serif;\"><span lang=\"ar-SA\">\u201c<\/span><\/span><\/span><span lang=\"es-ES-u-co-trad\"><span style=\"font-family: Arial, serif;\">recordemos que hay una evaluaci<\/span><\/span><span lang=\"es-ES-u-co-trad\"><span style=\"font-family: Arial, serif;\">\u00f3<\/span><\/span><span lang=\"es-ES-u-co-trad\"><span style=\"font-family: Arial, serif;\">n precisa y constante del Gobernador Ricardo Gallardo respecto al desempe\u00f1o de todas las <\/span><\/span><span lang=\"es-ES-u-co-trad\"><span style=\"font-family: Arial, serif;\">\u00e1<\/span><\/span><span lang=\"es-ES-u-co-trad\"><span style=\"font-family: Arial, serif;\">reas gubernamentales pero sobre todo en los rubros prioritarios<\/span><\/span><span lang=\"es-ES-u-co-trad\"><span style=\"font-family: Arial, serif;\">\u201d.<\/span><\/span><\/span><\/span><\/p>\n<p lang=\"es-ES-u-co-trad\" align=\"justify\"><span style=\"color: #000000;\"><span style=\"font-family: Cambria, serif;\"><span lang=\"es-ES-u-co-trad\"><span style=\"font-family: Arial, serif;\">Cit\u00f3 <\/span><\/span><span lang=\"es-ES-u-co-trad\"><span style=\"font-family: Arial, serif;\">la necesidad de seguir fortaleciendo el <\/span><\/span><span lang=\"es-ES-u-co-trad\"><span style=\"font-family: Arial, serif;\">\u00e1<\/span><\/span><span lang=\"es-ES-u-co-trad\"><span style=\"font-family: Arial, serif;\"><span lang=\"it-IT\">rea de de tecnolog<\/span><\/span><\/span><span lang=\"es-ES-u-co-trad\"><span style=\"font-family: Arial, serif;\">\u00ed<\/span><\/span><span lang=\"es-ES-u-co-trad\"><span style=\"font-family: Arial, serif;\">as, contar con personal debidamente capacitado; adem<\/span><\/span><span lang=\"es-ES-u-co-trad\"><span style=\"font-family: Arial, serif;\">\u00e1<\/span><\/span><span lang=\"es-ES-u-co-trad\"><span style=\"font-family: Arial, serif;\">s de un tema importante como la colocaci<\/span><\/span><span lang=\"es-ES-u-co-trad\"><span style=\"font-family: Arial, serif;\">\u00f3<\/span><\/span><span lang=\"es-ES-u-co-trad\"><span style=\"font-family: Arial, serif;\">n de nuevos arcos lectores de veh<\/span><\/span><span lang=\"es-ES-u-co-trad\"><span style=\"font-family: Arial, serif;\">\u00ed<\/span><\/span><span lang=\"es-ES-u-co-trad\"><span style=\"font-family: Arial, serif;\">culos robados; aunado al mantenimiento de los que ya se tienen.<\/span><\/span><\/span><\/span><\/p>\n<p lang=\"es-ES-u-co-trad\" align=\"justify\"><span style=\"color: #000000;\"><span style=\"font-family: Cambria, serif;\"><span lang=\"es-ES-u-co-trad\"><span style=\"font-family: Arial, serif;\">Tambi<\/span><\/span><span lang=\"es-ES-u-co-trad\"><span style=\"font-family: Arial, serif;\"><span lang=\"fr-FR\">\u00e9<\/span><\/span><\/span><span lang=\"es-ES-u-co-trad\"><span style=\"font-family: Arial, serif;\"><span lang=\"pt-PT\">n se pedir\u00e1 <\/span><\/span><\/span><span lang=\"es-ES-u-co-trad\"><span style=\"font-family: Arial, serif;\">la colaboraci<\/span><\/span><span lang=\"es-ES-u-co-trad\"><span style=\"font-family: Arial, serif;\">\u00f3<\/span><\/span><span lang=\"es-ES-u-co-trad\"><span style=\"font-family: Arial, serif;\">n del sector empresarial para impulsar la colocaci<\/span><\/span><span lang=\"es-ES-u-co-trad\"><span style=\"font-family: Arial, serif;\">\u00f3<\/span><\/span><span lang=\"es-ES-u-co-trad\"><span style=\"font-family: Arial, serif;\"><span lang=\"fr-FR\">n de c<\/span><\/span><\/span><span lang=\"es-ES-u-co-trad\"><span style=\"font-family: Arial, serif;\">\u00e1<\/span><\/span><span lang=\"es-ES-u-co-trad\"><span style=\"font-family: Arial, serif;\">maras de seguridad y alinearlas con el Centro de Coordinaci<\/span><\/span><span lang=\"es-ES-u-co-trad\"><span style=\"font-family: Arial, serif;\">\u00f3<\/span><\/span><span lang=\"es-ES-u-co-trad\"><span style=\"font-family: Arial, serif;\">n, Control, Comando, Comunicaci<\/span><\/span><span lang=\"es-ES-u-co-trad\"><span style=\"font-family: Arial, serif;\">\u00f3<\/span><\/span><span lang=\"es-ES-u-co-trad\"><span style=\"font-family: Arial, serif;\">n y C<\/span><\/span><span lang=\"es-ES-u-co-trad\"><span style=\"font-family: Arial, serif;\">\u00f3mputo, Informaci\u00f3<\/span><\/span><span lang=\"es-ES-u-co-trad\"><span style=\"font-family: Arial, serif;\">n e Inteligencia (C5) y establecerlas en los transportes como la Red Metro.<\/span><\/span><\/span><\/span><\/p>\n<p lang=\"es-ES-u-co-trad\" align=\"justify\"><span style=\"color: #000000;\"><span style=\"font-family: Cambria, serif;\"><span lang=\"es-ES-u-co-trad\"><span style=\"font-family: Arial, serif;\">Preciso que las actividades de vigilancia y prevenci<\/span><\/span><span lang=\"es-ES-u-co-trad\"><span style=\"font-family: Arial, serif;\">\u00f3<\/span><\/span><span lang=\"es-ES-u-co-trad\"><span style=\"font-family: Arial, serif;\"><span lang=\"pt-PT\">n se continuar<\/span><\/span><\/span><span lang=\"es-ES-u-co-trad\"><span style=\"font-family: Arial, serif;\">\u00e1<\/span><\/span><span lang=\"es-ES-u-co-trad\"><span style=\"font-family: Arial, serif;\">n realizando en todo el Estado, como lo son en los centros escolares de todos los niveles, adem<\/span><\/span><span lang=\"es-ES-u-co-trad\"><span style=\"font-family: Arial, serif;\">\u00e1<\/span><\/span><span lang=\"es-ES-u-co-trad\"><span style=\"font-family: Arial, serif;\">s de redoblar esfuerzos en materia de prevenci<\/span><\/span><span lang=\"es-ES-u-co-trad\"><span style=\"font-family: Arial, serif;\">\u00f3<\/span><\/span><span lang=\"es-ES-u-co-trad\"><span style=\"font-family: Arial, serif;\">n y proximidad social con padres de familia y maestros y seguir estableciendo medidas preventivas y de autocuidado para la ciudadan<\/span><\/span><span lang=\"es-ES-u-co-trad\"><span style=\"font-family: Arial, serif;\">\u00eda. <\/span><\/span><\/span><\/span><\/p>\n<p lang=\"es-ES-u-co-trad\" align=\"justify\"><span style=\"color: #000000;\"><span style=\"font-family: Cambria, serif;\"><span lang=\"es-ES-u-co-trad\"><span style=\"font-family: Arial, serif;\">Respecto a los centros de reinserci<\/span><\/span><span lang=\"es-ES-u-co-trad\"><span style=\"font-family: Arial, serif;\">\u00f3<\/span><\/span><span lang=\"es-ES-u-co-trad\"><span style=\"font-family: Arial, serif;\">n del Estado, manifest<\/span><\/span><span lang=\"es-ES-u-co-trad\"><span style=\"font-family: Arial, serif;\">\u00f3 <\/span><\/span><span lang=\"es-ES-u-co-trad\"><span style=\"font-family: Arial, serif;\"><span lang=\"pt-PT\">que este 2024 se certificar<\/span><\/span><\/span><span lang=\"es-ES-u-co-trad\"><span style=\"font-family: Arial, serif;\">\u00e1<\/span><\/span><span lang=\"es-ES-u-co-trad\"><span style=\"font-family: Arial, serif;\">n dos centros penitenciarios m<\/span><\/span><span lang=\"es-ES-u-co-trad\"><span style=\"font-family: Arial, serif;\">\u00e1<\/span><\/span><span lang=\"es-ES-u-co-trad\"><span style=\"font-family: Arial, serif;\">s, al igual que a la Coordinaci<\/span><\/span><span lang=\"es-ES-u-co-trad\"><span style=\"font-family: Arial, serif;\">\u00f3<\/span><\/span><span lang=\"es-ES-u-co-trad\"><span style=\"font-family: Arial, serif;\">n Especializada de Justicia Penal para Adolescentes, <\/span><\/span><span lang=\"es-ES-u-co-trad\"><span style=\"font-family: Arial, serif;\"><span lang=\"ar-SA\">\u201c<\/span><\/span><\/span><span lang=\"es-ES-u-co-trad\"><span style=\"font-family: Arial, serif;\">lo que vamos a lograr con la certificaci<\/span><\/span><span lang=\"es-ES-u-co-trad\"><span style=\"font-family: Arial, serif;\">\u00f3<\/span><\/span><span lang=\"es-ES-u-co-trad\"><span style=\"font-family: Arial, serif;\">n, es una infraestructura de calidad, que tengan una instancia digna y complementario con esto pues es el trato digno para que finalmente logremos esa reinserci<\/span><\/span><span lang=\"es-ES-u-co-trad\"><span style=\"font-family: Arial, serif;\">\u00f3<\/span><\/span><span lang=\"es-ES-u-co-trad\"><span style=\"font-family: Arial, serif;\">n que queremos<\/span><\/span><span lang=\"es-ES-u-co-trad\"><span style=\"font-family: Arial, serif;\">\u201d.<\/span><\/span><\/span><\/span><\/p>\n<p lang=\"es-ES-u-co-trad\" align=\"justify\"><span style=\"color: #000000;\"><span style=\"font-family: Cambria, serif;\"><span lang=\"es-ES-u-co-trad\"><span style=\"font-family: Arial, serif;\">Se<\/span><\/span><span lang=\"es-ES-u-co-trad\"><span style=\"font-family: Arial, serif;\">\u00f1<\/span><\/span><span lang=\"es-ES-u-co-trad\"><span style=\"font-family: Arial, serif;\">al\u00f3 <\/span><\/span><span lang=\"es-ES-u-co-trad\"><span style=\"font-family: Arial, serif;\">que se espera que se alcance la incorporaci<\/span><\/span><span lang=\"es-ES-u-co-trad\"><span style=\"font-family: Arial, serif;\">\u00f3<\/span><\/span><span lang=\"es-ES-u-co-trad\"><span style=\"font-family: Arial, serif;\">n de casi mil elementos m<\/span><\/span><span lang=\"es-ES-u-co-trad\"><span style=\"font-family: Arial, serif;\">\u00e1<\/span><\/span><span lang=\"es-ES-u-co-trad\"><span style=\"font-family: Arial, serif;\">s a la Guardia Civil Estatal y redoblar esfuerzos en el <\/span><\/span><span lang=\"es-ES-u-co-trad\"><span style=\"font-family: Arial, serif;\">\u00e1<\/span><\/span><span lang=\"es-ES-u-co-trad\"><span style=\"font-family: Arial, serif;\">rea de custodios como el <\/span><\/span><span lang=\"es-ES-u-co-trad\"><span style=\"font-family: Arial, serif;\">\u00e1<\/span><\/span><span lang=\"es-ES-u-co-trad\"><span style=\"font-family: Arial, serif;\"><span lang=\"it-IT\">rea del C5 con m<\/span><\/span><\/span><span lang=\"es-ES-u-co-trad\"><span style=\"font-family: Arial, serif;\">\u00e1<\/span><\/span><span lang=\"es-ES-u-co-trad\"><span style=\"font-family: Arial, serif;\">s elementos capacitados, el <\/span><\/span><span lang=\"es-ES-u-co-trad\"><span style=\"font-family: Arial, serif;\">\u00e1<\/span><\/span><span lang=\"es-ES-u-co-trad\"><span style=\"font-family: Arial, serif;\">rea de Caminos y desde el <\/span><\/span><span lang=\"es-ES-u-co-trad\"><span style=\"font-family: Arial, serif;\">\u00e1<\/span><\/span><span lang=\"es-ES-u-co-trad\"><span style=\"font-family: Arial, serif;\">rea operativa de la Guardia Civil Estatal.<\/span><\/span><\/span><\/span><\/p>\n<p lang=\"es-ES-u-co-trad\" align=\"justify\"><span style=\"color: #000000;\"><span style=\"font-family: Cambria, serif;\"><span lang=\"es-ES-u-co-trad\"><span style=\"font-family: Arial, serif;\"><span lang=\"it-IT\">Recalc<\/span><\/span><\/span><span lang=\"es-ES-u-co-trad\"><span style=\"font-family: Arial, serif;\">\u00f3 <\/span><\/span><span lang=\"es-ES-u-co-trad\"><span style=\"font-family: Arial, serif;\">que con el presupuesto asignado este 2024, se generar<\/span><\/span><span lang=\"es-ES-u-co-trad\"><span style=\"font-family: Arial, serif;\"><span lang=\"pt-PT\">\u00e1 <\/span><\/span><\/span><span lang=\"es-ES-u-co-trad\"><span style=\"font-family: Arial, serif;\">mejorando la infraestructura y la tecnolog<\/span><\/span><span lang=\"es-ES-u-co-trad\"><span style=\"font-family: Arial, serif;\">\u00ed<\/span><\/span><span lang=\"es-ES-u-co-trad\"><span style=\"font-family: Arial, serif;\">a como nunca antes, adem<\/span><\/span><span lang=\"es-ES-u-co-trad\"><span style=\"font-family: Arial, serif;\">\u00e1<\/span><\/span><span lang=\"es-ES-u-co-trad\"><span style=\"font-family: Arial, serif;\">s de fortalecer a los municipios en coordinaci<\/span><\/span><span lang=\"es-ES-u-co-trad\"><span style=\"font-family: Arial, serif;\">\u00f3<\/span><\/span><span lang=\"es-ES-u-co-trad\"><span style=\"font-family: Arial, serif;\">n con la Federaci<\/span><\/span><span lang=\"es-ES-u-co-trad\"><span style=\"font-family: Arial, serif;\">\u00f3<\/span><\/span><span lang=\"es-ES-u-co-trad\"><span style=\"font-family: Arial, serif;\">n, al igual que la capacitaci<\/span><\/span><span lang=\"es-ES-u-co-trad\"><span style=\"font-family: Arial, serif;\">\u00f3<\/span><\/span><span lang=\"es-ES-u-co-trad\"><span style=\"font-family: Arial, serif;\">n de la Guardia Civil Estatal, <\/span><\/span><span lang=\"es-ES-u-co-trad\"><span style=\"font-family: Arial, serif;\"><span lang=\"ar-SA\">\u201c<\/span><\/span><\/span><span lang=\"es-ES-u-co-trad\"><span style=\"font-family: Arial, serif;\">hemos visto un cambio de manera positiva y esto nos motiva para seguir adelante y no nos permite cruzarnos de brazos porque la seguridad siempre est<\/span><\/span><span lang=\"es-ES-u-co-trad\"><span style=\"font-family: Arial, serif;\"><span lang=\"pt-PT\">\u00e1 <\/span><\/span><\/span><span lang=\"es-ES-u-co-trad\"><span style=\"font-family: Arial, serif;\">evolucionando y tenemos que ir un paso delante de la delincuencia<\/span><\/span><span lang=\"es-ES-u-co-trad\"><span style=\"font-family: Arial, serif;\">\u201d<\/span><\/span><span lang=\"es-ES-u-co-trad\"><span style=\"font-family: Arial, serif;\"><span lang=\"it-IT\">, puntualiz<\/span><\/span><\/span><span lang=\"es-ES-u-co-trad\"><span style=\"font-family: Arial, serif;\">\u00f3 <\/span><\/span><span lang=\"es-ES-u-co-trad\"><span style=\"font-family: Arial, serif;\">el General Gonz<\/span><\/span><span lang=\"es-ES-u-co-trad\"><span style=\"font-family: Arial, serif;\">\u00e1lez Castillo.<\/span><\/span><\/span><\/span><\/p>\n","protected":false},"excerpt":{"rendered":"<p>-Hay responsabilidad, experiencia compromiso y voluntad en todas las \u00e1reas y direcciones de la Secretar\u00eda Estatal de Seguridad San Luis Potos\u00ed, S.L.P.- La Secretar\u00eda de Seguridad y Protecci\u00f3n Ciudadana Del Estado, continuar\u00e1 ponderando la coordinaci\u00f3n con autoridades afines de los tres ordenes de Gobierno a &hellip; <\/p>\n","protected":false},"author":1,"featured_media":91600,"comment_status":"open","ping_status":"open","sticky":false,"template":"","format":"standard","meta":{"footnotes":""},"categories":[7,11,4,12,5],"tags":[],"class_list":["post-91599","post","type-post","status-publish","format-standard","has-post-thumbnail","hentry","category-ciudad","category-estado","category-inicio","category-nacional","category-politica"],"_links":{"self":[{"href":"https:\/\/amanecerhuasteco.com\/portal\/wp-json\/wp\/v2\/posts\/91599","targetHints":{"allow":["GET"]}}],"collection":[{"href":"https:\/\/amanecerhuasteco.com\/portal\/wp-json\/wp\/v2\/posts"}],"about":[{"href":"https:\/\/amanecerhuasteco.com\/portal\/wp-json\/wp\/v2\/types\/post"}],"author":[{"embeddable":true,"href":"https:\/\/amanecerhuasteco.com\/portal\/wp-json\/wp\/v2\/users\/1"}],"replies":[{"embeddable":true,"href":"https:\/\/amanecerhuasteco.com\/portal\/wp-json\/wp\/v2\/comments?post=91599"}],"version-history":[{"count":1,"href":"https:\/\/amanecerhuasteco.com\/portal\/wp-json\/wp\/v2\/posts\/91599\/revisions"}],"predecessor-version":[{"id":91601,"href":"https:\/\/amanecerhuasteco.com\/portal\/wp-json\/wp\/v2\/posts\/91599\/revisions\/91601"}],"wp:featuredmedia":[{"embeddable":true,"href":"https:\/\/amanecerhuasteco.com\/portal\/wp-json\/wp\/v2\/media\/91600"}],"wp:attachment":[{"href":"https:\/\/amanecerhuasteco.com\/portal\/wp-json\/wp\/v2\/media?parent=91599"}],"wp:term":[{"taxonomy":"category","embeddable":true,"href":"https:\/\/amanecerhuasteco.com\/portal\/wp-json\/wp\/v2\/categories?post=91599"},{"taxonomy":"post_tag","embeddable":true,"href":"https:\/\/amanecerhuasteco.com\/portal\/wp-json\/wp\/v2\/tags?post=91599"}],"curies":[{"name":"wp","href":"https:\/\/api.w.org\/{rel}","templated":true}]}}