{"id":91653,"date":"2024-01-03T14:43:30","date_gmt":"2024-01-03T20:43:30","guid":{"rendered":"http:\/\/amanecerhuasteco.com\/portal\/?p=91653"},"modified":"2024-01-03T14:43:30","modified_gmt":"2024-01-03T20:43:30","slug":"en-2024-se-llevaran-a-cabo-acciones-para-mejorar-calidad-de-vida-de-los-vallenses","status":"publish","type":"post","link":"https:\/\/amanecerhuasteco.com\/portal\/en-2024-se-llevaran-a-cabo-acciones-para-mejorar-calidad-de-vida-de-los-vallenses\/","title":{"rendered":"En 2024, se llevar\u00e1n a cabo acciones para mejorar calidad de vida de los vallenses"},"content":{"rendered":"<p>-PRESIDENTE DAVID MEDINA ANUNCI\u00d3 IMPORTANTES PROYECTOS PARA ESTE 2024<\/p>\n<p>Ciudad Valles S.L.P- Ante medios de comunicaci\u00f3n el Presidente Municipal David Armando Medina Salazar, detall\u00f3 proyectos clave que se llevar\u00e1n a cabo en este 2024, enfocados en mejorar la calidad de vida de los vallenses.<\/p>\n<p>Una de las iniciativas destacadas es la construcci\u00f3n de techados, uno de ellos en la cancha en la colonia Mujeres en Solidaridad, buscando fomentar el deporte y el esparcimiento.<\/p>\n<p>Medina Salazar tambi\u00e9n anunci\u00f3 la finalizaci\u00f3n del sistema de agua en Laguna del Mante, una medida crucial para garantizar el acceso a este recurso.<\/p>\n<p>Se llevar\u00e1 a cabo la terminaci\u00f3n de la construcci\u00f3n de calles en varias colonias, incluyendo Real Campestre, \u00c1guilas, San Rafael, La Estaci\u00f3n, y otras. Algunas de estas arterias tendr\u00e1n extensiones significativas, superando el kil\u00f3metro de longitud, y se coordinar\u00e1n con los planes de CODESOL para sumarle m\u00e1s calles.<\/p>\n<p>El fraccionamiento Bicentenario, Los Naranjos y El Sol ser\u00e1n prioridad en la entrega de escrituras, asegurando la legalidad y propiedad de los hogares en estas \u00e1reas.<\/p>\n<p>En asociaci\u00f3n con el grupo Efesios, se proyecta la construcci\u00f3n de una cl\u00ednica, para la cual ya se ha realizado el an\u00e1lisis de construcci\u00f3n en varios terrenos de la zona urbana. Adem\u00e1s, se anuncia una Jornada M\u00e9dica programada para febrero, en colaboraci\u00f3n con Efesios, brindando servicios de salud a los habitantes.<\/p>\n<p>Con estos proyectos, el Presidente Municipal David Medina busca impulsar el desarrollo y bienestar de la comunidad vallense, asegurando un futuro pr\u00f3spero para todos.<\/p>\n<p>&#8212;<\/p>\n","protected":false},"excerpt":{"rendered":"<p>-PRESIDENTE DAVID MEDINA ANUNCI\u00d3 IMPORTANTES PROYECTOS PARA ESTE 2024 Ciudad Valles S.L.P- Ante medios de comunicaci\u00f3n el Presidente Municipal David Armando Medina Salazar, detall\u00f3 proyectos clave que se llevar\u00e1n a cabo en este 2024, enfocados en mejorar la calidad de vida de los vallenses. Una &hellip; <\/p>\n","protected":false},"author":1,"featured_media":91655,"comment_status":"open","ping_status":"open","sticky":false,"template":"","format":"standard","meta":{"footnotes":""},"categories":[7,11,4,5],"tags":[],"class_list":["post-91653","post","type-post","status-publish","format-standard","has-post-thumbnail","hentry","category-ciudad","category-estado","category-inicio","category-politica"],"_links":{"self":[{"href":"https:\/\/amanecerhuasteco.com\/portal\/wp-json\/wp\/v2\/posts\/91653","targetHints":{"allow":["GET"]}}],"collection":[{"href":"https:\/\/amanecerhuasteco.com\/portal\/wp-json\/wp\/v2\/posts"}],"about":[{"href":"https:\/\/amanecerhuasteco.com\/portal\/wp-json\/wp\/v2\/types\/post"}],"author":[{"embeddable":true,"href":"https:\/\/amanecerhuasteco.com\/portal\/wp-json\/wp\/v2\/users\/1"}],"replies":[{"embeddable":true,"href":"https:\/\/amanecerhuasteco.com\/portal\/wp-json\/wp\/v2\/comments?post=91653"}],"version-history":[{"count":1,"href":"https:\/\/amanecerhuasteco.com\/portal\/wp-json\/wp\/v2\/posts\/91653\/revisions"}],"predecessor-version":[{"id":91656,"href":"https:\/\/amanecerhuasteco.com\/portal\/wp-json\/wp\/v2\/posts\/91653\/revisions\/91656"}],"wp:featuredmedia":[{"embeddable":true,"href":"https:\/\/amanecerhuasteco.com\/portal\/wp-json\/wp\/v2\/media\/91655"}],"wp:attachment":[{"href":"https:\/\/amanecerhuasteco.com\/portal\/wp-json\/wp\/v2\/media?parent=91653"}],"wp:term":[{"taxonomy":"category","embeddable":true,"href":"https:\/\/amanecerhuasteco.com\/portal\/wp-json\/wp\/v2\/categories?post=91653"},{"taxonomy":"post_tag","embeddable":true,"href":"https:\/\/amanecerhuasteco.com\/portal\/wp-json\/wp\/v2\/tags?post=91653"}],"curies":[{"name":"wp","href":"https:\/\/api.w.org\/{rel}","templated":true}]}}