{"id":91777,"date":"2024-01-08T15:01:01","date_gmt":"2024-01-08T21:01:01","guid":{"rendered":"http:\/\/amanecerhuasteco.com\/portal\/?p=91777"},"modified":"2024-01-08T15:01:01","modified_gmt":"2024-01-08T21:01:01","slug":"entre-columnas-593","status":"publish","type":"post","link":"https:\/\/amanecerhuasteco.com\/portal\/entre-columnas-593\/","title":{"rendered":"ENTRE COLUMNAS"},"content":{"rendered":"<p><strong>\u00a0<\/strong><\/p>\n<p><strong>EL PROXIMO MES DE FEBRERO ABANDONA PALACIO EL ALCALDE\u00a0 DE VALLES, DAMS<\/strong><\/p>\n<p><strong>&#8211; Tambi\u00e9n se va un regidor que quiere\u00a0 reelegirse.<\/strong><\/p>\n<p><strong>&#8211;\u00a0 Una\u00a0 regidora\u00a0 ser\u00eda la interina.<\/strong><\/p>\n<p><strong>&#8211;\u00a0 Las obras\u00a0 de pavimentaci\u00f3n y mantenimiento de calles, hasta que regrese reelecto ap\u00e1?<\/strong><\/p>\n<p><strong>&#8211; Los\u00a0 120 millones de pesos anunciados para\u00a0 pavimentar\u00a0 y mantenimiento de calles, lucubran que ser\u00e1 para campa\u00f1a.<\/strong><\/p>\n<p><strong>\u00a0<\/strong><\/p>\n<p><strong>No era una \u201cnoticia infundada\u201d divulgada insistentemente el pasado a\u00f1o por allegados al mun\u00edcipe, pues s\u00ed, lo ha confirmado \u00e9l mismo, durante una conferencia de prensa\u00a0 en palacio municipal.\u00a0\u00a0 <\/strong><\/p>\n<p><strong>El presidente municipal \u00a0David Medina Salazar estar\u00eda solicitado \u00a0licencia temporal ante el cabildo para buscar su registro como candidato por el Verde ecologista\u00a0 a \u00a0la reelecci\u00f3n, su ausencia ser\u00eda del 1 de marzo hasta pasadas\u00a0 las elecciones del 2 de junio,\u00a0 en ese lapso habr\u00eda una alcaldesa\u00a0 interina.<\/strong><\/p>\n<p><strong>+++++++++<\/strong><\/p>\n<p><strong>LA REGIDORA\u00a0 RUTH MIREYA SER\u00cdA\u00a0 LA ALCALDESA INTERINA.<\/strong><\/p>\n<p><strong>\u00a0<\/strong><\/p>\n<p><strong>. De\u00a0 acuerdo con\u00a0 la regla interior cuando el mun\u00edcipe\u00a0 solicita licencia,\u00a0 en autom\u00e1tico asume sus funciones\u00a0 el primer\u00a0 integrante\u00a0 del\u00a0 cabildo, en este caso\u00a0 se perfila \u00a0\u00a0la\u00a0 regidora Ruth Mireya Portilla, electa por mayor\u00eda\u00a0 en la planilla\u00a0 que encabez\u00f3\u00a0 Medina Salazar (los dem\u00e1s miembros del cabildo son regidores por\u00a0 representaci\u00f3n proporcional) en tal sentido se\u00a0 da\u00a0 por hecho\u00a0 que la compa\u00f1era de formula del aspirante a reelegirse, sea la alcaldesa interina.<\/strong><\/p>\n<p><strong>Hacia el interior del Ayuntamiento tambi\u00e9n se\u00a0 menciona al regidor Verde Ecologista Santiago Nales Orta, quien aspira a\u00a0 ser\u00a0 reelecto en la misma f\u00f3rmula\u00a0 que\u00a0 encabezar\u00e1\u00a0 DAMS tambi\u00e9n deber\u00e1 solicitar licencia. <\/strong><\/p>\n<p><strong>\u00a0<\/strong><\/p>\n<p><strong>\u00a0En antecedentes pol\u00edticos, la referida\u00a0 edil\u00a0 ya figur\u00f3 en un pasado reciente como\u00a0 \u00a0candidata a la diputaci\u00f3n local por el entonces Partido Encuentro Social (hoy Encuentro Solidario).<\/strong><\/p>\n<p><strong>\u00a0<\/strong><\/p>\n<p><strong>Este\u00a0 proceso\u00a0 se llevar\u00e1\u00a0 a cabo en la segunda\u00a0 quincena del pr\u00f3ximo mes de febrero.<\/strong><\/p>\n<p><strong>\u00a0<\/strong><\/p>\n<p><strong>++++++++++++++++<\/strong><\/p>\n<p><strong>Pr\u00e9stamos de\u00a0 dinero inmediatos a pensionados\u00a0\u00a0 CFE, ISSSTE.FFCC, SCT, PEMEX,\u00a0 ACTIVOS Y JUBILADOS\u00a0 IMSS <\/strong><\/p>\n<p><strong>SIN AFECTAR TARJETON.<\/strong><\/p>\n<p><strong>Ll\u00e1menos las 24 hrs del d\u00eda\u00a0 4811039565<\/strong><\/p>\n<p><strong>CREDITO INMEDIATO <\/strong><\/p>\n<p><strong>++++++++<\/strong><\/p>\n<p><strong>PARA POSTULAR CANDIDATURAS A DIPUTACIONES Y AYUNTAMIENTOS<\/strong><\/p>\n<p><strong>+.- Los registros del 1 al 7 de marzo para diputaciones de mayor\u00eda relativa.<\/strong><\/p>\n<p><strong>+.- Del 8 al 15 de marzo para Representaci\u00f3n Proporcional y Ayuntamientos.<\/strong><\/p>\n<p><strong>El Consejo Estatal Electoral y de Participaci\u00f3n Ciudadana (CEEPAC) aprob\u00f3 las Convocatorias para la postulaci\u00f3n de candidaturas a Diputaciones Locales y Ayuntamientos en el marco del Proceso Electoral Local 2024.<\/strong><\/p>\n<p><strong>La Consejera Presidenta de CEEPAC, Paloma Blanco L\u00f3pez DECLAR\u00d3 \u00a0que los Partidos Pol\u00edticos, Coaliciones y Candidaturas Independientes que pretendan postular candidaturas para contender en la elecci\u00f3n de Diputaciones Locales y Ayuntamientos deben de presentar la solicitud y cumplir con los requisitos requeridos en la normatividad electoral, de igual forma dar de alta sus propuestas en el Sistema Estatal de Registro \u201cSER\u201d, y presentarla f\u00edsicamente ante la Comisi\u00f3n Distrital Electoral que corresponda o ante CEEPAC, dentro del plazo correspondiente a las solicitudes de registro de Diputaciones de Mayor\u00eda Relativa y Representaci\u00f3n Proporcional.<\/strong><\/p>\n<p><strong>Las f\u00f3rmulas de candidaturas a Diputaciones Locales de Mayor\u00eda Relativa deben ser registradas f\u00edsicamente ante la Comisi\u00f3n Distrital Electoral correspondiente. Este proceso se llevar\u00e1 a cabo en el periodo comprendido del 1 al 7 de marzo de 2024.<\/strong><\/p>\n<p><strong>Las f\u00f3rmulas de candidaturas a Diputaciones Locales de Representaci\u00f3n Proporcional deben ser registradas en el Consejo Estatal Electoral y de Participaci\u00f3n Ciudadana. El periodo para este registro se extiende del 8 al 15 de marzo de 2024.<\/strong><\/p>\n<p><strong>Para los 58 Ayuntamientos el registro de Planillas de Mayor\u00eda Relativa y Listas de Representaci\u00f3n Proporcional deber\u00e1 realizarse de manera f\u00edsica ante el Comit\u00e9 Municipal Electoral que corresponda o ante el Consejo Estatal Electoral y de Participaci\u00f3n Ciudadana, en el periodo comprendido del 8 al 15 de marzo de 2024.<\/strong><\/p>\n<p><strong>Todos los registros de candidaturas deber\u00e1n cumplir estrictamente con los lineamientos que han sido emitidos sobre Paridad; Personas J\u00f3venes; Diversidad Sexual; Personas con Discapacidad; Poblaci\u00f3n Ind\u00edgena y representaci\u00f3n Proporcional.<\/strong><\/p>\n<p><strong>++++++++++++++<\/strong><\/p>\n<p><strong>QFB\u00a0 FABIOLA GARCIA ALVAREZ<\/strong><\/p>\n<p><strong>Perito dictaminador en an\u00e1lisis bacteriol\u00f3gico de agua<\/strong><\/p>\n<p><strong>Y alimentos con n\u00famero GES-PD 0705<\/strong><\/p>\n<p><strong>Perito dictaminador en\u00a0 estupefacientes GES-PD0523<\/strong><\/p>\n<p><strong>Maestr\u00eda\u00a0 en an\u00e1lisis cl\u00ednicos 1301 \u2013 368068<\/strong><\/p>\n<p><strong>Ced\u00a0 prof\u00a0 8664204\u00a0\u00a0 Tel. 38 1 66 64<\/strong><\/p>\n<p><strong>Asesor\u00eda,\u00a0 auditor\u00eda\u00a0 y gesti\u00f3n ambiental.<\/strong><\/p>\n<ol>\n<li><strong> Victoria No. 8 zona centro Cd Valles SLP.<\/strong><\/li>\n<\/ol>\n<p><strong>++++++++++<\/strong><\/p>\n<p><strong>VEHICULOS OFICIALES\u00a0 DEL CONGRESO SER\u00c1N ENVIADOS A UNA PENSION DEL ORGANISMO.<\/strong><\/p>\n<p><strong>Desde el inicio del presente mes s\u00ed es que las autoridades del Congreso Local\u00a0 dan cumplimiento a disposiciones\u00a0 aprobadas por los diputados, los veh\u00edculos oficiales asignados a los legisladores fueron concentrados hasta finalizar el proceso electoral\u00a0 iniciado en la <\/strong><strong><u>\u00a0EVITAR\u00c1 QUE SE LES PUEDA DAR UN USO DIFERENTE AL QUE SE LES TIENE ASIGNADO: DIP. JOSE LUIS FERNANDEZ MART\u00cdNEZ<\/u><\/strong><\/p>\n<p><strong>\u00a0El grupo parlamentario del Partido Verde Ecologista de M\u00e9xico (PVEM) en el Congreso del Estado, propuso que, a partir de enero de 2024 cuando inicie el proceso electoral, los veh\u00edculos oficiales que est\u00e1n asignados a algunos diputados y diputadas, sean retirados de circulaci\u00f3n.<\/strong><\/p>\n<p><strong>De esta manera, se evitar\u00e1 que se les pueda dar un uso diferente al que se les tiene asignado, que es en apoyo de los representantes populares para el desempe\u00f1o de sus funciones legislativas, dijo el coordinador de la bancada del PVEM, diputado Jos\u00e9 Luis Fern\u00e1ndez Mart\u00ednez, manifest\u00f3 que \u201cdesde mi punto de vista, estrictamente personal, no se justifica que el parque vehicular del Congreso del Estado sea asignado a diputados; hace algunas legislaturas se adquirieron los veh\u00edculos y se asignaron a cada legislador, pero eso solamente genera problemas y conflictos\u201d.<\/strong><\/p>\n<p><strong>\u00a0Por lo tanto, es necesario que a partir de enero cuando arranque el proceso electoral 2024 se resguarden las unidades del Congreso del Estado para que no sean utilizadas en otras actividades (en campa\u00f1as pol\u00edticas)<\/strong><\/p>\n<p><strong>+++\u00a0\u00a0\u00a0 <\/strong><\/p>\n<p><strong>CARROCERIAS\u00a0 BUSTOS<\/strong><\/p>\n<p><strong>Reforma y Lerdo de tejada Col. Altavista.<\/strong><\/p>\n<p><strong>Cd Valles SLP\u00a0 Tel. 3824777.<\/strong><\/p>\n<p><strong>En carrocer\u00edas para camiones y camionetas nadie nos compite.<\/strong><\/p>\n<p><strong>+++++++<\/strong><\/p>\n<p><strong>CAMBIA LA\u00a0 SCT\u00a0 A\u00a0 S CT y MOVILIDAD<\/strong><\/p>\n<p><strong>\u00a0\u00a0\u00a0\u00a0\u00a0\u00a0\u00a0\u00a0\u00a0 Con\u00a0 el prop\u00f3sito de mejorar su funcionalidad la <\/strong><strong>\u00a0Comisi\u00f3n de Desarrollo Econ\u00f3mico y Social de la LXIII Legislatura estatal, tiene\u00a0 para su estudio y posterior aprobaci\u00f3n la iniciativa que modifica la denominaci\u00f3n actual de la Secretar\u00eda de Comunicaciones y Transportes, por el de Secretar\u00eda de Comunicaciones, Transportes y Movilidad, lo que conlleva aplicar una serie de reformas y adiciones a la Ley Org\u00e1nica de la Administraci\u00f3n P\u00fablica del Estado de San Luis Potos\u00ed; Ley de Transporte P\u00fablico; Ley de Cambio Clim\u00e1tico; Ley de Hacienda para el Estado; Ley de Ordenamiento Territorial y Desarrollo Urbano del Estado de San Luis Potos\u00ed.\u00a0 La iniciativa es del diputado Jos\u00e9 Antonio Lorca Valles, establece \u00a0que la Secretar\u00eda de Comunicaciones y Transportes, que tendr\u00e1 un rol fundamental para la implementaci\u00f3n de la nueva Ley General de Movilidad y Seguridad Vial, a efecto de establecer y aplicar la pol\u00edtica de desarrollo de transporte en el Estado, y formular el programa estatal respectivo, as\u00ed como vigilar todo lo relativo al transporte p\u00fablico en el Estado y sin contar con las nuevas atribuciones que tendr\u00e1 en materia de movilidad.<\/strong><\/p>\n<p><strong>\u00a0\u201cLa modificaci\u00f3n del nombre no solamente es un t\u00e9rmino, sino que se fundamenta en el nuevo alcance de las atribuciones que tendr\u00e1 la Secretar\u00eda sobre distintas materias\u201d. Adem\u00e1s, se expuso que una vez que el dictamen sea aprobado en el Pleno del Congreso del Estado, el Decreto entrar\u00e1 en vigor al d\u00eda siguiente de su publicaci\u00f3n en el Peri\u00f3dico Oficial del Estado \u201cPlan de San Luis\u201d. Mientras que en lo que se refiere a los transitorios se establece que \u201ctodas las referencias que hagan menci\u00f3n a la Secretar\u00eda de Comunicaciones y Transportes contenidas en las leyes y normatividad vigente, se entender\u00e1n realizadas a la Secretar\u00eda de Comunicaciones, Transportes y Movilidad.<\/strong><\/p>\n<p><strong>++++++++++++++<\/strong><\/p>\n<p><strong>\u201cFINCA\u00a0 SAN ISIDRO\u201d <\/strong><\/p>\n<p><strong>Sal\u00f3n para fiestas de todo tipo.<\/strong><\/p>\n<p><strong>Carretera Valles \u2013 R\u00edo Verde Km. 8 <\/strong><\/p>\n<p><strong>Contrataciones al Tel. 01 481 179 09<\/strong><\/p>\n<p><strong>Cd. Valles SLP M\u00e9xico.<\/strong><\/p>\n<p><strong>++++++++++++<\/strong><\/p>\n<p><strong>HABRA LANA$$$$ PARA SEGURIDAD PUBLICA MUNICIPAL.<\/strong><\/p>\n<p><strong>La polic\u00eda municipal de Valles son unidades\u00a0 catalogadas como \u201ccarcachas\u201d\u00a0 desde\u00a0 la desaparici\u00f3n del Fondo de seguridad p\u00fablica nacional, la administraci\u00f3n de Valles y del interior de la regi\u00f3n huasteca han demostrado su incapacidad en el rengl\u00f3n de seguridad y a10 meses\u00a0 de concluir\u00a0 su actual trienio, el alcalde anuncia\u00a0 que destinar\u00e1\u00a0 16\u00a0 millones de pesos para \u201cmejorar la seguridad de los ciudadanos Vallenses\u201d\u00a0 Como puede advertirse. <\/strong><\/p>\n<p><strong>+++++++++++++<\/strong><\/p>\n<p><strong>\u00a0\u201cCAF\u00c9 Y RESTAURANT\u00a0 EL FAROLITO\u201d<\/strong><\/p>\n<p><strong>Lo mejor de la cocina Huasteca; el tradicional zacahuil y cazueladas .Atendemos toda clase de\u00a0 festejos. Pedidos al Tel\u00a0 3821017 Ciudad Valles SLP<\/strong><\/p>\n<p><strong>+++++++++++++<\/strong><\/p>\n<p><strong>DE\u00a0 VOLADA.-<\/strong><\/p>\n<p><strong>FELIZ Y VENTUROSO A\u00d1O NUEVO 2024.<\/strong><\/p>\n<p><strong>Hacemos\u00a0 votos porque haya paz y salud\u00a0 para\u00a0 nuestros amigos y lectores, que sus prop\u00f3sitos se vean cristalizados\u00a0 en este nuevo a\u00f1o de la E V<\/strong><\/p>\n<p><strong>+++++++<\/strong><\/p>\n<p><strong>SILENCIO EN EL CASO\u00a0 C E A \u2026. En las\u00a0 tribus pol\u00edticas\u00a0 capitalinas\u00a0 esperaban noticias\u00a0 espectaculares\u00a0 de fin del a\u00f1o pasado que cimbrar\u00edan hasta la Huasteca. No ocurri\u00f3 nada a menos que\u00a0 el Estado haya\u00a0 recibido el monto$$$$ para\u00a0 reparar\u00a0 el da\u00f1o\u00a0 causado por\u00a0 ex funcionarios de la anterior administraci\u00f3n Carrerista\u00a0 en el tema\u00a0 de obras\u00a0 h\u00eddricas a cargo de la CEA. <\/strong><\/p>\n<p><strong>\u00a0<\/strong><\/p>\n<p><strong>\u00a0Recordaremos\u00a0 que el Mandatario Estatal declar\u00f3 que\u00a0 no habr\u00e1 tolerancia ni consideraciones\u00a0 en tratos con los autores de la Herencia maldita, en este rubro entran los dos Huastecos inmiscuidos en este millonario desfalco.\u00a0 <\/strong><\/p>\n<p><strong>NO SACUDAS EL TANQUE DE GAS! <\/strong><\/p>\n<p><strong>\u00a0<\/strong><\/p>\n<p><strong>Muchas veces, inconscientemente sacudimos el tanque de gas para cerciorarnos si todav\u00eda hay gas. Esto es potencialmente peligroso.<\/strong><\/p>\n<p><strong>Lo que en realidad debes hacer, es mojar un lado del cilindro con agua, despu\u00e9s de un rato, la parte superior estar\u00e1 seca mientras que la parte inferior con gas permanecer\u00e1 h\u00fameda.<\/strong><\/p>\n<p><strong>La porci\u00f3n h\u00fameda, te indicar\u00e1 la cantidad de gas que queda en el cilindro.<\/strong><\/p>\n<p><strong>++++++++++++<\/strong><\/p>\n<p><strong>DEUDA PUBLICA\u00a0 VALLES<\/strong><\/p>\n<p><strong>En d\u00edas recientes la tesorera municipal presumi\u00f3 que la administraci\u00f3n municipal\u00a0 de\u00a0 Valles, abono\u00a0 a acreedores\u00a0 una\u00a0 respetable\u00a0 suma\u00a0 que redujo la deuda p\u00fablica, pero resulta\u00a0 que\u00a0 en el corte de caja del mes de septiembre\u00a0 aparecen 186 millones de pesos por concepto de deuda p\u00fablica sin m\u00e1s\u00a0 detalles al respecto. <\/strong><\/p>\n<p><strong>\u00a0<\/strong><\/p>\n<p><strong>Indicativo\u00a0 que en los 5 meses\u00a0 y semanas\u00a0 el estado deudor\u00a0 no\u00a0 mermar\u00e1\u00a0 y al finalizar\u00a0 el trienio este\u00a0 rubro continuara\u00a0 como \u201cherencia maldita\u201d\u00a0 al sucesor.<\/strong><\/p>\n<p><strong>. <\/strong><strong>++++++++++++ <\/strong><a href=\"mailto:davidfloresservicios@hotmail.com\"><strong>davidfloresservicios@hotmail.com<\/strong><\/a><\/p>\n<p><strong>hasta la pr\u00f3xima semana.\u00a0\u00a0\u00a0\u00a0\u00a0\u00a0 <\/strong><\/p>\n<p><strong>&#8212;<\/strong><\/p>\n<p><strong>\u00a0<\/strong><\/p>\n<p><strong>\u00a0<\/strong><\/p>\n","protected":false},"excerpt":{"rendered":"<p>\u00a0 EL PROXIMO MES DE FEBRERO ABANDONA PALACIO EL ALCALDE\u00a0 DE VALLES, DAMS &#8211; Tambi\u00e9n se va un regidor que quiere\u00a0 reelegirse. &#8211;\u00a0 Una\u00a0 regidora\u00a0 ser\u00eda la interina. &#8211;\u00a0 Las obras\u00a0 de pavimentaci\u00f3n y mantenimiento de calles, hasta que regrese reelecto ap\u00e1? &#8211; Los\u00a0 120 &hellip; <\/p>\n","protected":false},"author":1,"featured_media":89020,"comment_status":"open","ping_status":"open","sticky":false,"template":"","format":"standard","meta":{"footnotes":""},"categories":[17,4],"tags":[],"class_list":["post-91777","post","type-post","status-publish","format-standard","has-post-thumbnail","hentry","category-colaboraciones","category-inicio"],"_links":{"self":[{"href":"https:\/\/amanecerhuasteco.com\/portal\/wp-json\/wp\/v2\/posts\/91777","targetHints":{"allow":["GET"]}}],"collection":[{"href":"https:\/\/amanecerhuasteco.com\/portal\/wp-json\/wp\/v2\/posts"}],"about":[{"href":"https:\/\/amanecerhuasteco.com\/portal\/wp-json\/wp\/v2\/types\/post"}],"author":[{"embeddable":true,"href":"https:\/\/amanecerhuasteco.com\/portal\/wp-json\/wp\/v2\/users\/1"}],"replies":[{"embeddable":true,"href":"https:\/\/amanecerhuasteco.com\/portal\/wp-json\/wp\/v2\/comments?post=91777"}],"version-history":[{"count":1,"href":"https:\/\/amanecerhuasteco.com\/portal\/wp-json\/wp\/v2\/posts\/91777\/revisions"}],"predecessor-version":[{"id":91778,"href":"https:\/\/amanecerhuasteco.com\/portal\/wp-json\/wp\/v2\/posts\/91777\/revisions\/91778"}],"wp:featuredmedia":[{"embeddable":true,"href":"https:\/\/amanecerhuasteco.com\/portal\/wp-json\/wp\/v2\/media\/89020"}],"wp:attachment":[{"href":"https:\/\/amanecerhuasteco.com\/portal\/wp-json\/wp\/v2\/media?parent=91777"}],"wp:term":[{"taxonomy":"category","embeddable":true,"href":"https:\/\/amanecerhuasteco.com\/portal\/wp-json\/wp\/v2\/categories?post=91777"},{"taxonomy":"post_tag","embeddable":true,"href":"https:\/\/amanecerhuasteco.com\/portal\/wp-json\/wp\/v2\/tags?post=91777"}],"curies":[{"name":"wp","href":"https:\/\/api.w.org\/{rel}","templated":true}]}}