{"id":91993,"date":"2024-01-15T09:36:22","date_gmt":"2024-01-15T15:36:22","guid":{"rendered":"http:\/\/amanecerhuasteco.com\/portal\/?p=91993"},"modified":"2024-01-15T09:36:22","modified_gmt":"2024-01-15T15:36:22","slug":"entre-columnas-594","status":"publish","type":"post","link":"https:\/\/amanecerhuasteco.com\/portal\/entre-columnas-594\/","title":{"rendered":"ENTRE COLUMNAS"},"content":{"rendered":"<p><strong>AMLO\u00a0 INAUGURARA\u00a0\u00a0 SUPER CARRETERA 85\u00a0\u00a0 ESTE A\u00d1O ANTES DE CONCLUIR SU GOBIERNO.<\/strong><\/p>\n<p><strong>\u00a0El Gobernador Ricardo Gallardo confirm\u00f3 que al concluirse la moderna carretera 85\u00a0 M\u00e9xico-Laredo, vendr\u00e1 el Presidente de la Rep\u00fablica adem\u00e1s de supervisar el\u00a0 avance de obra material del proyecto de ampliaci\u00f3n del aeropuerto de Tamu\u00edn<\/strong><\/p>\n<p><strong>El estado de San Luis potos\u00ed contar\u00e1 en la regi\u00f3n Huasteca, con una v\u00eda federal acorde al desarrollo e impulso que se ha dado a las cuatro regiones del Estado, con la nueva carretera 85\u00a0 a cuatro carriles, Ciudad Valles-Tamazunchale, que ser\u00e1 entregada durante este a\u00f1o \u00a02024 por el Presidente de M\u00e9xico, Andr\u00e9s Manuel L\u00f3pez Obrador, adelant\u00f3 el Gobernador Ricardo Gallardo Cardona<\/strong><\/p>\n<p><strong>El Titular del Ejecutivo Estatal, coment\u00f3 que es el proyecto carretero comprende \u00a0el tramo de 92.7 kil\u00f3metros, \u201cla SICT federal no ha pasado la fecha de conclusi\u00f3n del proyecto para que nos pueda acompa\u00f1ar, por eso no nos han dado fecha, no creo que venga solo a una supervisi\u00f3n, tendr\u00e1 que venir a la inauguraci\u00f3n\u201d, expres\u00f3 Gallardo Cardona. Detall\u00f3 que junto al tema de la nueva carretera que vendr\u00e1 a darle un impulso econ\u00f3mico a la regi\u00f3n Huasteca, San Luis Potos\u00ed ya est\u00e1 listo para el arranque de la ampliaci\u00f3n del aeropuerto de Tamu\u00edn, en cuyo proyecto se contemplan alrededor de 900 millones de pesos y ya se tiene definida la calendarizaci\u00f3n que abarca los tiempos para la ampliaci\u00f3n de 900 metros de la pista, el edificio de esta terminal a\u00e9rea y la torre de control.<\/strong><\/p>\n<p><strong>Declar\u00f3 \u00a0que con todo este fortalecimiento de infraestructura, San Luis Potos\u00ed y la Huasteca se afianzar\u00e1n como un punto de atracci\u00f3n tur\u00edstico muy importante en todo el pa\u00eds e incluso a nivel internacional, pero apunt\u00f3 que el esfuerzo de esta administraci\u00f3n no termina ah\u00ed, ya que continuar\u00e1n las gestiones con el Gobierno de la rep\u00fablica para que se logren m\u00e1s recursos para el desarrollo de nuevos proyectos en las cuatro regiones.<\/strong><\/p>\n<p><strong>++++++++++++<\/strong><\/p>\n<p><strong>\u00a0<\/strong><\/p>\n<p><strong>POR FIN ANUNCIAN FORMALMENTE ZONA INDUSTRIAL A VALLES.<\/strong><\/p>\n<p><strong>\u00a0<\/strong><\/p>\n<p><strong>Con bombos y platillos como un logro del gobierno municipal, el alcalde\u00a0 que sale con licencia,\u00a0 anuncio como un hecho la zona industrial de Valles en una superficie de \u00a0400 hect\u00e1reas, pero simult\u00e1neamente\u00a0 vino la confusi\u00f3n\u00a0 al declarar el Gobernador del Estado\u00a0 el mismo objetivo, pero en ambos casos\u00a0 no se\u00a0\u00a0 estableci\u00f3 el\u00a0 sitio\u00a0 del terreno y la inversi\u00f3n\u00a0 aplicada adem\u00e1s\u00a0 de\u00a0 su infraestructura \u00a0primordial\u00a0 para su funcionamiento.<\/strong><\/p>\n<p><strong>La vocer\u00eda oficial del estado inform\u00f3 que Detonar\u00e1 RGC progreso de la huasteca con zona industrial.-<\/strong><\/p>\n<p><strong>En 9-24<\/strong><\/p>\n<ul>\n<li><strong> Gran proyecto alcanzar\u00e1 las 800 hect\u00e1reas de reserva territorial que generar\u00e1 un polo de desarrollo para interconectar un corredor comercial hacia Altamira, Tamaulipas y el centro de M\u00e9xico<\/strong><\/li>\n<\/ul>\n<p><strong>El Gobernador anunci\u00f3 que ya se dispone de las primeras 400 hect\u00e1reas de reserva territorial en Ciudad Valles, para la nueva zona industrial que a trav\u00e9s del nearshoring potenciar\u00e1 la instalaci\u00f3n de nuevas empresas y detonar\u00e1 el progreso en la regi\u00f3n Huasteca y que impulsar\u00e1 la interconexi\u00f3n con la zona portuaria de Altamira, Tamaulipas como corredor log\u00edstico.<br \/>\nEl Mandatario potosino, explic\u00f3 que la intenci\u00f3n, es despresurizar la demanda de espacios que la capital tiene actualmente a pesar de que operan los parques log\u00edsticos, por lo que ya es necesario proyectar el crecimiento industrial hacia otros puntos del Estado, donde el primer polo de desarrollo estar\u00eda enfocado hacia Ciudad Valles, donde se podr\u00edan alcanzar las 800 hect\u00e1reas.<br \/>\n\u201cDesde el cierre del a\u00f1o anterior, La Secretar\u00eda de Desarrollo Econ\u00f3mico trabaja con empresarios de Ciudad Valles para consolidar este corredor log\u00edstico que permita generar y tener otra zona de amortiguamiento para empresas y sobre todo contar un corredor de mercanc\u00edas. La primera zona industrial que vamos a detonar es la de Ciudad Valles y despu\u00e9s ver\u00edamos el resto\u201d, expres\u00f3 Gallardo Cardona.<br \/>\nMediante esta visi\u00f3n estrat\u00e9gica del Gobernador Ricardo Gallardo, se estima que San Luis Potos\u00ed podr\u00e1 alcanzar hasta cuatro mil millones de d\u00f3lares anuales de inversi\u00f3n extranjera lo que abonar\u00e1 a incrementar el crecimiento econ\u00f3mico de San Luis Potos\u00ed y la generaci\u00f3n de empleos para los potosinos de las cuatro regiones.<\/strong><\/p>\n<p><strong>++++++++++++++++<\/strong><\/p>\n<p><strong>Pr\u00e9stamos de\u00a0 dinero inmediatos a pensionados\u00a0\u00a0 CFE, ISSSTE.FFCC, SCT, PEMEX,\u00a0 ACTIVOS Y JUBILADOS\u00a0 IMSS <\/strong><\/p>\n<p><strong>SIN AFECTAR TARJETON.<\/strong><\/p>\n<p><strong>Ll\u00e1menos las 24 hrs del d\u00eda\u00a0 4811039565<\/strong><\/p>\n<p><strong>CREDITO INMEDIATO <\/strong><\/p>\n<p><strong>++++++++<\/strong><\/p>\n<p><strong>SE VA ALCALDE, SOLICITAR\u00c1 \u00a0LICENCIA PARA\u00a0 BUSCAR REELECCON<\/strong><\/p>\n<p><strong>\u00a0<\/strong><\/p>\n<p><strong>De\u00a0 acuerdo con los\u00a0 requisitos\u00a0 de la\u00a0 convocatoria emitida por\u00a0 Ceepac,\u00a0 los\u00a0 aspirantes\u00a0 a cargos\u00a0 d elecci\u00f3n popular\u00a0 en la modalidad de alcaldes y diputados locales,\u00a0 fueron registrados\u00a0\u00a0 ante esta instancia por sus respectivos comit\u00e9s\u00a0 , incluyendo los\u00a0 Independientes de\u00a0 Ciudad Valles y otros municipios\u00a0 del estado potosino.<\/strong><\/p>\n<p><strong>\u00a0<\/strong><\/p>\n<p><strong>Por la Urbe Huasteca\u00a0 se registr\u00f3 el alcalde Vallense David\u00a0 Medina Salazar por las siglas del Verde\u00a0 ecologista,\u00a0 como Independientes\u00a0 Elia Rodr\u00edguez Lucero por la alcald\u00eda y Ricardo del Sol\u00a0 a\u00a0 candidato por la diputaci\u00f3n local de Valles. En el curso de La semana se sumar\u00e1n dos m\u00e1s, uno\u00a0 que busca la tercera\u00a0 oportunidad de volver\u00a0 y otro importado.<\/strong><\/p>\n<p><strong>++++++++++++++<\/strong><\/p>\n<p><strong>QFB\u00a0 FABIOLA GARCIA ALVAREZ<\/strong><\/p>\n<p><strong>Perito dictaminador en an\u00e1lisis bacteriol\u00f3gico de agua<\/strong><\/p>\n<p><strong>Y alimentos con n\u00famero GES-PD 0705<\/strong><\/p>\n<p><strong>Perito dictaminador en\u00a0 estupefacientes GES-PD0523<\/strong><\/p>\n<p><strong>Maestr\u00eda\u00a0 en an\u00e1lisis cl\u00ednicos 1301 \u2013 368068<\/strong><\/p>\n<p><strong>Ced\u00a0 prof\u00a0 8664204\u00a0\u00a0 Tel. 38 1 66 64<\/strong><\/p>\n<p><strong>Asesor\u00eda,\u00a0 auditor\u00eda\u00a0 y gesti\u00f3n ambiental.<\/strong><\/p>\n<ol>\n<li><strong> Victoria No. 8 zona centro Cd Valles SLP.<\/strong><\/li>\n<\/ol>\n<p><strong>++++++++++<\/strong><\/p>\n<p><strong>Alerta Conagua por grave sequ\u00eda. <\/strong><\/p>\n<p><strong>* La Zona Metropolitana es la que m\u00e1s alerta debe estar, pues el agua a m\u00e1s de 600 metros debajo de la tierra podr\u00eda elementos t\u00f3xicos para el consumo humano.<\/strong><\/p>\n<p><strong>\u00a0<\/strong><strong>El director regional de la Comisi\u00f3n Nacional del Agua (Conagua), Joel F\u00e9lix D\u00edaz, emiti\u00f3 una alerta sobre la necesidad de que los alcaldes de los municipios que conforman la Zona Metropolitana de San Luis Potos\u00ed tomen medidas preventivas ante la posibilidad de una escasez de lluvias en 2024. La advertencia se basa en los niveles cr\u00edticos de agua en las presas de la regi\u00f3n y la preocupante situaci\u00f3n del R\u00edo Valles en la Huasteca.<\/strong><\/p>\n<p><strong>F\u00e9lix D\u00edaz inform\u00f3 que los niveles de agua en las presas de la Zona Metropolitana, incluyendo El Realito, El Peaje, El Potosino y San Jos\u00e9, son alarmantemente bajos.<\/strong><\/p>\n<p><strong>\u00a0Por otro lado, la extracci\u00f3n de agua subterr\u00e1nea ha alcanzado los 600 metros de profundidad y existe el riesgo de encontrar contaminantes como fl\u00faor y ars\u00e9nico a mayores profundidades, haciendo el agua no apta para el consumo humano.<\/strong><\/p>\n<p><strong>La Conagua ha emitido un comunicado instando los municipios a tomar medidas preventivas para hacer frente a la posible sequ\u00eda por falta de lluvias. F\u00e9lix D\u00edaz advirti\u00f3 que las lluvias durante los frentes fr\u00edos no son suficientes para llenar las presas, se espera que la nueva temporada de lluvias sea crucial para la recuperaci\u00f3n de los niveles de agua.<\/strong><\/p>\n<p><strong>En particular, la situaci\u00f3n es cr\u00edtica en la Zona Huasteca y el R\u00edo Valles, donde los niveles de agua son extremadamente bajos. El director de la Conagua destac\u00f3 la necesidad de coordinaci\u00f3n entre la comisi\u00f3n y los alcaldes para abordar la situaci\u00f3n de abastecimiento de agua.<\/strong><\/p>\n<p><strong>Ante la posible escasez, se est\u00e1 considerando la creaci\u00f3n de bordos en el municipio de Ciudad Valles, pero la soluci\u00f3n m\u00e1s inmediata ser\u00eda el abastecimiento a trav\u00e9s de fuentes subterr\u00e1neas y el uso de pipas mientras se gestiona la emergencia. La situaci\u00f3n requiere atenci\u00f3n inmediata y coordinada para garantizar el suministro de agua en la regi\u00f3n.<\/strong><\/p>\n<p><strong>+++\u00a0\u00a0\u00a0 <\/strong><\/p>\n<p><strong>CARROCERIAS\u00a0 BUSTOS<\/strong><\/p>\n<p><strong>Reforma y Lerdo de tejada Col. Altavista.<\/strong><\/p>\n<p><strong>Cd Valles SLP\u00a0 Tel. 3824777.<\/strong><\/p>\n<p><strong>En carrocer\u00edas para camiones y camionetas nadie nos compite.<\/strong><\/p>\n<p><strong>+++++++<\/strong><\/p>\n<p><strong>CFE: \u00bfQu\u00e9 significa el color de cada foco de tu medidor de luz?<\/strong><\/p>\n<p><strong>: La\u00a0<\/strong><a href=\"https:\/\/www.cfe.mx\/Pages\/default.aspx\"><strong>Comisi\u00f3n Federal de Electricidad\u00a0<\/strong><\/a><strong>(CFE) explica que el wattor\u00edmetro, com\u00fanmente conocido como medidor de luz, es el dispositivo utilizado para medir la energ\u00eda el\u00e9ctrica consumida.<\/strong><\/p>\n<p><strong>Para aplicaciones dom\u00e9sticas, estos medidores\u00a0se clasifican en electromec\u00e1nicos y electr\u00f3nicos, dividi\u00e9ndose adem\u00e1s en monof\u00e1sicos (una fase + neutro), bif\u00e1sicos (dos fases + neutro) y trif\u00e1sicos (tres fases + neutro).<\/strong><\/p>\n<p><strong>La clasificaci\u00f3n tambi\u00e9n\u00a0puede depender del tipo de energ\u00eda\u00a0registrada, ya sea energ\u00eda activa en kiloWatt hora (kWh) o medici\u00f3n de energ\u00eda activa + reactiva en kilo Volt Amper-hora (kVarh) + demanda en kiloWatt. Otra clasificaci\u00f3n es por funci\u00f3n operativa, con medidores que registran solo energ\u00eda.<\/strong><\/p>\n<p><strong>Los medidores de luz\u00a0pueden ser electromec\u00e1nicos, con manecillas para el registro, o electr\u00f3nicos, con un registro digital programable para funciones como autogesti\u00f3n en postpago y lectura remota por telegesti\u00f3n.<\/strong><\/p>\n<p><strong>Lo que significa cada color<\/strong><\/p>\n<ul>\n<li><strong>Verde: Indica que el consumo de energ\u00eda est\u00e1 dentro de los par\u00e1metros normales. Si parpadea, se\u00f1ala un problema de conexi\u00f3n que debe ser reportado a la CFE.<\/strong><\/li>\n<li><strong>Naranja: Advierte de fallas en la red el\u00e9ctrica de la CFE, requiriendo contacto con la empresa para una revisi\u00f3n del servicio.<\/strong><\/li>\n<li><strong>Rojo: Se\u00f1ala problemas con el voltaje y la suspensi\u00f3n del suministro de energ\u00eda, debiendo comunicarse con la CFE.<\/strong><\/li>\n<\/ul>\n<p><strong>\u00bfC\u00f3mo saber si alguien tiene colgado un diablito?<\/strong><\/p>\n<ol>\n<li><strong>Integridad del Medidor:<\/strong>\n<ul>\n<li><strong>Verificar que el medidor no haya sido modificado ni manipulado.<\/strong><\/li>\n<li><strong>Asegurarse de que no haya signos de haber sido abierto sin autorizaci\u00f3n.<\/strong><\/li>\n<\/ul>\n<\/li>\n<li><strong>Variaciones de Voltaje:<\/strong>\n<ul>\n<li><strong>Observar si hay fluctuaciones inusuales en el voltaje al utilizar electrodom\u00e9sticos.<\/strong><\/li>\n<li><strong>Detectar cambios bruscos o irregulares en la corriente el\u00e9ctrica.<\/strong><\/li>\n<\/ul>\n<\/li>\n<li><strong>Estado de los Focos:<\/strong>\n<ul>\n<li><strong>Comprobar que los focos en el domicilio no parpadeen de manera intermitente.<\/strong><\/li>\n<li><strong>La estabilidad en la iluminaci\u00f3n puede indicar un funcionamiento normal del suministro el\u00e9ctrico.<\/strong><\/li>\n<\/ul>\n<\/li>\n<li><strong>Cortes Selectivos de Energ\u00eda:<\/strong>\n<ul>\n<li><strong>Identificar si solo se va la luz en el domicilio de forma selectiva, sin afectar a los vecinos.<\/strong><\/li>\n<li><strong>Este comportamiento puede ser un indicador de manipulaci\u00f3n en la conexi\u00f3n el\u00e9ctrica.<\/strong><\/li>\n<\/ul>\n<\/li>\n<li><strong>Aumentos Frecuentes en los Recibos de CFE:<\/strong>\n<ul>\n<li><strong>Revisar los recibos de la Comisi\u00f3n Federal de Electricidad (CFE) para detectar aumentos inexplicables y frecuentes en el consumo de energ\u00eda.<\/strong><\/li>\n<li><strong>Incrementos significativos pueden se\u00f1alar posibles irregularidades en el medidor.<\/strong><\/li>\n<\/ul>\n<\/li>\n<\/ol>\n<p><strong>Quien coloque un \u201cdiablito\u201d en el medidor\u00a0puede enfrentar una multa\u00a0de hasta 1,000 Unidad de Medida y Actualizaci\u00f3n (UMA), siendo el valor actual de la UMA de $103.74 en 2023, lo que equivaldr\u00eda aproximadamente a $103,740 pesos.<\/strong><\/p>\n<p><strong>Adem\u00e1s, de acuerdo con el art\u00edculo 368 del C\u00f3digo Penal Federal, manipular los equipos de suministro el\u00e9ctrico podr\u00eda conllevar\u00a0penas de prisi\u00f3n\u00a0de tres a diez a\u00f1os.<\/strong><\/p>\n<p><strong>En 2019, la CFE promovi\u00f3 una ley que penaliza con\u00a0hasta 20 a\u00f1os de prisi\u00f3n\u00a0a quienes utilicen \u201cdiablitos\u201d u otras estructuras para reducir el pago del servicio el\u00e9ctrico.<\/strong><\/p>\n<p><a href=\"https:\/\/elmomentoqroo.mx\/tag\/cfe\/\"><strong>CFE<\/strong><\/a><strong>\u00a0<\/strong><a href=\"https:\/\/elmomentoqroo.mx\/tag\/medidores\/\"><strong>medidores<\/strong><\/a><strong>\u00a0<\/strong><strong><a href=\"https:\/\/elmomentoqroo.mx\/tag\/medidores-de-luz\/\">Medidores de luz<\/a><\/strong><strong>\u00a0<\/strong><a href=\"https:\/\/elmomentoqroo.mx\/tag\/nacional\/\"><strong>NACIONAL<\/strong><\/a><\/p>\n<p><strong>++++++++++++++<\/strong><\/p>\n<p><strong>\u201cFINCA\u00a0 SAN ISIDRO\u201d <\/strong><\/p>\n<p><strong>Sal\u00f3n para fiestas de todo tipo.<\/strong><\/p>\n<p><strong>Carretera Valles \u2013 R\u00edo Verde Km. 8 <\/strong><\/p>\n<p><strong>Contrataciones al Tel. 01 481 179 09<\/strong><\/p>\n<p><strong>Cd. Valles SLP M\u00e9xico.<\/strong><\/p>\n<p><strong>+++++++++++<\/strong><\/p>\n<p><strong>OBRAS INCONCLUSAS\u00a0 DEJARA\u00a0 EL ACTUAL AYUNTAMIENTO.<\/strong><\/p>\n<p><strong>Ya es una regla justificada por los gobiernos municipales en turno de Ciudad Valles, dejar obras inconclusas al terminar su per\u00edodo, esta es justificada\u00a0 por los\u00a0 actuales funcionarios como\u00a0 pendientes\u00a0\u00a0 para la siguiente\u00a0 administraci\u00f3n\u00a0 debido a que\u00a0 los recursos etiquetados se reciben hasta principios del tercer mes del\u00a0 a\u00f1o el presupuesto asignado mientras ejercen el del a\u00f1o anterior.\u00a0 <\/strong><\/p>\n<p><strong>El Codesol maneja el paquete\u00a0 de obras aprobado del POA y el municipio opera\u00a0 el\u00a0 recurso\u00a0 econ\u00f3mico, esto les permite a los alcaldes en turno desviarlos\u00a0 a otros rubros y luego se meten en sendos problemas con la Auditoria Superior de la Federaci\u00f3n como ocurri\u00f3 a JJ con 28 millones de pesos etiquetados que\u00a0 dispuso para otro concepto\u00a0 se\u00a0 explic\u00f3 posteriormente.<\/strong><\/p>\n<p><strong>Recientemente\u00a0 se inform\u00f3 en Codesol\u00a0 de\u00a0 Valles\u00a0 que tienen opci\u00f3n de terminar las obras\u00a0 hasta el mes de marzo, esto fue en respuesta\u00a0 a que la ciudadan\u00eda\u00a0 reclama\u00a0 la conclusi\u00f3n de pavimentaci\u00f3n de algunas calles iniciadas desde el pasado a\u00f1o, en respuesta el\u00a0 director del organismo\u00a0 Roberto Galv\u00e1n Res\u00e9ndiz dijo que tienen hasta el 31\u00a0 de marzo como plazo para\u00a0 entregarlas y tienen fundamento al se\u00f1alar\u00a0 que\u00a0 antes de pavimentar las calles deben revisar el estado f\u00edsico de las\u00a0 redes del drenaje y\u00a0 agua potable,\u00a0 ambas\u00a0 que\u00a0 requieren de\u00a0 m\u00e1s\u00a0 tiempo\u00a0 para ejecutarlas.<\/strong><\/p>\n<p><strong>De los\u00a0 130 millones de pesos ETIQUETADOS\u00a0 para el\u00a0 ejercicio fiscal 2023, la\u00a0 realidad pocas\u00a0 obras se han visto\u00a0 realizadas\u00a0 en la zona urbana y rural, si bien la administraci\u00f3n Verde\u00a0 se\u00a0 adjudic\u00f3 el mantenimiento por\u00a0 en\u00e9sima\u00a0 ocasi\u00f3n del libramiento Ejercito Mexicano y el alumbrado\u00a0 en la zona centro, solamente\u00a0 cierto sector c\u00e9ntrico, el bulevar 85 que ciertamente da otro aspecto a la vida nocturna de la metr\u00f3poli Huasteca.<\/strong><\/p>\n<p><strong>\u00a0El asunto es que afirman allegados al Ayuntamiento de Valles, todas las pocas obras realizadas en la urbe son del estado y las del municipio son dictadas\u00a0 desde el centro que decide cuales si o congelarlas.<\/strong><\/p>\n<p><strong>+++++++++++++<\/strong><\/p>\n<p><strong>\u00a0\u201cCAF\u00c9 Y RESTAURANT\u00a0 EL FAROLITO\u201d<\/strong><\/p>\n<p><strong>Lo mejor de la cocina Huasteca; el tradicional zacahuil y cazueladas .Atendemos toda clase de\u00a0 festejos. Pedidos al Tel\u00a0 3821017 Ciudad Valles SLP<\/strong><\/p>\n<p><strong>+++++++++++++<\/strong><\/p>\n<p><strong>DE\u00a0 VOLADA.-<\/strong><\/p>\n<p><strong>Mujer acusa a ex Diputado.<\/strong><\/p>\n<p><strong>Existe <\/strong><strong>un dicho popular mexica, si no conoces tu pasado, m\u00e9tete\u00a0 a la pol\u00edtica y\u00a0 busca un cargo de elecci\u00f3n popular, obtendr\u00e1s sin cargo a tu\u00a0 bolsillo\u00a0 todo lo bueno y malo de tu vida p\u00fablica y hasta privada\u00a0 porque los\u00a0 adversarios no respetan nada, este fen\u00f3meno empez\u00f3 a la par\u00a0 con el anuncio de\u00a0 quienes son los\u00a0 aspirantes , apenas aspirantes a\u00a0 cargos de elecci\u00f3n, aun no son candidatos\u00a0 pero ya\u00a0 sus\u00a0 amigos\u00a0 que dejaron con alg\u00fan resentimiento\u00a0 se han encargado de\u00a0 publicitar noticias\u00a0\u00a0 de esos personajes.<\/strong><\/p>\n<p><strong>En una\u00a0 publicaci\u00f3n que recibimos\u00a0 v\u00eda\u00a0 redes\u00a0 sociales fechado el 2\u00a0 de julio del a\u00f1o 2019, tunden al entonces\u00a0 diputado federal\u00a0 por el IV\u00a0 distrito que textualmente dice \u201cUna joven mujer\u00a0 que\u00a0 fuera\u00a0 empleada en la oficina de enlace\u00a0 del diputado federal del partido Morena \u2026\u2026\u00a0 rompi\u00f3 el silencio y lo\u00a0 se\u00f1al\u00f3\u00a0 directamente de un presunto caso de abuso\u2026.\u201d<\/strong><\/p>\n<p><strong>De acuerdo a informaci\u00f3n revelada por <a href=\"https:\/\/laverdadslp.com.mx\/segun-testimonios-ricardo-del-sol-abusador-y-acosador-sexual-de-mujeres\/\">laverdadslp.com.mx<\/a>, el legislador federal adem\u00e1s del presunto abuso, someti\u00f3 a acoso al menos a una joven m\u00e1s, contratada para el levantamiento de encuestas, as\u00ed como explotaci\u00f3n laboral contra el grupo de j\u00f3venes que laboraban en su oficina, y que a su vez eran manejados por una persona identificada como \u201cEl Chino\u201d. \u2026\u2026\u2026etc-\u00a0 Este\u00a0 personaje busca AHORA \u00a0la candidatura a\u00a0 diputado local\u00a0 Independiente, el electorado decidir\u00e1\u00a0 en las urnas\u00a0 con la\u00a0 respuesta\u00a0\u00a0 por su\u00a0 \u201ctrabajo\u201d\u00a0 desempe\u00f1ado como legislador federal.<\/strong><\/p>\n<p><strong>ACLARACION.- <\/strong><\/p>\n<p><strong>En el audio de la entrevista que concede la presunta v\u00edctima al medio de comunicaci\u00f3n, y cuya copia circula ya en redes sociales, la joven mujer relata c\u00f3mo fue el primer encuentro con el diputado N, ,,,,,, quien seg\u00fan su versi\u00f3n, con enga\u00f1os la llevo hasta su casa \u2026\u2026\u00a0 . Ahora bien,\u00a0 el partido Morena\u00a0\u00a0 no\u00a0 tuvo, ni ahora\u00a0 un diputado federal por el IV\u00a0 distrito, el se\u00f1alado y el actual,\u00a0 llegaron bajo las siglas del Partido del Trabajo,\u00a0 Tambi\u00e9n han surgido\u00a0 se\u00f1alamientos contra\u00a0 uno o dos de los aspirantes a alcalde por\u00a0 el PRIAN <\/strong><\/p>\n<p><strong>\u00a0<\/strong><a href=\"mailto:davidfloresservicios@hotmail.com\"><strong>davidfloresservicios@hotmail.com<\/strong><\/a><\/p>\n<p><strong>hasta la pr\u00f3xima semana.\u00a0\u00a0\u00a0\u00a0\u00a0\u00a0 <\/strong><\/p>\n<p><strong>&#8212;<\/strong><\/p>\n<p><strong>\u00a0\u00a0\u00a0\u00a0\u00a0\u00a0\u00a0\u00a0\u00a0 <\/strong><\/p>\n<p><strong>\u00a0<\/strong><\/p>\n<p><strong>\u00a0<\/strong><\/p>\n<p><strong>\u00a0<\/strong><\/p>\n<p><strong>\u00a0<\/strong><\/p>\n<p><strong>\u00a0<\/strong><\/p>\n<p><strong>\u00a0<\/strong><\/p>\n<p><strong>\u00a0<\/strong><\/p>\n<p><strong>\u00a0<\/strong><\/p>\n<p><strong>\u00a0<\/strong><\/p>\n<p><strong>\u00a0<\/strong><\/p>\n<p><strong>\u00a0<\/strong><\/p>\n<p><strong>\u00a0<\/strong><\/p>\n<p><strong>\u00a0<\/strong><\/p>\n","protected":false},"excerpt":{"rendered":"<p>AMLO\u00a0 INAUGURARA\u00a0\u00a0 SUPER CARRETERA 85\u00a0\u00a0 ESTE A\u00d1O ANTES DE CONCLUIR SU GOBIERNO. \u00a0El Gobernador Ricardo Gallardo confirm\u00f3 que al concluirse la moderna carretera 85\u00a0 M\u00e9xico-Laredo, vendr\u00e1 el Presidente de la Rep\u00fablica adem\u00e1s de supervisar el\u00a0 avance de obra material del proyecto de ampliaci\u00f3n del aeropuerto &hellip; <\/p>\n","protected":false},"author":1,"featured_media":89020,"comment_status":"open","ping_status":"open","sticky":false,"template":"","format":"standard","meta":{"footnotes":""},"categories":[17],"tags":[],"class_list":["post-91993","post","type-post","status-publish","format-standard","has-post-thumbnail","hentry","category-colaboraciones"],"_links":{"self":[{"href":"https:\/\/amanecerhuasteco.com\/portal\/wp-json\/wp\/v2\/posts\/91993","targetHints":{"allow":["GET"]}}],"collection":[{"href":"https:\/\/amanecerhuasteco.com\/portal\/wp-json\/wp\/v2\/posts"}],"about":[{"href":"https:\/\/amanecerhuasteco.com\/portal\/wp-json\/wp\/v2\/types\/post"}],"author":[{"embeddable":true,"href":"https:\/\/amanecerhuasteco.com\/portal\/wp-json\/wp\/v2\/users\/1"}],"replies":[{"embeddable":true,"href":"https:\/\/amanecerhuasteco.com\/portal\/wp-json\/wp\/v2\/comments?post=91993"}],"version-history":[{"count":1,"href":"https:\/\/amanecerhuasteco.com\/portal\/wp-json\/wp\/v2\/posts\/91993\/revisions"}],"predecessor-version":[{"id":91994,"href":"https:\/\/amanecerhuasteco.com\/portal\/wp-json\/wp\/v2\/posts\/91993\/revisions\/91994"}],"wp:featuredmedia":[{"embeddable":true,"href":"https:\/\/amanecerhuasteco.com\/portal\/wp-json\/wp\/v2\/media\/89020"}],"wp:attachment":[{"href":"https:\/\/amanecerhuasteco.com\/portal\/wp-json\/wp\/v2\/media?parent=91993"}],"wp:term":[{"taxonomy":"category","embeddable":true,"href":"https:\/\/amanecerhuasteco.com\/portal\/wp-json\/wp\/v2\/categories?post=91993"},{"taxonomy":"post_tag","embeddable":true,"href":"https:\/\/amanecerhuasteco.com\/portal\/wp-json\/wp\/v2\/tags?post=91993"}],"curies":[{"name":"wp","href":"https:\/\/api.w.org\/{rel}","templated":true}]}}