{"id":92041,"date":"2024-01-16T07:43:47","date_gmt":"2024-01-16T13:43:47","guid":{"rendered":"http:\/\/amanecerhuasteco.com\/portal\/?p=92041"},"modified":"2024-01-16T07:43:47","modified_gmt":"2024-01-16T13:43:47","slug":"segam-inspecciona-sotano-de-las-huahuas-en-aquismon","status":"publish","type":"post","link":"https:\/\/amanecerhuasteco.com\/portal\/segam-inspecciona-sotano-de-las-huahuas-en-aquismon\/","title":{"rendered":"SEGAM inspecciona s\u00f3tano de las Huahuas en Aquism\u00f3n"},"content":{"rendered":"<p>&nbsp;<\/p>\n<p>\u2022\u00a0 \u00a0 \u00a0 \u00a0La Secretar\u00eda de Ecolog\u00eda y Gesti\u00f3n Ambiental, reafirma su compromiso con la preservaci\u00f3n y cuidado de las \u00c1reas Naturales Protegidas, a trav\u00e9s de un continuo trabajo de inspecci\u00f3n<\/p>\n<p>Como parte de las m\u00faltiples acciones en el apoyo a la protecci\u00f3n de la biodiversidad, la Secretar\u00eda de Ecolog\u00eda y Gesti\u00f3n Ambiental (Segam), supervis\u00f3 el \u00c1rea Natural Protegida (ANP) Monumento Natural \u00abLa Hoya de las Huahuas\u00bb, situada en Aquism\u00f3n, donde se realiz\u00f3 un recorrido de inspecci\u00f3n del entorno.<br \/>\nJes\u00fas Emmanuel Ramos Hern\u00e1ndez, titular de la Segam, expres\u00f3 que una de las prioridades del Gobernador Ricardo Gallardo Cardona, es la conservaci\u00f3n y mantenimiento de las \u00e1reas naturales, con pr\u00e1cticas sostenibles para preservar la integridad ambiental del Monumento Natural.<br \/>\nTras refrendar su compromiso con la conservaci\u00f3n de estos espacios y el trabajo en estrecha colaboraci\u00f3n con las autoridades locales y la comunidad para garantizar que las medidas necesarias se implementen y mantengan de manera efectiva, el titular de la dependencia remarc\u00f3 la importancia de la gesti\u00f3n de residuos s\u00f3lidos urbanos y su disposici\u00f3n final.<br \/>\nFinalmente, hizo un llamado a respetar y preservar nuestras \u00e1reas naturales que son responsabilidades compartidas, por lo que adelant\u00f3 que se continuar\u00e1n realizando inspecciones y tomando acciones concretas para asegurar un equilibrio armonioso entre la actividad humana y la protecci\u00f3n de la biodiversidad en territorio potosino.<\/p>\n","protected":false},"excerpt":{"rendered":"<p>&nbsp; \u2022\u00a0 \u00a0 \u00a0 \u00a0La Secretar\u00eda de Ecolog\u00eda y Gesti\u00f3n Ambiental, reafirma su compromiso con la preservaci\u00f3n y cuidado de las \u00c1reas Naturales Protegidas, a trav\u00e9s de un continuo trabajo de inspecci\u00f3n Como parte de las m\u00faltiples acciones en el apoyo a la protecci\u00f3n de &hellip; <\/p>\n","protected":false},"author":1,"featured_media":92042,"comment_status":"open","ping_status":"open","sticky":false,"template":"","format":"standard","meta":{"footnotes":""},"categories":[7,11,4,12,5],"tags":[],"class_list":["post-92041","post","type-post","status-publish","format-standard","has-post-thumbnail","hentry","category-ciudad","category-estado","category-inicio","category-nacional","category-politica"],"_links":{"self":[{"href":"https:\/\/amanecerhuasteco.com\/portal\/wp-json\/wp\/v2\/posts\/92041","targetHints":{"allow":["GET"]}}],"collection":[{"href":"https:\/\/amanecerhuasteco.com\/portal\/wp-json\/wp\/v2\/posts"}],"about":[{"href":"https:\/\/amanecerhuasteco.com\/portal\/wp-json\/wp\/v2\/types\/post"}],"author":[{"embeddable":true,"href":"https:\/\/amanecerhuasteco.com\/portal\/wp-json\/wp\/v2\/users\/1"}],"replies":[{"embeddable":true,"href":"https:\/\/amanecerhuasteco.com\/portal\/wp-json\/wp\/v2\/comments?post=92041"}],"version-history":[{"count":1,"href":"https:\/\/amanecerhuasteco.com\/portal\/wp-json\/wp\/v2\/posts\/92041\/revisions"}],"predecessor-version":[{"id":92043,"href":"https:\/\/amanecerhuasteco.com\/portal\/wp-json\/wp\/v2\/posts\/92041\/revisions\/92043"}],"wp:featuredmedia":[{"embeddable":true,"href":"https:\/\/amanecerhuasteco.com\/portal\/wp-json\/wp\/v2\/media\/92042"}],"wp:attachment":[{"href":"https:\/\/amanecerhuasteco.com\/portal\/wp-json\/wp\/v2\/media?parent=92041"}],"wp:term":[{"taxonomy":"category","embeddable":true,"href":"https:\/\/amanecerhuasteco.com\/portal\/wp-json\/wp\/v2\/categories?post=92041"},{"taxonomy":"post_tag","embeddable":true,"href":"https:\/\/amanecerhuasteco.com\/portal\/wp-json\/wp\/v2\/tags?post=92041"}],"curies":[{"name":"wp","href":"https:\/\/api.w.org\/{rel}","templated":true}]}}