{"id":92066,"date":"2024-01-17T10:52:26","date_gmt":"2024-01-17T16:52:26","guid":{"rendered":"http:\/\/amanecerhuasteco.com\/portal\/?p=92066"},"modified":"2024-01-17T10:52:26","modified_gmt":"2024-01-17T16:52:26","slug":"pc-atiende-a-personas-en-situacion-vulnerable-por-frio","status":"publish","type":"post","link":"https:\/\/amanecerhuasteco.com\/portal\/pc-atiende-a-personas-en-situacion-vulnerable-por-frio\/","title":{"rendered":"PC atiende a personas en situaci\u00f3n vulnerable por fr\u00edo"},"content":{"rendered":"<p>&nbsp;<\/p>\n<p>\u2022\u00a0 \u00a0 \u00a0 \u00a0Para los pr\u00f3ximos cinco d\u00edas, habr\u00e1 un descenso marcado en la temperatura que pudiera provocar nevadas en zonas altas de aquellas regiones<\/p>\n<p>El Gobierno del Estado, a trav\u00e9s de la Coordinaci\u00f3n Estatal de Protecci\u00f3n Civil (CEPC), intensificar\u00e1 las acciones de atenci\u00f3n a la poblaci\u00f3n que habita en la Huasteca, principalmente, debido a la presencia del frente fr\u00edo n\u00famero 27, que ocasionar\u00e1 un marcado descenso de la temperatura en todo el Estado, con mayor presencia en aquella regi\u00f3n donde se espera un incremento en los vientos y lluvias.<br \/>\nEl secretario general de Gobierno, J. Guadalupe Torres S\u00e1nchez, se reuni\u00f3 este martes con el director de Protecci\u00f3n Civil en el Estado, Mauricio Ordaz Flores, para emitir las alertas tempranas a los municipios que pudieran resultar afectados por estas condiciones climatol\u00f3gicas que se prev\u00e9 se extiendan por cinco d\u00edas en el territorio potosino.<br \/>\nTorres S\u00e1nchez pidi\u00f3 al director de Protecci\u00f3n Civil que se mantenga la coordinaci\u00f3n con las instancias municipales para atender a personas en situaci\u00f3n vulnerable, trasladarlos a los refugios temporales o proporcionarles cobijas en caso de que no quieran pernoctar en esos sitios.<br \/>\nFinalmente, Ordaz Ortiz inform\u00f3 que la pr\u00f3xima semana se espera que un nuevo frente fr\u00edo con pron\u00f3stico de ca\u00edda de nieve en la regi\u00f3n Altiplano, a partir del 22 de enero, por lo que se mantendr\u00e1 un monitoreo constante en aquella regi\u00f3n.<\/p>\n","protected":false},"excerpt":{"rendered":"<p>&nbsp; \u2022\u00a0 \u00a0 \u00a0 \u00a0Para los pr\u00f3ximos cinco d\u00edas, habr\u00e1 un descenso marcado en la temperatura que pudiera provocar nevadas en zonas altas de aquellas regiones El Gobierno del Estado, a trav\u00e9s de la Coordinaci\u00f3n Estatal de Protecci\u00f3n Civil (CEPC), intensificar\u00e1 las acciones de atenci\u00f3n &hellip; <\/p>\n","protected":false},"author":1,"featured_media":92067,"comment_status":"open","ping_status":"open","sticky":false,"template":"","format":"standard","meta":{"footnotes":""},"categories":[7,11,4,12,5],"tags":[],"class_list":["post-92066","post","type-post","status-publish","format-standard","has-post-thumbnail","hentry","category-ciudad","category-estado","category-inicio","category-nacional","category-politica"],"_links":{"self":[{"href":"https:\/\/amanecerhuasteco.com\/portal\/wp-json\/wp\/v2\/posts\/92066","targetHints":{"allow":["GET"]}}],"collection":[{"href":"https:\/\/amanecerhuasteco.com\/portal\/wp-json\/wp\/v2\/posts"}],"about":[{"href":"https:\/\/amanecerhuasteco.com\/portal\/wp-json\/wp\/v2\/types\/post"}],"author":[{"embeddable":true,"href":"https:\/\/amanecerhuasteco.com\/portal\/wp-json\/wp\/v2\/users\/1"}],"replies":[{"embeddable":true,"href":"https:\/\/amanecerhuasteco.com\/portal\/wp-json\/wp\/v2\/comments?post=92066"}],"version-history":[{"count":1,"href":"https:\/\/amanecerhuasteco.com\/portal\/wp-json\/wp\/v2\/posts\/92066\/revisions"}],"predecessor-version":[{"id":92068,"href":"https:\/\/amanecerhuasteco.com\/portal\/wp-json\/wp\/v2\/posts\/92066\/revisions\/92068"}],"wp:featuredmedia":[{"embeddable":true,"href":"https:\/\/amanecerhuasteco.com\/portal\/wp-json\/wp\/v2\/media\/92067"}],"wp:attachment":[{"href":"https:\/\/amanecerhuasteco.com\/portal\/wp-json\/wp\/v2\/media?parent=92066"}],"wp:term":[{"taxonomy":"category","embeddable":true,"href":"https:\/\/amanecerhuasteco.com\/portal\/wp-json\/wp\/v2\/categories?post=92066"},{"taxonomy":"post_tag","embeddable":true,"href":"https:\/\/amanecerhuasteco.com\/portal\/wp-json\/wp\/v2\/tags?post=92066"}],"curies":[{"name":"wp","href":"https:\/\/api.w.org\/{rel}","templated":true}]}}