{"id":92088,"date":"2024-01-18T09:08:31","date_gmt":"2024-01-18T15:08:31","guid":{"rendered":"http:\/\/amanecerhuasteco.com\/portal\/?p=92088"},"modified":"2024-01-18T09:08:31","modified_gmt":"2024-01-18T15:08:31","slug":"gobierno-capacita-a-mujeres-en-seguridad-con-perspectiva-de-genero","status":"publish","type":"post","link":"https:\/\/amanecerhuasteco.com\/portal\/gobierno-capacita-a-mujeres-en-seguridad-con-perspectiva-de-genero\/","title":{"rendered":"Gobierno capacita a mujeres en seguridad con perspectiva de g\u00e9nero"},"content":{"rendered":"<p>&nbsp;<\/p>\n<ul>\n<li><strong>Se llev\u00f3 a cabo el taller virtual \u201cMujeres, Territorio, Paz y Seguridad\u201d, dirigido a personal de los Centros para el Desarrollo de las Mujeres (CDM) y de las Unidades Locales de Atenci\u00f3n<\/strong><\/li>\n<\/ul>\n<p>&nbsp;<\/p>\n<p>Profesionistas de los Centros para el Desarrollo de las Mujeres (CDM) y de las Unidades Locales de Atenci\u00f3n, del Instituto de las Mujeres del Estado (Imes), participaron en el curso \u201cMujeres, Territorios, Paz y Seguridad\u201d, como parte de la estrategia \u201cTerritorios de Paz. Caminemos Unidas\u201d del Gobierno Federal que atiende las necesidades de seguridad de las mexicanas.<\/p>\n<p>En seguimiento a la estrategia de apoyo a las potosinas y a las acciones de cero tolerancia a la violencia contra las mujeres, emprendidas por el Gobernador de San Luis Potos\u00ed Ricardo Gallardo Cardona, la titular de la dependencia estatal, Gloria Serrato S\u00e1nchez, explic\u00f3 que la capacitaci\u00f3n abord\u00f3 herramientas para la elaboraci\u00f3n de un Plan de Acci\u00f3n sobre Seguridad Ciudadana con Perspectiva de G\u00e9nero para la implementaci\u00f3n de la estrategia federal \u201cTerritorios de Paz. Caminemos Unidas\u201d.<\/p>\n<p>Serrato S\u00e1nchez dijo que, el curso se realiz\u00f3 en coordinaci\u00f3n con el Secretariado Ejecutivo del Consejo Estatal de Seguridad P\u00fablica, as\u00ed como con titulares de las Instancias Municipales de las Mujeres, donde participaron 102 profesionistas que tienen incidencia directa en las estrategias de seguridad y atenci\u00f3n de mujeres de las cuatro regiones del Estado.<\/p>\n","protected":false},"excerpt":{"rendered":"<p>&nbsp; Se llev\u00f3 a cabo el taller virtual \u201cMujeres, Territorio, Paz y Seguridad\u201d, dirigido a personal de los Centros para el Desarrollo de las Mujeres (CDM) y de las Unidades Locales de Atenci\u00f3n &nbsp; Profesionistas de los Centros para el Desarrollo de las Mujeres (CDM) &hellip; <\/p>\n","protected":false},"author":1,"featured_media":92089,"comment_status":"open","ping_status":"open","sticky":false,"template":"","format":"standard","meta":{"footnotes":""},"categories":[7,11,4,12,5],"tags":[],"class_list":["post-92088","post","type-post","status-publish","format-standard","has-post-thumbnail","hentry","category-ciudad","category-estado","category-inicio","category-nacional","category-politica"],"_links":{"self":[{"href":"https:\/\/amanecerhuasteco.com\/portal\/wp-json\/wp\/v2\/posts\/92088","targetHints":{"allow":["GET"]}}],"collection":[{"href":"https:\/\/amanecerhuasteco.com\/portal\/wp-json\/wp\/v2\/posts"}],"about":[{"href":"https:\/\/amanecerhuasteco.com\/portal\/wp-json\/wp\/v2\/types\/post"}],"author":[{"embeddable":true,"href":"https:\/\/amanecerhuasteco.com\/portal\/wp-json\/wp\/v2\/users\/1"}],"replies":[{"embeddable":true,"href":"https:\/\/amanecerhuasteco.com\/portal\/wp-json\/wp\/v2\/comments?post=92088"}],"version-history":[{"count":1,"href":"https:\/\/amanecerhuasteco.com\/portal\/wp-json\/wp\/v2\/posts\/92088\/revisions"}],"predecessor-version":[{"id":92090,"href":"https:\/\/amanecerhuasteco.com\/portal\/wp-json\/wp\/v2\/posts\/92088\/revisions\/92090"}],"wp:featuredmedia":[{"embeddable":true,"href":"https:\/\/amanecerhuasteco.com\/portal\/wp-json\/wp\/v2\/media\/92089"}],"wp:attachment":[{"href":"https:\/\/amanecerhuasteco.com\/portal\/wp-json\/wp\/v2\/media?parent=92088"}],"wp:term":[{"taxonomy":"category","embeddable":true,"href":"https:\/\/amanecerhuasteco.com\/portal\/wp-json\/wp\/v2\/categories?post=92088"},{"taxonomy":"post_tag","embeddable":true,"href":"https:\/\/amanecerhuasteco.com\/portal\/wp-json\/wp\/v2\/tags?post=92088"}],"curies":[{"name":"wp","href":"https:\/\/api.w.org\/{rel}","templated":true}]}}