{"id":92100,"date":"2024-01-18T13:12:18","date_gmt":"2024-01-18T19:12:18","guid":{"rendered":"http:\/\/amanecerhuasteco.com\/portal\/?p=92100"},"modified":"2024-01-18T13:12:18","modified_gmt":"2024-01-18T19:12:18","slug":"se-buscara-convertir-la-fenapo-en-escaparate-mundial-de-la-cultura","status":"publish","type":"post","link":"https:\/\/amanecerhuasteco.com\/portal\/se-buscara-convertir-la-fenapo-en-escaparate-mundial-de-la-cultura\/","title":{"rendered":"Se buscar\u00e1 convertir la FENAPO en escaparate mundial de la cultura"},"content":{"rendered":"<p>&nbsp;<\/p>\n<p>\u2022\u00a0 \u00a0 \u00a0 \u00a0El Patronato de la Feria Nacional Potosina y la Secretar\u00eda de Cultura, acuerdan posicionar a la Fenapo como un evento cultural de primer nivel, enfocada en resaltar la riqueza de nuestras tradiciones y el talento local<\/p>\n<p>Para consolidar a la Feria Nacional Potosina (Fenapo), como un evento cultural de primer nivel, el Gobierno del Estado inici\u00f3 con la planificaci\u00f3n de las actividades que marcar\u00e1n la edici\u00f3n 2024 de la mejor feria del pa\u00eds, con el apoyo entre el Patronato y la Secretar\u00eda de Cultura (Secult), para enriquecer la oferta cultural y art\u00edstica del evento, buscando nuevos escenarios para la proyecci\u00f3n de las y los artistas potosinos.<br \/>\nEl titular de la Secult, Mario Garc\u00eda Valdez, y el presidente del Patronato de la Fenapo, Luis Antonio Zamudio Mart\u00ednez, sostuvieron un encuentro, donde coincidieron en que esta edici\u00f3n 2024, ser\u00e1 una celebraci\u00f3n \u00fanica de nuestra identidad potosina, enfocada en resaltar la riqueza de nuestras tradiciones y el talento local, reafirmando con ello el compromiso del Gobernador Ricardo Gallardo Cardona, de seguir impulsando la mejor feria de M\u00e9xico.<br \/>\nGarc\u00eda Valdez destac\u00f3 la colaboraci\u00f3n para promover y preservar nuestra identidad cultural, y consolidar a la Fenapo como escaparate representativo de la creatividad y la cultura potosina, y reafirm\u00f3 el compromiso de desarrollar un programa integral que refleje la diversidad cultural y art\u00edstica de San Luis Potos\u00ed, lleno de eventos, experiencias culturales enriquecedoras y una destacada participaci\u00f3n de los talentos locales.<br \/>\nPor su parte, el presidente del patronato de la Feria, dijo que uno de los objetivos clave de esta colaboraci\u00f3n es buscar nuevos escenarios para la proyecci\u00f3n de los artistas potosinos, por lo que se exploran opciones para garantizar que la diversidad cultural y art\u00edstica del Estado tenga un lugar destacado durante toda la Fenapo, para convertirla en una plataforma m\u00e1s amplia y atractiva para mostrar su talento.<\/p>\n","protected":false},"excerpt":{"rendered":"<p>&nbsp; \u2022\u00a0 \u00a0 \u00a0 \u00a0El Patronato de la Feria Nacional Potosina y la Secretar\u00eda de Cultura, acuerdan posicionar a la Fenapo como un evento cultural de primer nivel, enfocada en resaltar la riqueza de nuestras tradiciones y el talento local Para consolidar a la Feria &hellip; <\/p>\n","protected":false},"author":1,"featured_media":92101,"comment_status":"open","ping_status":"open","sticky":false,"template":"","format":"standard","meta":{"footnotes":""},"categories":[7,11,4,12,5],"tags":[],"class_list":["post-92100","post","type-post","status-publish","format-standard","has-post-thumbnail","hentry","category-ciudad","category-estado","category-inicio","category-nacional","category-politica"],"_links":{"self":[{"href":"https:\/\/amanecerhuasteco.com\/portal\/wp-json\/wp\/v2\/posts\/92100","targetHints":{"allow":["GET"]}}],"collection":[{"href":"https:\/\/amanecerhuasteco.com\/portal\/wp-json\/wp\/v2\/posts"}],"about":[{"href":"https:\/\/amanecerhuasteco.com\/portal\/wp-json\/wp\/v2\/types\/post"}],"author":[{"embeddable":true,"href":"https:\/\/amanecerhuasteco.com\/portal\/wp-json\/wp\/v2\/users\/1"}],"replies":[{"embeddable":true,"href":"https:\/\/amanecerhuasteco.com\/portal\/wp-json\/wp\/v2\/comments?post=92100"}],"version-history":[{"count":1,"href":"https:\/\/amanecerhuasteco.com\/portal\/wp-json\/wp\/v2\/posts\/92100\/revisions"}],"predecessor-version":[{"id":92102,"href":"https:\/\/amanecerhuasteco.com\/portal\/wp-json\/wp\/v2\/posts\/92100\/revisions\/92102"}],"wp:featuredmedia":[{"embeddable":true,"href":"https:\/\/amanecerhuasteco.com\/portal\/wp-json\/wp\/v2\/media\/92101"}],"wp:attachment":[{"href":"https:\/\/amanecerhuasteco.com\/portal\/wp-json\/wp\/v2\/media?parent=92100"}],"wp:term":[{"taxonomy":"category","embeddable":true,"href":"https:\/\/amanecerhuasteco.com\/portal\/wp-json\/wp\/v2\/categories?post=92100"},{"taxonomy":"post_tag","embeddable":true,"href":"https:\/\/amanecerhuasteco.com\/portal\/wp-json\/wp\/v2\/tags?post=92100"}],"curies":[{"name":"wp","href":"https:\/\/api.w.org\/{rel}","templated":true}]}}