{"id":92113,"date":"2024-01-18T13:58:37","date_gmt":"2024-01-18T19:58:37","guid":{"rendered":"http:\/\/amanecerhuasteco.com\/portal\/?p=92113"},"modified":"2024-01-18T13:58:37","modified_gmt":"2024-01-18T19:58:37","slug":"preservar-la-lengua-materna-y-la-identidad-es-una-prioridad-de-los-pueblos-indigenas-dip-bernarda-reyes","status":"publish","type":"post","link":"https:\/\/amanecerhuasteco.com\/portal\/preservar-la-lengua-materna-y-la-identidad-es-una-prioridad-de-los-pueblos-indigenas-dip-bernarda-reyes\/","title":{"rendered":"Preservar la lengua materna y la identidad, es una prioridad de los pueblos ind\u00edgenas: dip. Bernarda Reyes  \u00a0"},"content":{"rendered":"<p>&nbsp;<\/p>\n<p><strong>CONVOCAR\u00c1 COMISI\u00d3N DE ASUNTOS INDIGENAS A CONCURSO ESTATAL DE DECLAMACI\u00d3N Y POES\u00cdA<\/strong><\/p>\n<p>&nbsp;<\/p>\n<p>Las y los integrantes de la Comisi\u00f3n de Asuntos Ind\u00edgenas del Congreso del Estado aprobaron por unanimidad emitir la convocatoria para llevar a cabo un concurso estatal de declamaci\u00f3n y poes\u00eda en las lenguas T\u00e9nek y N\u00e1huatl y de los pueblos asentados en la capital del estado.<\/p>\n<p>&nbsp;<\/p>\n<p>La presidenta de la comisi\u00f3n legislativa, diputada Bernarda Reyes Hern\u00e1ndez inform\u00f3 que el evento se llevar\u00e1 a cabo el 19 de Febrero en la zona arqueol\u00f3gica de Tamtoc, por lo que ya se iniciaron los tr\u00e1mites ante el Instituto Nacional de Antropolog\u00eda e Historia (INAH). Participar\u00e1n dos categor\u00edas, una de 8 a 18 a\u00f1os de edad y la segunda de 18 a\u00f1os en adelante.<\/p>\n<p>&nbsp;<\/p>\n<p>Destac\u00f3 la diputada Bernarda Reyes que \u201crecobra una gran importancia este evento porque es un espacio de deliberaci\u00f3n, en el que pueden exponer adem\u00e1s cualquier tema, es abierto, pero lo m\u00e1s importante es generarles las condiciones para hacerlo. El Congreso del Estado ha estado muy al pendiente de que los pueblos ind\u00edgenas se expresen y que sea parte de su desarrollo\u201d.<\/p>\n<p>&nbsp;<\/p>\n<p>A\u00f1adi\u00f3 que \u201cno hay mejor espacio que la Declamaci\u00f3n y la Poes\u00eda y que bueno, sobre todo nuestras nuevas generaciones en el \u00e1mbito de pueblos ind\u00edgenas recuperemos, rescatemos, se promueva nuestra lengua materna que recobra gran importancia para evitar justamente la disminuci\u00f3n, mitigar la discriminaci\u00f3n, replantearnos la valoraci\u00f3n de nuestra identidad que es justamente esta, la lengua materna\u201d.<\/p>\n<p>&nbsp;<\/p>\n<p>\u201cLa globalizaci\u00f3n viene a generar mella en nuestros pueblos y comunidades ind\u00edgenas, pero justamente el replantearnos desde los \u00f3rganos del Estado mexicano, especialmente del Poder Legislativo, genera la importancia, pero no s\u00f3lo eso, el orgullo de ser ind\u00edgena y de poder expresarnos nuestra lengua materna\u201d.<\/p>\n<p>&nbsp;<\/p>\n<p>\u201cEl ser biling\u00fce recobra una gran importancia, esto es lo que realmente deber\u00edamos replantearnos las personas oriundas, el poder tener estos escenarios y realmente tambi\u00e9n sensibilizar a las personas que de alguna manera en alg\u00fan momento y cuando nos escuchan hablar en lengua materna, nos ven extra\u00f1os y no, es parte de nuestra identidad, es parte de la identidad potosina y del pa\u00eds\u201d, puntualiz\u00f3.<\/p>\n<p>&nbsp;<\/p>\n<p>En la reuni\u00f3n de trabajo participaron los diputados Yolanda Josefina Cepeda Echavarr\u00eda y Miguel \u00c1ngel Segura M\u00e9ndez.<\/p>\n","protected":false},"excerpt":{"rendered":"<p>&nbsp; CONVOCAR\u00c1 COMISI\u00d3N DE ASUNTOS INDIGENAS A CONCURSO ESTATAL DE DECLAMACI\u00d3N Y POES\u00cdA &nbsp; Las y los integrantes de la Comisi\u00f3n de Asuntos Ind\u00edgenas del Congreso del Estado aprobaron por unanimidad emitir la convocatoria para llevar a cabo un concurso estatal de declamaci\u00f3n y poes\u00eda &hellip; <\/p>\n","protected":false},"author":1,"featured_media":92114,"comment_status":"open","ping_status":"open","sticky":false,"template":"","format":"standard","meta":{"footnotes":""},"categories":[7,11,4,12,5],"tags":[],"class_list":["post-92113","post","type-post","status-publish","format-standard","has-post-thumbnail","hentry","category-ciudad","category-estado","category-inicio","category-nacional","category-politica"],"_links":{"self":[{"href":"https:\/\/amanecerhuasteco.com\/portal\/wp-json\/wp\/v2\/posts\/92113","targetHints":{"allow":["GET"]}}],"collection":[{"href":"https:\/\/amanecerhuasteco.com\/portal\/wp-json\/wp\/v2\/posts"}],"about":[{"href":"https:\/\/amanecerhuasteco.com\/portal\/wp-json\/wp\/v2\/types\/post"}],"author":[{"embeddable":true,"href":"https:\/\/amanecerhuasteco.com\/portal\/wp-json\/wp\/v2\/users\/1"}],"replies":[{"embeddable":true,"href":"https:\/\/amanecerhuasteco.com\/portal\/wp-json\/wp\/v2\/comments?post=92113"}],"version-history":[{"count":1,"href":"https:\/\/amanecerhuasteco.com\/portal\/wp-json\/wp\/v2\/posts\/92113\/revisions"}],"predecessor-version":[{"id":92115,"href":"https:\/\/amanecerhuasteco.com\/portal\/wp-json\/wp\/v2\/posts\/92113\/revisions\/92115"}],"wp:featuredmedia":[{"embeddable":true,"href":"https:\/\/amanecerhuasteco.com\/portal\/wp-json\/wp\/v2\/media\/92114"}],"wp:attachment":[{"href":"https:\/\/amanecerhuasteco.com\/portal\/wp-json\/wp\/v2\/media?parent=92113"}],"wp:term":[{"taxonomy":"category","embeddable":true,"href":"https:\/\/amanecerhuasteco.com\/portal\/wp-json\/wp\/v2\/categories?post=92113"},{"taxonomy":"post_tag","embeddable":true,"href":"https:\/\/amanecerhuasteco.com\/portal\/wp-json\/wp\/v2\/tags?post=92113"}],"curies":[{"name":"wp","href":"https:\/\/api.w.org\/{rel}","templated":true}]}}