{"id":92125,"date":"2024-01-19T09:27:28","date_gmt":"2024-01-19T15:27:28","guid":{"rendered":"http:\/\/amanecerhuasteco.com\/portal\/?p=92125"},"modified":"2024-01-19T09:27:28","modified_gmt":"2024-01-19T15:27:28","slug":"soledad-carreno-se-compromete-con-la-seguridad-y-el-bienestar-de-los-habitantes","status":"publish","type":"post","link":"https:\/\/amanecerhuasteco.com\/portal\/soledad-carreno-se-compromete-con-la-seguridad-y-el-bienestar-de-los-habitantes\/","title":{"rendered":"Soledad Carre\u00f1o se compromete con la seguridad y el bienestar de los habitantes."},"content":{"rendered":"<div class=\"xdj266r x11i5rnm xat24cr x1mh8g0r x1vvkbs x126k92a\">\n<div dir=\"auto\"><\/div>\n<\/div>\n<div class=\"x11i5rnm xat24cr x1mh8g0r x1vvkbs xtlvy1s x126k92a\">\n<div dir=\"auto\">Con el objetivo de mejorar la calidad de vida de nuestros habitantes, el Gobierno Municipal de \u00c9bano est\u00e1 realizando la rehabilitaci\u00f3n del alumbrado p\u00fablico en las colonias de nuestra comunidad, siguiendo las directrices de nuestra alcaldesa Mar\u00eda Soledad Carre\u00f1o Linares. El Departamento de Obras P\u00fablicas est\u00e1 a cargo de estas acciones, que consisten en sustituir l\u00e1mparas da\u00f1adas, reparar el sistema el\u00e9ctrico del alumbrado p\u00fablico y cambiar fotoceldas donde sea necesario.<\/div>\n<\/div>\n<div class=\"x11i5rnm xat24cr x1mh8g0r x1vvkbs xtlvy1s x126k92a\">\n<div dir=\"auto\">Entre las calle y colonias que se han beneficiado con estas acciones se encuentran: Calle Ferrocarril de la Col. Estaci\u00f3n; Calle Mar\u00eda de Guadalupe y San Isidro Labrador de la Colonia El Hule; Calle Allende de la Colonia Zostepec; Calle Samuel. M. Santos y Calle Graciano S\u00e1nchez de la Col. 20 de Noviembre; Calle Ram\u00f3n L\u00f3pez Velarde de la Col. Am\u00e9ricas y Calle Cerritos &#8211; Nicol\u00e1s Hern\u00e1ndez Banda de la Col. Zostepec. De esta manera, se busca ofrecer mayor seguridad a nuestros ciudadanos.<\/div>\n<\/div>\n","protected":false},"excerpt":{"rendered":"<p>Con el objetivo de mejorar la calidad de vida de nuestros habitantes, el Gobierno Municipal de \u00c9bano est\u00e1 realizando la rehabilitaci\u00f3n del alumbrado p\u00fablico en las colonias de nuestra comunidad, siguiendo las directrices de nuestra alcaldesa Mar\u00eda Soledad Carre\u00f1o Linares. El Departamento de Obras P\u00fablicas &hellip; <\/p>\n","protected":false},"author":1,"featured_media":92126,"comment_status":"open","ping_status":"open","sticky":false,"template":"","format":"standard","meta":{"footnotes":""},"categories":[22,11,4,5],"tags":[],"class_list":["post-92125","post","type-post","status-publish","format-standard","has-post-thumbnail","hentry","category-ebano","category-estado","category-inicio","category-politica"],"_links":{"self":[{"href":"https:\/\/amanecerhuasteco.com\/portal\/wp-json\/wp\/v2\/posts\/92125","targetHints":{"allow":["GET"]}}],"collection":[{"href":"https:\/\/amanecerhuasteco.com\/portal\/wp-json\/wp\/v2\/posts"}],"about":[{"href":"https:\/\/amanecerhuasteco.com\/portal\/wp-json\/wp\/v2\/types\/post"}],"author":[{"embeddable":true,"href":"https:\/\/amanecerhuasteco.com\/portal\/wp-json\/wp\/v2\/users\/1"}],"replies":[{"embeddable":true,"href":"https:\/\/amanecerhuasteco.com\/portal\/wp-json\/wp\/v2\/comments?post=92125"}],"version-history":[{"count":1,"href":"https:\/\/amanecerhuasteco.com\/portal\/wp-json\/wp\/v2\/posts\/92125\/revisions"}],"predecessor-version":[{"id":92127,"href":"https:\/\/amanecerhuasteco.com\/portal\/wp-json\/wp\/v2\/posts\/92125\/revisions\/92127"}],"wp:featuredmedia":[{"embeddable":true,"href":"https:\/\/amanecerhuasteco.com\/portal\/wp-json\/wp\/v2\/media\/92126"}],"wp:attachment":[{"href":"https:\/\/amanecerhuasteco.com\/portal\/wp-json\/wp\/v2\/media?parent=92125"}],"wp:term":[{"taxonomy":"category","embeddable":true,"href":"https:\/\/amanecerhuasteco.com\/portal\/wp-json\/wp\/v2\/categories?post=92125"},{"taxonomy":"post_tag","embeddable":true,"href":"https:\/\/amanecerhuasteco.com\/portal\/wp-json\/wp\/v2\/tags?post=92125"}],"curies":[{"name":"wp","href":"https:\/\/api.w.org\/{rel}","templated":true}]}}