{"id":92128,"date":"2024-01-19T09:37:39","date_gmt":"2024-01-19T15:37:39","guid":{"rendered":"http:\/\/amanecerhuasteco.com\/portal\/?p=92128"},"modified":"2024-01-19T09:37:39","modified_gmt":"2024-01-19T15:37:39","slug":"se-certifican-escuelas-verdes-en-apoyo-al-cuidado-del-medio-ambiente","status":"publish","type":"post","link":"https:\/\/amanecerhuasteco.com\/portal\/se-certifican-escuelas-verdes-en-apoyo-al-cuidado-del-medio-ambiente\/","title":{"rendered":"Se certifican \u00abEscuelas Verdes\u00bb en apoyo al cuidado del medio ambiente"},"content":{"rendered":"<p align=\"center\">\n<ul>\n<li>\n<p align=\"justify\"><span style=\"font-family: Arial, serif;\"><span style=\"font-size: small;\"><b>La escuela primaria \u00abAmado Nervo\u00bb, en la capital potosina, obtuvo su certificaci\u00f3n por el cuidado de la biosfera e integrar actividades educativas y ambientales<\/b><\/span><\/span><\/p>\n<\/li>\n<\/ul>\n<p align=\"justify\"><span style=\"font-family: Arial, serif;\"><span style=\"font-size: small;\">La Secretar\u00eda de Ecolog\u00eda y Gesti\u00f3n Ambiental (Segam), certifica como \u00abEscuelas Verdes\u00bb, a instituciones educativas que cumplen con los lineamientos del programa, que incluye el cuidado de los recursos naturales, la concientizaci\u00f3n sobre la importancia de los cambios en h\u00e1bitos de consumo y el impulso a actividades educativas y ambientales de manera integral.<\/span><\/span><\/p>\n<p align=\"justify\"><span style=\"font-family: Arial, serif;\"><span style=\"font-size: small;\">Como parte de esta labor, por instrucci\u00f3n del Gobernador de San Luis Potos\u00ed, Ricardo Gallardo Cardona, personal de la Segam entreg\u00f3 el certificado ambiental a la primaria \u00abAmado Nervo\u00bb, de la capital potosina, donde se reconoci\u00f3 a todo el personal educativo por su destacada labor al frente del plantel, donde se han llevado a cabo diversas iniciativas y actividades en beneficio del medio ambiente.<\/span><\/span><\/p>\n<p align=\"justify\"><span style=\"font-family: Arial, serif;\"><span style=\"font-size: small;\">Jes\u00fas Emmanuel Ramos Hern\u00e1ndez, titular de la Segam, dijo que el programa busca reducir el impacto ambiental en el entorno escolar y fomentar la conciencia entre las y los estudiantes y la comunidad educativa, \u201cdesde la escuela, se pretende contribuir significativamente a la mitigaci\u00f3n y adaptaci\u00f3n al cambio clim\u00e1tico, formando ciudadanos responsables y comprometidos con la preservaci\u00f3n del medio ambiente\u201d, expres\u00f3.<\/span><\/span><\/p>\n<p align=\"justify\"><span style=\"font-family: Arial, serif;\"><span style=\"font-size: small;\">La certificaci\u00f3n de la escuela primaria \u00abAmado Nervo\u00bb como \u00abEscuela Verde\u00bb es un testimonio del esfuerzo conjunto entre la administraci\u00f3n estatal, el cuerpo docente y los estudiantes, demostrando que la educaci\u00f3n ambiental y la acci\u00f3n sostenible son piezas clave en la construcci\u00f3n de un futuro m\u00e1s sostenible y verde.<\/span><\/span><\/p>\n","protected":false},"excerpt":{"rendered":"<p>La escuela primaria \u00abAmado Nervo\u00bb, en la capital potosina, obtuvo su certificaci\u00f3n por el cuidado de la biosfera e integrar actividades educativas y ambientales La Secretar\u00eda de Ecolog\u00eda y Gesti\u00f3n Ambiental (Segam), certifica como \u00abEscuelas Verdes\u00bb, a instituciones educativas que cumplen con los lineamientos del &hellip; <\/p>\n","protected":false},"author":1,"featured_media":92129,"comment_status":"open","ping_status":"open","sticky":false,"template":"","format":"standard","meta":{"footnotes":""},"categories":[7,11,4,12,5],"tags":[],"class_list":["post-92128","post","type-post","status-publish","format-standard","has-post-thumbnail","hentry","category-ciudad","category-estado","category-inicio","category-nacional","category-politica"],"_links":{"self":[{"href":"https:\/\/amanecerhuasteco.com\/portal\/wp-json\/wp\/v2\/posts\/92128","targetHints":{"allow":["GET"]}}],"collection":[{"href":"https:\/\/amanecerhuasteco.com\/portal\/wp-json\/wp\/v2\/posts"}],"about":[{"href":"https:\/\/amanecerhuasteco.com\/portal\/wp-json\/wp\/v2\/types\/post"}],"author":[{"embeddable":true,"href":"https:\/\/amanecerhuasteco.com\/portal\/wp-json\/wp\/v2\/users\/1"}],"replies":[{"embeddable":true,"href":"https:\/\/amanecerhuasteco.com\/portal\/wp-json\/wp\/v2\/comments?post=92128"}],"version-history":[{"count":1,"href":"https:\/\/amanecerhuasteco.com\/portal\/wp-json\/wp\/v2\/posts\/92128\/revisions"}],"predecessor-version":[{"id":92130,"href":"https:\/\/amanecerhuasteco.com\/portal\/wp-json\/wp\/v2\/posts\/92128\/revisions\/92130"}],"wp:featuredmedia":[{"embeddable":true,"href":"https:\/\/amanecerhuasteco.com\/portal\/wp-json\/wp\/v2\/media\/92129"}],"wp:attachment":[{"href":"https:\/\/amanecerhuasteco.com\/portal\/wp-json\/wp\/v2\/media?parent=92128"}],"wp:term":[{"taxonomy":"category","embeddable":true,"href":"https:\/\/amanecerhuasteco.com\/portal\/wp-json\/wp\/v2\/categories?post=92128"},{"taxonomy":"post_tag","embeddable":true,"href":"https:\/\/amanecerhuasteco.com\/portal\/wp-json\/wp\/v2\/tags?post=92128"}],"curies":[{"name":"wp","href":"https:\/\/api.w.org\/{rel}","templated":true}]}}