{"id":92138,"date":"2024-01-20T10:07:57","date_gmt":"2024-01-20T16:07:57","guid":{"rendered":"http:\/\/amanecerhuasteco.com\/portal\/?p=92138"},"modified":"2024-01-20T10:07:57","modified_gmt":"2024-01-20T16:07:57","slug":"firman-convenio-de-colaboracion-ine-slp-y-coparmex","status":"publish","type":"post","link":"https:\/\/amanecerhuasteco.com\/portal\/firman-convenio-de-colaboracion-ine-slp-y-coparmex\/","title":{"rendered":"Firman convenio de colaboraci\u00f3n INE SLP y COPARMEX  \u00a0"},"content":{"rendered":"<p>&nbsp;<\/p>\n<p>La Junta Local Ejecutiva del Instituto Nacional Electoral (INE) en San Luis Potos\u00ed y el Centro Empresarial de San Luis Potos\u00ed S.P. (COPARMEX SLP) firmaron un convenio de colaboraci\u00f3n con la finalidad de llevar a cabo acciones conjuntas espec\u00edficamente para divulgar entre la ciudadan\u00eda el cobrar conciencia c\u00edvica en todas aquellas personas en edad y derecho de votar para que tramiten su Credencial de Elector y ejerzan sus derechos pol\u00edticos, entre ellos el de emitir sufragio en los pr\u00f3ximos comicios a celebrarse en la Rep\u00fablica Mexicana.<\/p>\n<p>&nbsp;<\/p>\n<p>En representaci\u00f3n del INE SLP firm\u00f3 el presidente del Consejo Local Pablo Sergio Aispuro C\u00e1rdenas y en representaci\u00f3n de COPARMEX, lo signaron el presidente Luis Gerardo Ortu\u00f1o Diaz Infante y Homero Garza Rodarte, Presidente de la Comisi\u00f3n de Educaci\u00f3n del organismo empresarial.<\/p>\n<p>&nbsp;<\/p>\n<p>En primer t\u00e9rmino, el INE SLP se oblig\u00f3 a realizar actividades para promover la participaci\u00f3n ciudadana, ejercitando la garant\u00eda que les otorga el art\u00edculo 35 de la Constituci\u00f3n Pol\u00edtica de los Estados Unidos Mexicanos en su cap\u00edtulo relativo a los derechos pol\u00edticos, como el derecho al voto.<\/p>\n<p>&nbsp;<\/p>\n<p>Dentro del convenio COPARMEX se comprometi\u00f3 a establecer los canales de comunicaci\u00f3n que permitan la diseminaci\u00f3n de actividades pol\u00edticas y espec\u00edficamente la de obtenci\u00f3n de la Credencial de Elector y el ejercicio del voto por parte de los ciudadanos mexicanos.<\/p>\n<p>&nbsp;<\/p>\n<p>En su discurso Aispuro C\u00e1rdenas, manifest\u00f3 que la Instituci\u00f3n se mantendr\u00e1 cercana a la sociedad civil para fomentar la democracia en la entidad.<\/p>\n<p>&nbsp;<\/p>\n<p>\u201cNos interesa que las y los j\u00f3venes voten, acudan a las urnas y ejerzan su derecho, sobre todo aquellos de 18 a 29 a\u00f1os\u201d subray\u00f3.<\/p>\n<p>&nbsp;<\/p>\n<p>Por su parte, Ortu\u00f1o D\u00edaz Infante se\u00f1al\u00f3 la importancia de fomentar la consciencia c\u00edvica entre la ciudadan\u00eda desde el sector patronal y de cada una de las comisiones principalmente la de educaci\u00f3n, para entender los derechos y obligaciones encaminados a fomentar la democracia.<\/p>\n<p>&nbsp;<\/p>\n<p>El Presidente de la comisi\u00f3n de Educaci\u00f3n Homero Garza, afirm\u00f3 que desde 2007 se tiene el compromiso de fomentar la participaci\u00f3n ciudadana desde las universidades para el libre voto por parte de las y los j\u00f3venes.<\/p>\n<p>&nbsp;<\/p>\n<p>\u201cTenemos el deber de cuidar nuestra democracia\u201d concluy\u00f3.<\/p>\n<p>&nbsp;<\/p>\n<p>Como testigos de honor asistieron rectoras y rectores, as\u00ed como representantes de El Colegio de San Luis (COLSAN) David Eduardo Vazquez Salguero; de la Universidad Vasco de Quiroga (UVAQ) H\u00e9ctor Marroqu\u00edn Segura; de la Universidad Interamericana para el Desarrollo (UNID) Ra\u00fal Torres Mu\u00f1oz; del\u00a0 Colegio Nacional de Educaci\u00f3n Profesional (CONALEP) Mar\u00eda Patricia \u00c1lvarez Escobedo; de la Universidad San Pablo, Homero Garza Rodarte; de la Universidad Tecnol\u00f3gica Metropolitana, Vania Moreno Solano; del Tecnol\u00f3gico de Monterrey, Oscar Sotelo; y de la Universidad Tecnol\u00f3gica de SLP, Gabriela Sol\u00eds Gonz\u00e1lez.<\/p>\n<p>&nbsp;<\/p>\n<p>De esta forma se sell\u00f3 el compromiso de fomentar la participaci\u00f3n ciudadana en la entidad, enfocada principalmente a las y los j\u00f3venes.<\/p>\n<p>&nbsp;<\/p>\n<p>&nbsp;<\/p>\n<p><strong>-o0o-<\/strong><\/p>\n","protected":false},"excerpt":{"rendered":"<p>&nbsp; La Junta Local Ejecutiva del Instituto Nacional Electoral (INE) en San Luis Potos\u00ed y el Centro Empresarial de San Luis Potos\u00ed S.P. (COPARMEX SLP) firmaron un convenio de colaboraci\u00f3n con la finalidad de llevar a cabo acciones conjuntas espec\u00edficamente para divulgar entre la ciudadan\u00eda &hellip; <\/p>\n","protected":false},"author":1,"featured_media":92139,"comment_status":"open","ping_status":"open","sticky":false,"template":"","format":"standard","meta":{"footnotes":""},"categories":[7,11,4,12,5],"tags":[],"class_list":["post-92138","post","type-post","status-publish","format-standard","has-post-thumbnail","hentry","category-ciudad","category-estado","category-inicio","category-nacional","category-politica"],"_links":{"self":[{"href":"https:\/\/amanecerhuasteco.com\/portal\/wp-json\/wp\/v2\/posts\/92138","targetHints":{"allow":["GET"]}}],"collection":[{"href":"https:\/\/amanecerhuasteco.com\/portal\/wp-json\/wp\/v2\/posts"}],"about":[{"href":"https:\/\/amanecerhuasteco.com\/portal\/wp-json\/wp\/v2\/types\/post"}],"author":[{"embeddable":true,"href":"https:\/\/amanecerhuasteco.com\/portal\/wp-json\/wp\/v2\/users\/1"}],"replies":[{"embeddable":true,"href":"https:\/\/amanecerhuasteco.com\/portal\/wp-json\/wp\/v2\/comments?post=92138"}],"version-history":[{"count":1,"href":"https:\/\/amanecerhuasteco.com\/portal\/wp-json\/wp\/v2\/posts\/92138\/revisions"}],"predecessor-version":[{"id":92140,"href":"https:\/\/amanecerhuasteco.com\/portal\/wp-json\/wp\/v2\/posts\/92138\/revisions\/92140"}],"wp:featuredmedia":[{"embeddable":true,"href":"https:\/\/amanecerhuasteco.com\/portal\/wp-json\/wp\/v2\/media\/92139"}],"wp:attachment":[{"href":"https:\/\/amanecerhuasteco.com\/portal\/wp-json\/wp\/v2\/media?parent=92138"}],"wp:term":[{"taxonomy":"category","embeddable":true,"href":"https:\/\/amanecerhuasteco.com\/portal\/wp-json\/wp\/v2\/categories?post=92138"},{"taxonomy":"post_tag","embeddable":true,"href":"https:\/\/amanecerhuasteco.com\/portal\/wp-json\/wp\/v2\/tags?post=92138"}],"curies":[{"name":"wp","href":"https:\/\/api.w.org\/{rel}","templated":true}]}}