{"id":92171,"date":"2024-01-21T09:40:20","date_gmt":"2024-01-21T15:40:20","guid":{"rendered":"http:\/\/amanecerhuasteco.com\/portal\/?p=92171"},"modified":"2024-01-21T09:40:20","modified_gmt":"2024-01-21T15:40:20","slug":"gobierno-fortalece-proyecto-de-monitoreo-del-aire","status":"publish","type":"post","link":"https:\/\/amanecerhuasteco.com\/portal\/gobierno-fortalece-proyecto-de-monitoreo-del-aire\/","title":{"rendered":"Gobierno fortalece proyecto de monitoreo del aire"},"content":{"rendered":"<p>&nbsp;<\/p>\n<p>&nbsp;<\/p>\n<ul>\n<li><strong>La Secretar\u00eda de Ecolog\u00eda y Gesti\u00f3n Ambiental ha llevado a cabo una inversi\u00f3n significativa de casi 3 millones de pesos en la mejora del monitoreo de la calidad del aire en diversos municipios<\/strong><\/li>\n<\/ul>\n<p>&nbsp;<\/p>\n<p>Para garantizar un futuro m\u00e1s sustentable, el Gobierno Estatal, a trav\u00e9s de la Secretar\u00eda de Ecolog\u00eda y Gesti\u00f3n Ambiental (Segam), fortalece el proyecto de monitoreo del aire, con la adquisici\u00f3n de equipo para su mantenimiento y la implementaci\u00f3n de programas especializados para el monitoreo exhaustivo en San Luis Potos\u00ed, Soledad de Graciano S\u00e1nchez y la zona metropolitana que comprende los municipios de Rioverde y Ciudad Fern\u00e1ndez.<\/p>\n<p>El titular de la dependencia estatal, Jes\u00fas Emmanuel Ramos Hern\u00e1ndez, dijo que de acuerdo con la instrucci\u00f3n del Gobernador Ricardo Gallardo Cardona, estas acciones evaluar\u00e1n y controlar\u00e1 los niveles de contaminaci\u00f3n atmosf\u00e9rica, contribuyendo as\u00ed a la preservaci\u00f3n del medio ambiente en apoyo al bienestar de la poblaci\u00f3n potosina. Agreg\u00f3 que la calidad del aire es un factor fundamental para la salud p\u00fablica y la inversi\u00f3n realizada refleja el compromiso del Gobierno del Estado en abordar este desaf\u00edo de manera proactiva.<\/p>\n<p>\u00abPara el Gobierno Estatal, es primordial garantizar un ambiente saludable para las presentes y futuras generaciones de San Luis Potos\u00ed, esta inversi\u00f3n en la mejora del monitoreo de la calidad del aire es un paso significativo hacia ese objetivo\u00bb, expres\u00f3 Ramos Hern\u00e1ndez.<\/p>\n<p>Con esta iniciativa, el Gobierno del Estado reafirma su compromiso en la implementaci\u00f3n de pol\u00edticas ambientales que promueven el desarrollo sostenible y la protecci\u00f3n de los recursos naturales. La transparencia y la responsabilidad en la gesti\u00f3n ambiental son valores fundamentales que gu\u00edan estas acciones, en l\u00ednea con los compromisos asumidos por la administraci\u00f3n estatal.<\/p>\n","protected":false},"excerpt":{"rendered":"<p>&nbsp; &nbsp; La Secretar\u00eda de Ecolog\u00eda y Gesti\u00f3n Ambiental ha llevado a cabo una inversi\u00f3n significativa de casi 3 millones de pesos en la mejora del monitoreo de la calidad del aire en diversos municipios &nbsp; Para garantizar un futuro m\u00e1s sustentable, el Gobierno Estatal, &hellip; <\/p>\n","protected":false},"author":1,"featured_media":92172,"comment_status":"open","ping_status":"open","sticky":false,"template":"","format":"standard","meta":{"footnotes":""},"categories":[7,11,4,5],"tags":[],"class_list":["post-92171","post","type-post","status-publish","format-standard","has-post-thumbnail","hentry","category-ciudad","category-estado","category-inicio","category-politica"],"_links":{"self":[{"href":"https:\/\/amanecerhuasteco.com\/portal\/wp-json\/wp\/v2\/posts\/92171","targetHints":{"allow":["GET"]}}],"collection":[{"href":"https:\/\/amanecerhuasteco.com\/portal\/wp-json\/wp\/v2\/posts"}],"about":[{"href":"https:\/\/amanecerhuasteco.com\/portal\/wp-json\/wp\/v2\/types\/post"}],"author":[{"embeddable":true,"href":"https:\/\/amanecerhuasteco.com\/portal\/wp-json\/wp\/v2\/users\/1"}],"replies":[{"embeddable":true,"href":"https:\/\/amanecerhuasteco.com\/portal\/wp-json\/wp\/v2\/comments?post=92171"}],"version-history":[{"count":1,"href":"https:\/\/amanecerhuasteco.com\/portal\/wp-json\/wp\/v2\/posts\/92171\/revisions"}],"predecessor-version":[{"id":92173,"href":"https:\/\/amanecerhuasteco.com\/portal\/wp-json\/wp\/v2\/posts\/92171\/revisions\/92173"}],"wp:featuredmedia":[{"embeddable":true,"href":"https:\/\/amanecerhuasteco.com\/portal\/wp-json\/wp\/v2\/media\/92172"}],"wp:attachment":[{"href":"https:\/\/amanecerhuasteco.com\/portal\/wp-json\/wp\/v2\/media?parent=92171"}],"wp:term":[{"taxonomy":"category","embeddable":true,"href":"https:\/\/amanecerhuasteco.com\/portal\/wp-json\/wp\/v2\/categories?post=92171"},{"taxonomy":"post_tag","embeddable":true,"href":"https:\/\/amanecerhuasteco.com\/portal\/wp-json\/wp\/v2\/tags?post=92171"}],"curies":[{"name":"wp","href":"https:\/\/api.w.org\/{rel}","templated":true}]}}