{"id":92174,"date":"2024-01-21T09:42:03","date_gmt":"2024-01-21T15:42:03","guid":{"rendered":"http:\/\/amanecerhuasteco.com\/portal\/?p=92174"},"modified":"2024-01-21T09:42:03","modified_gmt":"2024-01-21T15:42:03","slug":"gobierno-brinda-apoyo-en-capacitacion-a-servidores-publicos-estatales","status":"publish","type":"post","link":"https:\/\/amanecerhuasteco.com\/portal\/gobierno-brinda-apoyo-en-capacitacion-a-servidores-publicos-estatales\/","title":{"rendered":"Gobierno brinda apoyo en capacitaci\u00f3n a servidores p\u00fablicos estatales"},"content":{"rendered":"<p>&nbsp;<\/p>\n<p>&nbsp;<\/p>\n<ul>\n<li><strong>M\u00e1s de 60 trabajadores participaron en la conferencia \u00abHabilidades gerenciales en un marco \u00e9tico y de desarrollo humano\u00bb<\/strong><\/li>\n<\/ul>\n<p>&nbsp;<\/p>\n<p>La Oficial\u00eda Mayor de Gobierno del Estado, inici\u00f3 el programa de capacitaciones 2024 con la conferencia, \u201cHabilidades gerenciales en un marco \u00e9tico y de desarrollo humano\u201d que se llev\u00f3 a cabo de con apoyo de la Universidad Marista.<\/p>\n<p>As\u00ed lo dio a conocer el titular de la dependencia estatal, No\u00e9 Lara Enr\u00edquez, quien puntualiz\u00f3 que en esta pl\u00e1tica, participaron alrededor de 60 trabajadores de diferentes dependencias de la administraci\u00f3n p\u00fablica estatal.<\/p>\n<p>Detall\u00f3 que, Marina Rivera Guzm\u00e1n, fue quien imparti\u00f3 esta conferencia en la que destac\u00f3 que \u201clas habilidades gerenciales son el v\u00ednculo mediante el cual la estrategia, la pr\u00e1ctica de la administraci\u00f3n, herramientas, t\u00e9cnicas, atributos de la personalidad y el estilo, trabajan para producir resultados eficaces dentro de las organizaciones\u201d.<\/p>\n<p>Indic\u00f3 que a medida que el mundo avanza, las personas buscan desarrollarse para ser m\u00e1s competentes; en consecuencia, los cursos de habilidades gerenciales son de suma importancia para todas las instituciones y su talento humano, para generar espacios de formaci\u00f3n y desarrollo de habilidades gerenciales hace que las empresas sean m\u00e1s competitivas.<\/p>\n<p>Adem\u00e1s, fomenta oportunidades de crecimiento dentro de las organizaciones para reducir la p\u00e9rdida de talento y desarrolla las habilidades directivas que aportan a la gerencia, herramientas para afrontar las demandas del mercado y lograr los objetivos de en las instituciones<\/p>\n","protected":false},"excerpt":{"rendered":"<p>&nbsp; &nbsp; M\u00e1s de 60 trabajadores participaron en la conferencia \u00abHabilidades gerenciales en un marco \u00e9tico y de desarrollo humano\u00bb &nbsp; La Oficial\u00eda Mayor de Gobierno del Estado, inici\u00f3 el programa de capacitaciones 2024 con la conferencia, \u201cHabilidades gerenciales en un marco \u00e9tico y de &hellip; <\/p>\n","protected":false},"author":1,"featured_media":92175,"comment_status":"open","ping_status":"open","sticky":false,"template":"","format":"standard","meta":{"footnotes":""},"categories":[7,11,4,12,5],"tags":[],"class_list":["post-92174","post","type-post","status-publish","format-standard","has-post-thumbnail","hentry","category-ciudad","category-estado","category-inicio","category-nacional","category-politica"],"_links":{"self":[{"href":"https:\/\/amanecerhuasteco.com\/portal\/wp-json\/wp\/v2\/posts\/92174","targetHints":{"allow":["GET"]}}],"collection":[{"href":"https:\/\/amanecerhuasteco.com\/portal\/wp-json\/wp\/v2\/posts"}],"about":[{"href":"https:\/\/amanecerhuasteco.com\/portal\/wp-json\/wp\/v2\/types\/post"}],"author":[{"embeddable":true,"href":"https:\/\/amanecerhuasteco.com\/portal\/wp-json\/wp\/v2\/users\/1"}],"replies":[{"embeddable":true,"href":"https:\/\/amanecerhuasteco.com\/portal\/wp-json\/wp\/v2\/comments?post=92174"}],"version-history":[{"count":1,"href":"https:\/\/amanecerhuasteco.com\/portal\/wp-json\/wp\/v2\/posts\/92174\/revisions"}],"predecessor-version":[{"id":92176,"href":"https:\/\/amanecerhuasteco.com\/portal\/wp-json\/wp\/v2\/posts\/92174\/revisions\/92176"}],"wp:featuredmedia":[{"embeddable":true,"href":"https:\/\/amanecerhuasteco.com\/portal\/wp-json\/wp\/v2\/media\/92175"}],"wp:attachment":[{"href":"https:\/\/amanecerhuasteco.com\/portal\/wp-json\/wp\/v2\/media?parent=92174"}],"wp:term":[{"taxonomy":"category","embeddable":true,"href":"https:\/\/amanecerhuasteco.com\/portal\/wp-json\/wp\/v2\/categories?post=92174"},{"taxonomy":"post_tag","embeddable":true,"href":"https:\/\/amanecerhuasteco.com\/portal\/wp-json\/wp\/v2\/tags?post=92174"}],"curies":[{"name":"wp","href":"https:\/\/api.w.org\/{rel}","templated":true}]}}