{"id":92183,"date":"2024-01-21T18:29:34","date_gmt":"2024-01-22T00:29:34","guid":{"rendered":"http:\/\/amanecerhuasteco.com\/portal\/?p=92183"},"modified":"2024-01-21T18:53:48","modified_gmt":"2024-01-22T00:53:48","slug":"reinicia-molienda-el-ingenio-alianza-popular-se-espera-lograr-una-buena-zafra-2023-2024","status":"publish","type":"post","link":"https:\/\/amanecerhuasteco.com\/portal\/reinicia-molienda-el-ingenio-alianza-popular-se-espera-lograr-una-buena-zafra-2023-2024\/","title":{"rendered":"Reinicia molienda el Ingenio Alianza Popular, se espera lograr una buena zafra 2023-2024"},"content":{"rendered":"<p><img decoding=\"async\" class=\"alignnone size-full wp-image-92185\" src=\"https:\/\/amanecerhuasteco.com\/portal\/wp-content\/uploads\/2024\/01\/421467417_893479572778650_8076291860817958141_n.jpg\" alt=\"\" width=\"1029\" height=\"563\" \/><\/p>\n<p>-Luego del lamentable accidente que costo la vida a un obrero<\/p>\n<p>Tamasopo.- El Ingenio Alianza Popular, reactivo la molienda de la Zafra 2023-2024, luego de realizar un paro t\u00e9cnico al registrarse un lamentable accidente de trabajo de un obrero de esta factor\u00eda quien perdi\u00f3 la vida en un \u00e1rea de esta fabrica.<\/p>\n<p>De acuerdo a informaci\u00f3n recabada por Amanecer Huasteco, el paro de la molienda fue superior a las 31 horas, por lo que se estima que se encuentran en Batey y en la Fila fuera del Ingenio Azucarero, alrededor de 300 camiones cargados de ca\u00f1a de az\u00facar para ser procesadas.<\/p>\n<p>Cabe se\u00f1alar, que antes del accidente, las organizaciones de productores de ca\u00f1a, bloquearon acceso al Ingenio Azucarero, por incumplimiento de acuerdos por parte del Gerente de la fabrica, que finalmente con la intervenci\u00f3n de directivos del Grupo Santos y las Uniones Nacionales Ca\u00f1eras se resolvi\u00f3 el conflicto.<\/p>\n<p>Se tiene confianza que todo ser normalice en la Zafra 2023-2024, para que este Ingenio Azucarero vuelva a ocupar los primeros lugares nacionales en productividad, rendimiento y se genere la derrama econ\u00f3mica en la regi\u00f3n.<\/p>\n<p>&#8212;<\/p>\n","protected":false},"excerpt":{"rendered":"<p>-Luego del lamentable accidente que costo la vida a un obrero Tamasopo.- El Ingenio Alianza Popular, reactivo la molienda de la Zafra 2023-2024, luego de realizar un paro t\u00e9cnico al registrarse un lamentable accidente de trabajo de un obrero de esta factor\u00eda quien perdi\u00f3 la &hellip; <\/p>\n","protected":false},"author":1,"featured_media":92184,"comment_status":"open","ping_status":"open","sticky":false,"template":"","format":"standard","meta":{"footnotes":""},"categories":[7,11,4,12,5],"tags":[],"class_list":["post-92183","post","type-post","status-publish","format-standard","has-post-thumbnail","hentry","category-ciudad","category-estado","category-inicio","category-nacional","category-politica"],"_links":{"self":[{"href":"https:\/\/amanecerhuasteco.com\/portal\/wp-json\/wp\/v2\/posts\/92183","targetHints":{"allow":["GET"]}}],"collection":[{"href":"https:\/\/amanecerhuasteco.com\/portal\/wp-json\/wp\/v2\/posts"}],"about":[{"href":"https:\/\/amanecerhuasteco.com\/portal\/wp-json\/wp\/v2\/types\/post"}],"author":[{"embeddable":true,"href":"https:\/\/amanecerhuasteco.com\/portal\/wp-json\/wp\/v2\/users\/1"}],"replies":[{"embeddable":true,"href":"https:\/\/amanecerhuasteco.com\/portal\/wp-json\/wp\/v2\/comments?post=92183"}],"version-history":[{"count":2,"href":"https:\/\/amanecerhuasteco.com\/portal\/wp-json\/wp\/v2\/posts\/92183\/revisions"}],"predecessor-version":[{"id":92192,"href":"https:\/\/amanecerhuasteco.com\/portal\/wp-json\/wp\/v2\/posts\/92183\/revisions\/92192"}],"wp:featuredmedia":[{"embeddable":true,"href":"https:\/\/amanecerhuasteco.com\/portal\/wp-json\/wp\/v2\/media\/92184"}],"wp:attachment":[{"href":"https:\/\/amanecerhuasteco.com\/portal\/wp-json\/wp\/v2\/media?parent=92183"}],"wp:term":[{"taxonomy":"category","embeddable":true,"href":"https:\/\/amanecerhuasteco.com\/portal\/wp-json\/wp\/v2\/categories?post=92183"},{"taxonomy":"post_tag","embeddable":true,"href":"https:\/\/amanecerhuasteco.com\/portal\/wp-json\/wp\/v2\/tags?post=92183"}],"curies":[{"name":"wp","href":"https:\/\/api.w.org\/{rel}","templated":true}]}}