{"id":92634,"date":"2024-02-04T21:22:19","date_gmt":"2024-02-05T03:22:19","guid":{"rendered":"http:\/\/amanecerhuasteco.com\/portal\/?p=92634"},"modified":"2024-02-04T21:22:19","modified_gmt":"2024-02-05T03:22:19","slug":"entre-columnas-597","status":"publish","type":"post","link":"https:\/\/amanecerhuasteco.com\/portal\/entre-columnas-597\/","title":{"rendered":"ENTRE COLUMNAS"},"content":{"rendered":"<p>SIETE\u00a0 EX FUNCIONARIOS DEL ESTADO\u00a0\u00a0 A PRISION\u00a0 POR MILLONARIO DESVIO DE RECURSOS<\/p>\n<p>&nbsp;<\/p>\n<p>LA Fiscal\u00eda del Estado inform\u00f3 la detenci\u00f3n de varias personas, luego que se les cumpliment\u00f3 una orden de aprehensi\u00f3n por los delitos de ejercicio il\u00edcito de las funciones p\u00fablicas y peculado, que habr\u00edan sido cometidos en agravio del erario p\u00fablico. son 200 millones de pesos con expectativa a que se incrementen a 700 o hasta\u00a0 los 1000 millones de pesos \u00a0\u201cde acuerdo a los datos que las investigaciones han arrojado\u201d, inform\u00f3 el titular\u00a0 de la Fiscal\u00eda, estas \u00a0cantidades las obtuvieron por medio de un contubernio que se habr\u00eda establecido entre funcionarios de la Direcci\u00f3n de Pensiones , y una instituci\u00f3n bancaria con el uso de documentos ap\u00f3crifos.<\/p>\n<p>&nbsp;<\/p>\n<p>El Fiscal General del Estado, Jos\u00e9 Luis Ruiz Contreras, inform\u00f3 la detenci\u00f3n de varias personas, luego que se les cumpliment\u00f3 una orden de aprehensi\u00f3n por los delitos de ejercicio il\u00edcito de las funciones p\u00fablicas y peculado, que habr\u00edan sido cometidos en agravio del erario p\u00fablico.<\/p>\n<p>El recurso desviado era producto de las retenciones que se les hac\u00edan a los derechohabientes para el beneficio de pr\u00e9stamos hipotecarios, y facultaban a la instancia afectada para que se efectuara el manejo correspondiente a las empresas bancarias; sin embargo, los montos eran depositados a otras cuentas externas.<\/p>\n<p>Asimismo, el funcionario a\u00f1adi\u00f3 : \u201cla denuncia por estos hechos se inici\u00f3 en noviembre de 2023, por los ex directores de la dependencia, y al iniciar con las indagatorias se conoci\u00f3 que estas acciones se realizaron desde el 2020 hasta parte del 2023\u201d.<\/p>\n<p>Los detenidos \u00a0responden a los nombres de Arturo \u201cN\u201d, Ricardo \u201cN\u201d, Ana Lilia \u201cN\u201d, Manuel \u201cN\u201d, Juana Patricia \u201cN\u201d, Ana Paola \u201cN\u201d y Neftal\u00ed \u201cN\u201d.\u00a0 Estas personas fueron puestas a disposici\u00f3n de un Juez de control para el desarrollo de su proceso penal, y en d\u00edas pr\u00f3ximos se determinar\u00e1 su situaci\u00f3n jur\u00eddica.<\/p>\n<p>+++++++++++<\/p>\n<p>ALCALDES\u00a0 YA\u00a0 DISPONEN\u00a0 DEL RAMO 33\u00a0 PARA OBRAS\u00a0 ETIQUETADAS\u201d\u00a0 (no para hacer campa\u00f1a pol\u00edtica)<\/p>\n<p>Con una bolsa de m\u00e1s de tres mil 214 millones de pesos, el Gobernador de San Luis Potos\u00ed, Ricardo Gallardo Cardona, hizo entrega simb\u00f3lica de los recursos del Ramo 33, del Fondo de Aportaciones para la Infraestructura Social (FAIS), en apoyo a las familias potosinas de los 58 municipios para que accedan a un mayor bienestar y una mejor calidad de vida con m\u00e1s obras de mejoramiento de servicios b\u00e1sicos, instalaciones educativas y de salud.<\/p>\n<p>Con la\u00a0 asistencia\u00a0 de \u00a0los presidentes municipales, el Mandatario Potosino exhort\u00f3 a priorizar la inversi\u00f3n en seguridad p\u00fablica, para contar con m\u00e1s polic\u00edas, equipamiento y armamento y as\u00ed poder fortalecer las tareas de prevenci\u00f3n en coordinaci\u00f3n con el Gobierno del Estado y la Federaci\u00f3n.<\/p>\n<p>Dijo que la cifra se suma al Fondo de Fortalecimiento de los Municipios (FFM), que da un total hist\u00f3rico de 5 mil 766.93 millones de pesos, m\u00e1s los 7 mil 800 presupuestados por el Gobierno del Estado para obras de infraestructura en las cuatro regiones, lo que permite resolver m\u00e1s necesidades de \u00a0los potosinos, para que vivan con m\u00e1s bienestar, sin importar el tama\u00f1o del municipio.<\/p>\n<p>Por su parte, el presidente municipal de Villa de Ramos, Erick Giovanni Espino de la Rosa, a nombre de los ediles, dijo que los recursos se aplicar\u00e1n de acuerdo con las necesidades del pueblo en los temas prioritarios de seguridad, salud, agua potable y modernizaci\u00f3n de la infraestructura; asimismo, asever\u00f3 que ser\u00e1n tambi\u00e9n administrados con transparencia y rendici\u00f3n de cuentas.<\/p>\n<p>+++++++++<\/p>\n<p>\u201cSI HAY\u00a0 AGUA\u00a0 EN VALLES\u201d\u00a0 PERO A 200 HASTA 500\u00a0 METROS\u00a0 DE\u00a0 PROFUNDIDAD.<\/p>\n<p>De donde\u00a0 obtuvo la\u00a0 administraci\u00f3n de la\u00a0 DAPAS\u00a0 recursos econ\u00f3micos\u00a0 suficientes\u00a0 para\u00a0 cubrir los\u00a0 adeudos\u00a0 que recibi\u00f3 de la pasada\u00a0 administraci\u00f3n y no tiene\u00a0 para\u00a0 financiar un estudio, ahora bien, desde\u00a0 hace\u00a0 tres\u00a0\u00a0 administraciones anteriores o mas, han hablado del proyecto\u00a0 del R\u00edo Claro pero no concretaron nada\u00a0 al respecto, ni una sola gesti\u00f3n ante\u00a0 autoridades superiores\u00a0 para\u00a0\u00a0 hacer los estudios correspondientes, la actual\u00a0 administraci\u00f3n igualmente ha\u00a0 eludido\u00a0 este\u00a0 problema.<\/p>\n<p>Sin embargo\u00a0 el director\u00a0 del organismo operador del agua inform\u00f3 de la\u00a0 existencia s de\u00a0 agua en el subsuelo del valle, estudios geo hidrol\u00f3gicos dar\u00e1n a conocer la existencia del vital elemento en el\u00a0 agua en el subsuelo Vallense, espec\u00edficamente en el Ejido El Zocohuite\u00a0 al noroeste de la urbe es el lugar donde la carta geo hidrol\u00f3gica marca posibilidad de agua en el subsuelo, aunque no\u00a0 existe un estimado de\u00a0 la fuente h\u00eddrica.<\/p>\n<p>Si usted\u00a0 tiene\u00a0 oportunidad de pasar por el puente\u00a0 del r\u00edo Valles\u00a0\u00a0 para\u00a0 la colonia Ju\u00e1rez, se alarmar\u00e1\u00a0 al\u00a0 observar las condiciones\u00a0 lo que otrora fuera\u00a0 l orgullo de los Vallenses\u00a0\u00a0\u00a0 tener un\u00a0 caudaloso afluente del Tampaon, en desenlace es inimaginable\u00a0 al\u00a0 reducirse\u00a0 la escasa\u00a0 corriente\u00a0\u00a0 del c\u00e1rcamo donde se bombea\u00a0 a la\u00a0 Planta potabilizadora\u00a0 que\u00a0 abastece\u00a0 a la poblaci\u00f3n.<\/p>\n<p>Una publicaci\u00f3n de la Dapas acepta que el \u201cr\u00edo Valles es extremadamente delgado y falta a\u00fan un seis meses para llegar a la temporada de lluvias en la zona, \u00a0se registran durante el ciclo de julio a septiembre, por ello el cuidado del vital l\u00edquido es primordial\u2026\u2026. \u00a0Existe un di\u00e1logo puntual para priorizar el recurso buscando otra fuente de abastecimiento, por el momento se trabajar\u00e1 en la zona del Ejido El Zocohuite en la creaci\u00f3n de pozos. el llamado ciudadano es para que no hagan uso excesivo del agua, se\u00f1alando que el tandeo en algunos sectores se realiza de manera autom\u00e1tica al momento que los tanques de almacenamiento registran bajos niveles, situaci\u00f3n que afecta las partes altas y m\u00e1s alejadas.\u00a0 La\u00a0 justificaci\u00f3n que\u00a0 da la Junta de gobierno que preside el alcalde\u00a0 es\u00a0 carecer de\u00a0 recursos econ\u00f3micos\u00a0 suficientes\u00a0 apenas para\u00a0 hacer los estudios\u2026.no hablan de ninguna gesti\u00f3n seria ante ninguna instancia,<\/p>\n<p>++++++++++++++++<\/p>\n<p>TREMENDO DOMINGAZO, EL\u00a0\u00a0 PRI\u00a0 NO\u00a0 APOYARA A\u00a0\u00a0 ADVENEDIZOS.<\/p>\n<p>&nbsp;<\/p>\n<p>\u201cQueremos candidatos\u00a0 originarios de Valles. 100% Huasteco: Ramiro Galero.<\/p>\n<p>&nbsp;<\/p>\n<p>La dirigencia local del PRI Valles\u00a0 fij\u00f3 su postura, no\u00a0 apoyar\u00e1\u00a0 a\u00a0 ning\u00fan\u00a0 candidato advenedizo\u00a0 para la sucesi\u00f3n municipal \u201cno necesitamos de refugiados\u201d\u00a0 contundente\u00a0 declaraci\u00f3n del presidente del tricolor Vallense\u00a0 Jos\u00e9\u00a0 Luis\u00a0 Ramiro Galero, no\u00a0 a imposiciones<\/p>\n<p>&nbsp;<\/p>\n<p>El actual presidente del Comit\u00e9 Directivo Municipal del <a href=\"https:\/\/www.facebook.com\/hashtag\/pri?__eep__=6&amp;__cft__%5b0%5d=AZUZ4xMcsUy6ebtJa61VVRn2RTKsw1BgXOhPf_Z3yGhTC3s-rKTDl0MnjoJuwLApkCb0m7E-a73g8u_4YqIOOC_hRNq-9QbhfPScFVkSebuHI770xanUGKXOGTLLX2AI5ZuXnQzV6mwjopS-LobWq09WLbIuHm19awQZbmfyo9O4pBvDwXfs446Pv2Bw6SABe_Y&amp;__tn__=*NK-R\">#PRI<\/a> en <a href=\"https:\/\/www.facebook.com\/hashtag\/cdvalles?__eep__=6&amp;__cft__%5b0%5d=AZUZ4xMcsUy6ebtJa61VVRn2RTKsw1BgXOhPf_Z3yGhTC3s-rKTDl0MnjoJuwLApkCb0m7E-a73g8u_4YqIOOC_hRNq-9QbhfPScFVkSebuHI770xanUGKXOGTLLX2AI5ZuXnQzV6mwjopS-LobWq09WLbIuHm19awQZbmfyo9O4pBvDwXfs446Pv2Bw6SABe_Y&amp;__tn__=*NK-R\">#Cd Valles<\/a> Jos\u00e9 Luis Ramiro Galero, asegur\u00f3 que contin\u00faa la resistencia en el tricolor vallense a imposiciones desde\u00a0 la\u00a0 capital del estado.<\/p>\n<p>&nbsp;<\/p>\n<p>Se\u00a0 refiere el dirigente\u00a0 a\u00a0 que desde la c\u00fapula pretenden imponer\u00a0\u00a0 haciendo valer\u00a0 la coalici\u00f3n a un\u00a0 candidato\u00a0 que\u00a0\u00a0 no sea\u00a0 de su partido para la sucesi\u00f3n municipal de Valles y seguir\u00e1n en la lucha interna respaldando a los aspirantes originarios de la Puerta Grande de la\u00a0 Huasteca.<\/p>\n<p>&nbsp;<\/p>\n<p>El tricolor\u00a0 no ha\u00a0 otorgado\u00a0 ning\u00fan apoyo a alguien que\u00a0 viene\u00a0 de otra\u00a0 regi\u00f3n del estado \u2013dijo\u00a0 Galero. \u201cConfirmo y reconfirmo que hasta el d\u00eda de hoy el PRI tiene sus propios candidatos y lo m\u00e1s seguro es que vayamos solos a la contienda electoral aqu\u00ed en valles, no necesitamos curros o refugiados aqu\u00ed hay candidatos, oriundos de casa y 100% huastecos; no necesitamos extraditados\u201d, contundente\u00a0 ante los medios informativos\u00a0 el\u00a0 dirigente\u00a0 \u00a0Jos\u00e9 Luis Ramiro Galero.<\/p>\n<p>+++++++++++<\/p>\n<p>Pr\u00e9stamos de\u00a0 dinero inmediatos a pensionados\u00a0\u00a0 CFE, ISSSTE.FFCC, SCT, PEMEX,\u00a0 ACTIVOS Y JUBILADOS\u00a0 IMSS<\/p>\n<p>SIN AFECTAR TARJETON.<\/p>\n<p>Ll\u00e1menos las 24 hrs del d\u00eda\u00a0 4811039565<\/p>\n<p>CREDITO INMEDIATO<\/p>\n<p>+++<\/p>\n<p>&nbsp;<\/p>\n<p>ANTE ABUSOS DE TAXISTAS EN EL COBRO DE SERVICIO, URGE APLICAR LOS TAXIMETROS.<\/p>\n<p>&nbsp;<\/p>\n<p>Es comprensible\u00a0 incrementar tarifas y precios de\u00a0 algunos\u00a0 servicios p\u00fablicos pero conforme\u00a0 al \u00edndice inflacionario y no aprovechar esa\u00a0 circunstancia\u00a0 para\u00a0\u00a0 aumentar\u00a0 a su arbitrio como es el caso del transporte urbano\u00a0 en su modalidad de\u00a0 colectivo y taxis.<\/p>\n<p>&nbsp;<\/p>\n<p>NECESARIO PONERLOS EN ORDEN.<\/p>\n<p>&nbsp;<\/p>\n<p>El\u00a0 servicio de transporte urbano concesionado\u00a0 obtuvo de la\u00a0 SCT\u00a0 del estado\u00a0 autorizaci\u00f3n de incrementar a $11.50 por\u00a0 boleto ,a cambio\u00a0 como ha ocurrido todos los a\u00f1os la\u00a0 empresa\u00a0 se compromete a mejorar las unidades, aumentar rutas,\u00a0 m\u00e1s unidades\u00a0 a\u00a0 \u00e9stas, profesionalizar al personal y respetar los horarios, el sistema de seguridad\u00a0 establecido hace\u00a0 a\u00f1os para garantizar\u00a0 a los usuarios si lo tiene\u00a0 pero es\u00a0 para\u00a0 vigilar el interior de la unidad\u00a0 para que los operadores\u00a0 no \u201croben\u201d no es\u00a0 precisamente para\u00a0 que se \u00a0enlacen a la\u00a0 polic\u00eda para\u00a0 brindar\u00a0 mejor seguridad a los viajeros.<\/p>\n<p>El caso m\u00e1s\u00a0 escandaloso\u00a0 es en el gremio de taxistas\u00a0 que\u00a0 no respetan las tarifas; por ejemplo un usuario que pagaba 50 pesos en base a los\u00a0 47\u00a0 pesos\u00a0 que la SCT autoriz\u00f3 la ultima vez, el\u00a0 pasado A\u00d1O\u00a0 PAG\u00d3 55 Y\u00a0 60\u00a0 PESOS, a partir de\u00a0 este\u00a0 a\u00f1o\u00a0 la\u00a0 cuota\u00a0 es de\u00a0\u00a0 70 pesos m\u00ednima, pese a las protestas\u00a0 la\u00a0 conducta delos\u00a0 trabajadores del volantees insolente.<\/p>\n<p>&nbsp;<\/p>\n<p>Araceli Mart\u00ednez Acosta, titular de la SCT , quien\u00a0 estuvo en Ciudad Valles en la entrega de tarjetas de apoyo de transporte a personas con discapacidad, dijo que se analizan los costos y tiempos, y que a\u00fan se est\u00e1 en \u201cdi\u00e1logo con los concesionarios\u201d\u00a0\u00a0 el objetivo no es afectar ni a los usuarios ni a los transportistas\u00a0 de que ahora s\u00ed este a\u00f1o la SCT\u00a0 del estado obligar\u00e1\u00a0 la instalaci\u00f3n de tax\u00edmetros\u00a0 en las\u00a0 casi 800\u00a0 unidades\u00a0\u00a0 que prestan servicio p\u00fablico de alquiler en la urbe Huasteca,\u00a0 los usuarios\u00a0 avalaron esta\u00a0 medida\u00a0 para\u00a0 frenar\u00a0 los abusos. No es\u00a0 una decisi\u00f3n tomada por las autoridades\u00a0 del transporte, para\u00a0 tener una idea y los taxistas\u00a0 se amparan en que la\u00a0 SCT\u00a0 sin\u00a0 exhibir un documento, un usuario pagaba 50 pesos ahora son de 70, las de a\u00a0 100 pesos\u00a0 ahora hasta 130 a 150\u00a0 (aplican un aumento\u00a0 al parecer no autorizado del 30\u00a0 al 50%)\u00a0 cuando tarifa m\u00ednima oficial es de 47 PESOS,\u00a0 este a\u00f1o no se autoriz\u00f3 incremento. QUE\u00a0 AUTORIDAD\u00a0 O FUNCIONAARIOS LOS ESTAN PROTEGIENDO?<\/p>\n<p>&nbsp;<\/p>\n<p>++++++++++++++<\/p>\n<p>QFB \u00a0FABIOLA GARCIA ALVAREZ<\/p>\n<p>Perito dictaminador en an\u00e1lisis bacteriol\u00f3gico de agua<\/p>\n<p>Y alimentos con n\u00famero GES-PD 0705<\/p>\n<p>Perito dictaminador en\u00a0 estupefacientes GES-PD0523<\/p>\n<p>Maestr\u00eda\u00a0 en an\u00e1lisis cl\u00ednicos 1301 \u2013 368068<\/p>\n<p>Ced\u00a0 prof\u00a0 8664204\u00a0\u00a0 Tel. 38 1 66 64<\/p>\n<p>Asesor\u00eda,\u00a0 auditor\u00eda\u00a0 y gesti\u00f3n ambiental.<\/p>\n<ol>\n<li>Victoria No. 8 zona centro Cd Valles SLP.<\/li>\n<\/ol>\n<p>++++++++++<\/p>\n<p>POR\u00a0 ESO\u00a0 CUANDO LLUEVE\u00a0 ME LLENO DE TRISTEZA \u2026.dice la letra de\u00a0 una\u00a0 canci\u00f3n popular.-<\/p>\n<p>En efecto, el sonido de la lluvia,\u00a0 sobre todo nocturna, se relaciona con cambios en la ionizaci\u00f3n del aire. Cuando llueve, el aire se llena de ionizaci\u00f3n negativa que tiene el poder de atraer elementos contaminantes que poseen carga positiva. En consecuencia, la lluvia tiene la capacidad de purificar el aire y mejorar la cantidad de ox\u00edgeno que recibimos al respirar.\u00a0Lo que permite que esas respiraciones bajo la lluvia sean tan relajantes.<\/p>\n<p>Ademas\u00a0 la lluvia\u00a0 tiene\u00a0 el poder de limpizr\u00a0\u00a0 el\u00a0 ambiente, las condiciones del clima\u00a0 y\u00a0 \u201clavar\u201d los\u00a0 bosques de las sierras\u00a0 que\u00a0 amanecen en un verde\u00a0 vistoso, sin bruma ni polvo.\u00a0 PERO LAS LLUVIAS\u00a0 en forma se han ausentado de la Huasteca norte.<\/p>\n<p>+++<\/p>\n<p>CARROCERIAS\u00a0 BUSTOS<\/p>\n<p>Reforma y Lerdo de tejada Col. Altavista.<\/p>\n<p>Cd Valles SLP\u00a0 Tel. 3824777.<\/p>\n<p>En carrocer\u00edas para camiones y camionetas nadie nos compite.<\/p>\n<p>+++++++<\/p>\n<p>MEDINA \u201cTRABAJAR\u00c1\u201d\u00a0 HASTA\u00a0 QUE LA LEY LO PERMITA.<\/p>\n<p>&#8211; Los alcaldes de\u00a0 SLP\u00a0 capital\u00a0 y Tamuin obtuvieron sendos\u00a0 amparos\u00a0 para permanecer en sus cargos.<\/p>\n<p>Al cierre\u00a0 de\u00a0 la semana anterior\u00a0 no hubo\u00a0 declaraciones del alcalde de Valles\u00a0\u00a0 quien est\u00e1\u00a0 registrado\u00a0 ante su partido\u00a0 para una\u00a0 eventual reelecci\u00f3n en el cargo que ostenta, en relaci\u00f3n a su permiso o licencia para que\u00a0 una interina presida el Ayuntamiento hasta el 2 de junio, derivado a que las\u00a0 autoridades\u00a0 electorales\u00a0 emitieron la disposici\u00f3n\u00a0 en el sentido\u00a0 que\u00a0 los\u00a0 presidentes municipales\u00a0 en turno que busquen reelegirse, no est\u00e1n obligados a licenciarse en sus\u00a0 funciones.<\/p>\n<p>&nbsp;<\/p>\n<p>El mun\u00edcipe\u00a0 dijo\u00a0 recientemente que no har\u00e1 \u00a0har\u00e1 precampa\u00f1a \u00abtrabajar\u00e1 hasta que la ley lo permita\u201d.<\/p>\n<p>&nbsp;<\/p>\n<p>Postura\u00a0 que\u00a0 han merecido la reprobaci\u00f3n ciudadana porque\u00a0 al no separarse del cargo, t\u00e1citamente\u00a0 utiliza\u00a0 recursos\u00a0 del pueblo\u00a0 para hacer campa\u00f1a. Los primeros d\u00edas del mes de marzo\u00a0 los Vallenses\u00a0 tendr\u00e1n\u00a0 una definici\u00f3n del\u00a0 alcalde, solicitar\u00e1 licencia\u00a0 o continuar\u00e1\u00a0 EN CAMPA\u00d1A Y AUTORIDAD MUNICIPAL.<\/p>\n<p>&nbsp;<\/p>\n<p>++++++++++++++<\/p>\n<p>\u201cFINCA\u00a0 SAN ISIDRO\u201d<\/p>\n<p>Sal\u00f3n para fiestas de todo tipo.<\/p>\n<p>Carretera Valles \u2013 R\u00edo Verde Km. 8<\/p>\n<p>Contrataciones al Tel. 01 481 179 09<\/p>\n<p>Cd. Valles SLP M\u00e9xico.<\/p>\n<p>}+++++++++++<\/p>\n<p>LO QUE DEBEN HACER AUTORIDADES ES\u00a0 EVITAR IRRACIONAL EXTRACCION DE AGUA DEL RIO PARA RIEGO AGRICOLA<\/p>\n<p>&nbsp;<\/p>\n<p>Ante la advertencia de la\u00a0 Conagua que\u00a0 este a\u00f1o continuar\u00e1 la\u00a0 sequ\u00eda por falta de lluvias\u00a0 abundantes\u00a0 en la regi\u00f3n Huasteca, la Coordinaci\u00f3n Estatal de Protecci\u00f3n Civil, llam\u00f3 a la poblaci\u00f3n para que haga \u00a0uso correcto del vital l\u00edquido, cuando lo\u00a0 que deben hacer todos los \u00f3rdenes de gobierno establecer\u00a0 un programa para hacer frente a esta calamidad\u00a0 ahora y no hasta\u00a0 que\u00a0 el problema\u00a0\u00a0 se agrave, adem\u00e1s\u00a0\u00a0 en el caso de Ciudad Valles, que\u00a0 cuando menos\u00a0 las autoridades municipales de este\u00a0 lugar, cumplan su compromiso que hicieron el pasado a\u00f1o\u00a0 de\u00a0 frenar o poner orden\u00a0 en la\u00a0 irracional extracci\u00f3n de agua del r\u00edo Valles, \u00fanica fuente de Abastecimiento a la poblaci\u00f3n, en la pr\u00e1ctica, aunque se comprometi\u00f3 el alcalde\u00a0 d\u00a0 usar a la polic\u00eda para\u00a0 vigilar ambas\u00a0 m\u00e1rgenes del afluente NO HICIERON NADA.<\/p>\n<p>En un comunicado, el Gobierno del Estado, a trav\u00e9s de la Coordinaci\u00f3n Estatal de Protecci\u00f3n Civil (CEPC), llam\u00f3 a la poblaci\u00f3n para que racionalice y haga un adecuado uso del agua, esto con el fin de evitar su desperdicio y poder hacerle frente a la sequ\u00eda que enfrenta la Entidad.<br \/>\nEl director de la dependencia estatal, Mauricio Ordaz Flores, dijo que por instrucci\u00f3n del Gobernador Ricardo Gallardo Cardona, la dependencia estatal impulsa acciones para crear conciencia y trabajar desde los hogares, centros de trabajo, escuelas, \u201cpara que juntos contribuyamos en el cuidado y preservaci\u00f3n del vital l\u00edquido\u201d.<br \/>\nDetall\u00f3 que, este a\u00f1o, los pron\u00f3sticos de lluvia no son alentadores, por lo que se espera que la sequ\u00eda se agrave m\u00e1s, sin embargo, desde el Gobierno estatal, se han realizado las gestiones necesarias ante las autoridades federales con el fin de que se brinde apoyo al Estado ante la sequ\u00eda que enfrentan 32 municipios con sequ\u00eda excepcional<br \/>\nMencion\u00f3 que urge que la poblaci\u00f3n colabore con medidas preventivas para que el agua no falte, por lo anterior, expres\u00f3 que es responsabilidad de todas y todos revisar regularmente las llaves y tuber\u00edas, para detectar fugas y posteriormente, repararlas; as\u00ed como cuidar que las llaves del agua queden siempre bien cerradas despu\u00e9s de utilizarlas. Sobre el caso que ya tiene el grado de a, alarmante, la Dapas se ha concretado a lamentar que la Dapas\u00a0 no tiene recursos\u00a0 para\u00a0 elaborar un proyecto\u00a0 y mucho menos financiar\u00a0 una obra\u00a0 para traer\u00a0 el agua desde\u00a0\u00a0 el Rio Claro y solo lamentaciones\u00a0 in\u00fatiles\u00a0 esgrime\u00a0 cuando\u00a0 es\u00a0 abordado el tema\u00a0 del r\u00edo que est\u00e1 a PUNTO DE SACARSE MIENTRAS LAS LLUVIAS\u00a0 SE HAN\u00a0 ausentado debido al cambio clim\u00e1tico.\u00a0\u00a0 Parece\u00a0 que\u00a0 ahora el Desierto\u00a0 est\u00e1 llegando\u00a0 a la Huasteca\u00a0 como lo advirti\u00f3 all\u00e1 por los a\u00f1os\u00a0 1960 el entonces l\u00edder\u00a0 campesino Demetrio Villal\u00f3n Mart\u00ednez, badie atendi\u00f3 su advertencia y ora se\u00a0 ven los resultados.<\/p>\n<p>+++++++++++++<\/p>\n<p>&nbsp;<\/p>\n<p>LA FERIA ANUAL DE VALLES ATRAERA VISITANTES POR\u00a0 SEMANA SANTA.<\/p>\n<p>&nbsp;<\/p>\n<p>&nbsp;<\/p>\n<p>Tradicionalmente\u00a0\u00a0 los organizadores\u00a0 antes\u00a0 y ahora\u00a0 directamente el gobierno municipal de la Metr\u00f3poli Huasteca han establecido que el evento ferial\u00a0 anual\u00a0 quede comprendida durante la Semana Santa, de\u00a0 este\u00a0 modo se\u00a0 ofrece a\u00a0 los visitantes\u00a0 en esa a poca del a\u00f1o de\u00a0 asistir\u00a0 a disfrutar\u00a0 de los\u00a0 atractivos\u00a0 art\u00edsticos , en este\u00a0 a\u00f1o\u00a0 el evento\u00a0 se\u00a0 ha programado para el mes de marzo\u00a0 pr\u00f3ximo del 22\u00a0 al 31 , fecha\u00a0\u00a0 establecida pese\u00a0 a la\u00a0 recomendaci\u00f3n de la Iglesia Cat\u00f3lica, se\u00a0 impuso el gobierno municipal y as\u00ed\u00a0 se hace y har\u00e1\u00a0 seguramente.<\/p>\n<p>&nbsp;<\/p>\n<p>Hemos\u00a0 insistido\u00a0 que\u00a0 el evento anual, perdi\u00f3 la categor\u00eda de Fenahuap desde\u00a0 que el municipio desapreci\u00f3\u00a0 el\u00a0 Patronato integrado \u00a0POR PERSONAJES DE LA URBE integrado por personajes de la urbe y representantes de los sectores sociales, despu\u00e9s form\u00f3 comit\u00e9s\u00a0 presididos por un funcionario del Ayuntamiento,\u00a0 luego\u00a0\u00a0 se nombr\u00f3 un director\u00a0 de la\u00a0 feria\u00a0 con personal, oficinas\u00a0\u00a0 y todos en nomina.<\/p>\n<p>&nbsp;<\/p>\n<p>Recientemente\u00a0\u00a0\u00a0 el alcalde\u00a0 design\u00f3 a otro funcionario que de quien se\u00a0 esperan \u00a0sorpresas y buenos\u00a0 resultados\u00a0 econ\u00f3micos para la edici\u00f3n 62 de la extinta Fenahuap.<\/p>\n<p>&nbsp;<\/p>\n<p>Seg\u00fan el vocero del municipio el \u00a0comit\u00e9 de la organizaci\u00f3n del m\u00e1ximo evento est\u00e1 encabezado por el profesor Ignacio Arteaga Castillo y funcionarios quienes apoyar\u00e1n en la organizaci\u00f3n de los eventos alternos. El c\u00e1rtel art\u00edstico ser\u00e1 presentado por el alcalde dicen sus detractores\u00a0 que\u00a0 ser\u00e1\u00a0 parte de su campa\u00f1a por la reelecci\u00f3n, y\u00a0 se anticipa que \u00a0ser\u00e1 un GRAN evento, una GRAN fiesta GRATUITA la\u00a0 pr\u00f3xima feria\u00a0 anual de Valles.<\/p>\n<p>++++++++++++<\/p>\n<p>&nbsp;<\/p>\n<p>PARTCIPACIONES A MUNICIPIOS\u00a0 APROBADO.<\/p>\n<p>&nbsp;<\/p>\n<p>La\u00a0 semana anterior la Comisi\u00f3n de Hacienda del Estado, aprob\u00f3 los Coeficientes Aplicables para el Pago de Participaciones e Incentivos a Municipios del Estado de San Luis Potos\u00ed para el Ejercicio Fiscal 2024.<\/p>\n<p>&nbsp;<\/p>\n<p>El presidente de la comisi\u00f3n, el Diputado Ulices Mendoza Padr\u00f3n dijo que por unanimidad se aprob\u00f3 el dictamen que establece las bases, montos y plazos para la entrega de participaciones a los municipios.<\/p>\n<p>Explic\u00f3 que los coeficientes para el pago de las participaciones e incentivos federales a municipios est\u00e1n basados en cuatros componentes que son: Poblaci\u00f3n (60%); Eficiencia Administrativa (20%); \u00edndice municipal de pobreza que emite la Secretar\u00eda de Bienestar (10%); y el inverso compensatorio (10%).Los Fondos de participaciones e incentivos distribuibles entre los municipios, se realizar\u00e1 de conformidad con los coeficientes que se determinen con base en los componentes de distribuci\u00f3n: C1 Componente Poblacional, n\u00famero de habitantes del municipio de acuerdo con los datos m\u00e1s actualizados de la poblaci\u00f3n publicados por el INEGI trat\u00e1ndose de censos de poblaci\u00f3n.<\/p>\n<p>El\u00a0 C2 Componente de Eficiencia recaudatoria del impuesto predial y de los derechos de agua del municipio; C3 Componente de Carencia Municipal, n\u00famero de poblaci\u00f3n con ingresos inferiores a la l\u00ednea de pobreza, el n\u00famero de la poblaci\u00f3n con carencia por rezago educativo y el n\u00famero de la poblaci\u00f3n con carencia por acceso a los servicios b\u00e1sicos en la vivienda del municipio de acuerdo con la informaci\u00f3n m\u00e1s actualizada y publicada por el CONEVAL.\u00a0\u00a0 Y el C4 Componente Compensatorio, que es la proporci\u00f3n inversa a los componentes de los factores C1, C2 y C3. Estos coeficientes que hace referencia el p\u00e1rrafo anterior ser\u00e1n aplicados a los Fondos de participaciones e incentivos del art\u00edculo 21 de la Ley de Coordinaci\u00f3n Fiscal del Estado y Municipios de San Luis Potos\u00ed.<\/p>\n<p>\u201cCAF\u00c9 Y RESTAURANT<\/p>\n<p>EL FAROLITO\u201d<\/p>\n<p>Lo mejor de la cocina Huasteca; el tradicional zacahuil y cazueladas .Atendemos toda clase de\u00a0 festejos. Pedidos al Tel\u00a0 3821017 Ciudad Valles SLP<\/p>\n<p>+++++++++++++<\/p>\n<p>DE\u00a0 VOLADA.-<\/p>\n<p>ENCONTRADO EN LAS REDES<\/p>\n<p>Se ha extendido una man\u00eda<\/p>\n<p>entre parlantes latinos<\/p>\n<p>de acu\u00f1arle el femenino<\/p>\n<p>a quien nunca lo tendr\u00eda,<\/p>\n<p>si no tiene \u00abd\u00edo\u00bb el d\u00eda,<\/p>\n<p>y el trigo no tiene \u00abtriga\u00bb,<\/p>\n<p>ni existen las \u00abgobernantas\u00bb,<\/p>\n<p>tampoco las \u00abestudiantas\u00bb,<\/p>\n<p>ni \u00abhormigo\u00bb entre las hormigas.<\/p>\n<p>Aunque lo intenten, comprar<\/p>\n<p>con millones y \u00abmillonas\u00bb<\/p>\n<p>un trono no tiene \u00abtrona\u00bb<\/p>\n<p>ni \u00abjaguara\u00bb has de llamar<\/p>\n<p>a la hembra del jaguar,<\/p>\n<p>y aunque el loro tenga Lora,<\/p>\n<p>y tenga una flor la flora<\/p>\n<p>mi l\u00f3gica no se aplaca:<\/p>\n<p>no tienen \u00abvacos\u00bb las vacas<\/p>\n<p>ni los toros tienen \u00abtoras\u00bb.<\/p>\n<p>Aunque las libras existan<\/p>\n<p>con los libros no emparejan,<\/p>\n<p>y tampoco se cotejan<\/p>\n<p>suelos, que de suelas distan,<\/p>\n<p>por mucho o \u00abmucha\u00bb que insistan<\/p>\n<p>mi mano no tiene \u00abmana\u00bb,<\/p>\n<p>no tiene \u00abrano\u00bb la rana<\/p>\n<p>y foco no va con foca,<\/p>\n<p>ni utilizando por boca<\/p>\n<p>al masculino de Ana.<\/p>\n<p>&nbsp;<\/p>\n<p>Roberto Santamar\u00eda-Betancourt<\/p>\n<p>Grupo de la Ortograf\u00eda Espa\u00f1ola<\/p>\n<p>++++++++++++ <a href=\"mailto:davidfloresservicios@hotmail.com\">davidfloresservicios@hotmail.com<\/a> \u00a0\u00a0hasta la pr\u00f3xima semana.<\/p>\n<p>&nbsp;<\/p>\n<p>&nbsp;<\/p>\n<p>&nbsp;<\/p>\n<p>&nbsp;<\/p>\n<p>&nbsp;<\/p>\n<p>&nbsp;<\/p>\n<p>&nbsp;<\/p>\n<p>&nbsp;<\/p>\n<p>&nbsp;<\/p>\n<p>&nbsp;<\/p>\n<p>&nbsp;<\/p>\n<p>&nbsp;<\/p>\n<p>&nbsp;<\/p>\n<p>&#8212;<\/p>\n","protected":false},"excerpt":{"rendered":"<p>SIETE\u00a0 EX FUNCIONARIOS DEL ESTADO\u00a0\u00a0 A PRISION\u00a0 POR MILLONARIO DESVIO DE RECURSOS &nbsp; LA Fiscal\u00eda del Estado inform\u00f3 la detenci\u00f3n de varias personas, luego que se les cumpliment\u00f3 una orden de aprehensi\u00f3n por los delitos de ejercicio il\u00edcito de las funciones p\u00fablicas y peculado, que &hellip; <\/p>\n","protected":false},"author":1,"featured_media":87959,"comment_status":"open","ping_status":"open","sticky":false,"template":"","format":"standard","meta":{"footnotes":""},"categories":[17,4],"tags":[],"class_list":["post-92634","post","type-post","status-publish","format-standard","has-post-thumbnail","hentry","category-colaboraciones","category-inicio"],"_links":{"self":[{"href":"https:\/\/amanecerhuasteco.com\/portal\/wp-json\/wp\/v2\/posts\/92634","targetHints":{"allow":["GET"]}}],"collection":[{"href":"https:\/\/amanecerhuasteco.com\/portal\/wp-json\/wp\/v2\/posts"}],"about":[{"href":"https:\/\/amanecerhuasteco.com\/portal\/wp-json\/wp\/v2\/types\/post"}],"author":[{"embeddable":true,"href":"https:\/\/amanecerhuasteco.com\/portal\/wp-json\/wp\/v2\/users\/1"}],"replies":[{"embeddable":true,"href":"https:\/\/amanecerhuasteco.com\/portal\/wp-json\/wp\/v2\/comments?post=92634"}],"version-history":[{"count":1,"href":"https:\/\/amanecerhuasteco.com\/portal\/wp-json\/wp\/v2\/posts\/92634\/revisions"}],"predecessor-version":[{"id":92635,"href":"https:\/\/amanecerhuasteco.com\/portal\/wp-json\/wp\/v2\/posts\/92634\/revisions\/92635"}],"wp:featuredmedia":[{"embeddable":true,"href":"https:\/\/amanecerhuasteco.com\/portal\/wp-json\/wp\/v2\/media\/87959"}],"wp:attachment":[{"href":"https:\/\/amanecerhuasteco.com\/portal\/wp-json\/wp\/v2\/media?parent=92634"}],"wp:term":[{"taxonomy":"category","embeddable":true,"href":"https:\/\/amanecerhuasteco.com\/portal\/wp-json\/wp\/v2\/categories?post=92634"},{"taxonomy":"post_tag","embeddable":true,"href":"https:\/\/amanecerhuasteco.com\/portal\/wp-json\/wp\/v2\/tags?post=92634"}],"curies":[{"name":"wp","href":"https:\/\/api.w.org\/{rel}","templated":true}]}}