{"id":92953,"date":"2024-02-16T07:35:38","date_gmt":"2024-02-16T13:35:38","guid":{"rendered":"http:\/\/amanecerhuasteco.com\/portal\/?p=92953"},"modified":"2024-02-16T07:35:38","modified_gmt":"2024-02-16T13:35:38","slug":"gobierno-gestiona-recursos-para-fortalecer-la-seguridad-en-slp","status":"publish","type":"post","link":"https:\/\/amanecerhuasteco.com\/portal\/gobierno-gestiona-recursos-para-fortalecer-la-seguridad-en-slp\/","title":{"rendered":"Gobierno gestiona recursos para fortalecer la seguridad en SLP"},"content":{"rendered":"<p>&nbsp;<\/p>\n<p>\u2022 Se destinar\u00e1n a la profesionalizaci\u00f3n de los cuerpos de seguridad p\u00fablica, para avanzar en la tarea de consolidar un Estado en paz y armon\u00eda<\/p>\n<p>Ciudad de M\u00e9xico.- Con el objetivo de fortalecer la seguridad en los 58 municipios, el Secretariado Ejecutivo del Consejo Estatal de Seguridad P\u00fablica (SECESP) particip\u00f3 en la reuni\u00f3n de concertaci\u00f3n del Fondo de Aportaciones para la Seguridad P\u00fablica de los Estados para el ejercicio fiscal 2024, donde gestion\u00f3 recursos que se destinar\u00e1n a la profesionalizaci\u00f3n de los cuerpos de seguridad p\u00fablica, para avanzar en la tarea de consolidar un Estado en paz y armon\u00eda.<br \/>\nDurante la reuni\u00f3n, que se llev\u00f3 a cabo en la Ciudad de M\u00e9xico, se estableci\u00f3 que el Fondo de Aportaciones para la Seguridad P\u00fablica, sirve de complemento para los recursos que se destinan a este rubro, con lo que se asegura, de acuerdo a lo instruido por el Gobernador de San Luis Potos\u00ed, Ricardo Gallardo Cardona, el desempe\u00f1o de sus funciones, la profesionalizaci\u00f3n, certificaci\u00f3n y equipamiento de los cuerpos de seguridad p\u00fablica y mejoramiento de la tecnolog\u00eda e infraestructura de sus corporaciones.<br \/>\nEn su mensaje, el director general de vinculaci\u00f3n y seguimiento del Secretariado Ejecutivo del Sistema Nacional de Seguridad P\u00fablica (SESNSP), Felipe de Jes\u00fas Cant\u00fa Rodr\u00edguez, destac\u00f3 los avances de San Luis Potos\u00ed en seguridad, con mejores elementos y m\u00e1s capacitados, adem\u00e1s de mejor infraestructura.<\/p>\n","protected":false},"excerpt":{"rendered":"<p>&nbsp; \u2022 Se destinar\u00e1n a la profesionalizaci\u00f3n de los cuerpos de seguridad p\u00fablica, para avanzar en la tarea de consolidar un Estado en paz y armon\u00eda Ciudad de M\u00e9xico.- Con el objetivo de fortalecer la seguridad en los 58 municipios, el Secretariado Ejecutivo del Consejo &hellip; <\/p>\n","protected":false},"author":1,"featured_media":92954,"comment_status":"open","ping_status":"open","sticky":false,"template":"","format":"standard","meta":{"footnotes":""},"categories":[7,11,4,12,5],"tags":[],"class_list":["post-92953","post","type-post","status-publish","format-standard","has-post-thumbnail","hentry","category-ciudad","category-estado","category-inicio","category-nacional","category-politica"],"_links":{"self":[{"href":"https:\/\/amanecerhuasteco.com\/portal\/wp-json\/wp\/v2\/posts\/92953","targetHints":{"allow":["GET"]}}],"collection":[{"href":"https:\/\/amanecerhuasteco.com\/portal\/wp-json\/wp\/v2\/posts"}],"about":[{"href":"https:\/\/amanecerhuasteco.com\/portal\/wp-json\/wp\/v2\/types\/post"}],"author":[{"embeddable":true,"href":"https:\/\/amanecerhuasteco.com\/portal\/wp-json\/wp\/v2\/users\/1"}],"replies":[{"embeddable":true,"href":"https:\/\/amanecerhuasteco.com\/portal\/wp-json\/wp\/v2\/comments?post=92953"}],"version-history":[{"count":1,"href":"https:\/\/amanecerhuasteco.com\/portal\/wp-json\/wp\/v2\/posts\/92953\/revisions"}],"predecessor-version":[{"id":92955,"href":"https:\/\/amanecerhuasteco.com\/portal\/wp-json\/wp\/v2\/posts\/92953\/revisions\/92955"}],"wp:featuredmedia":[{"embeddable":true,"href":"https:\/\/amanecerhuasteco.com\/portal\/wp-json\/wp\/v2\/media\/92954"}],"wp:attachment":[{"href":"https:\/\/amanecerhuasteco.com\/portal\/wp-json\/wp\/v2\/media?parent=92953"}],"wp:term":[{"taxonomy":"category","embeddable":true,"href":"https:\/\/amanecerhuasteco.com\/portal\/wp-json\/wp\/v2\/categories?post=92953"},{"taxonomy":"post_tag","embeddable":true,"href":"https:\/\/amanecerhuasteco.com\/portal\/wp-json\/wp\/v2\/tags?post=92953"}],"curies":[{"name":"wp","href":"https:\/\/api.w.org\/{rel}","templated":true}]}}