{"id":93053,"date":"2024-02-19T07:51:44","date_gmt":"2024-02-19T13:51:44","guid":{"rendered":"http:\/\/amanecerhuasteco.com\/portal\/?p=93053"},"modified":"2024-02-19T07:51:44","modified_gmt":"2024-02-19T13:51:44","slug":"buscan-garantizar-la-proteccion-de-los-datos-personales-que-hagan-identificables-a-ninas-y-ninos-y-adolescentes","status":"publish","type":"post","link":"https:\/\/amanecerhuasteco.com\/portal\/buscan-garantizar-la-proteccion-de-los-datos-personales-que-hagan-identificables-a-ninas-y-ninos-y-adolescentes\/","title":{"rendered":"Buscan garantizar la protecci\u00f3n de los datos personales que hagan identificables a ni\u00f1as y ni\u00f1os y adolescentes  \u00a0"},"content":{"rendered":"<p>&nbsp;<\/p>\n<p><strong>GRUPOS PARLAMENTARIOS DEL PVEM Y PT IMPULSAN INICIATIVA DE REFORMA A LA LEY DE PROTECCI\u00d3N DE DATOS PERSONALES EN POSESI\u00d3N DE LOS SUJETOS OBLIGADOS DEL ESTADO<\/strong><\/p>\n<p>A nombre de las y los integrantes de los Grupos Parlamentarios del Partido Verde Ecologista de M\u00e9xico y del Trabajo, la diputada Cecilia Senllace Ochoa Lim\u00f3n present\u00f3 una iniciativa de reformar disposiciones de la Ley de Protecci\u00f3n de Datos Personales en Posesi\u00f3n de los Sujetos Obligados del Estado de San Luis Potos\u00ed para la protecci\u00f3n de los datos personales que hagan identificables a ni\u00f1as y ni\u00f1os y adolescentes.<\/p>\n<p>La iniciativa propone incorporar en el apartado de datos personales sensibles, los datos personales que hagan identificables a ni\u00f1as y ni\u00f1os y adolescentes, as\u00ed como aquellos que puedan revelar aspectos como origen racial o \u00e9tnico, estado de salud pasado, presente o futuro, creencias religiosas, filos\u00f3ficas y morales, opiniones pol\u00edticas, datos gen\u00e9ticos o datos biom\u00e9tricos.<\/p>\n<p>Se indica adem\u00e1s, que no podr\u00e1n tratarse datos personales sensibles, salvo que se cuente con el consentimiento expreso y por escrito del titular, o de quien ejerza la patria potestad, tutela o guarda y custodia, cuando se trate de datos de ni\u00f1as, ni\u00f1os y adolescentes.<\/p>\n<p>Los servidores p\u00fablicos tienen la obligaci\u00f3n de dar cumplimiento a todos los principios y realizar todas las acciones tendientes a proteger los datos personales de quienes realizan tr\u00e1mites o gestiones.<\/p>\n<p>Destaca que es importante que en el caso de ni\u00f1as, ni\u00f1os y adolescentes, por regla general siempre se tiene que anteponer el tener inter\u00e9s superior de la ni\u00f1ez, en donde se adopte un enfoque basado en derechos, que permita garantizar el respeto y la protecci\u00f3n de su dignidad e integridad f\u00edsica, psicol\u00f3gica, moral y espiritual.<\/p>\n<p>La protecci\u00f3n de datos debe estar tambi\u00e9n vinculada al principio de inter\u00e9s superior de ni\u00f1as, ni\u00f1os y adolescentes, en donde el Estado siga asegurando la seguridad de estos, a trav\u00e9s de reformas y pol\u00edticas p\u00fablicas que se emitan.<\/p>\n<p>&nbsp;<\/p>\n<p>Finalmente, se se\u00f1ala que resulta fundamental proteger los derecho de las ni\u00f1as, ni\u00f1os y adolescentes, no s\u00f3lo en el uso de tecnolog\u00edas, si no en la protecci\u00f3n de sus datos personales, con el fin de evitar conductas como el sexting, grooming, ciberbullying, entre otras; de igual forma se debe poner tambi\u00e9n \u00e9nfasis, cuando son v\u00edctimas de la comisi\u00f3n de un delito a efecto de evitar la revictimizaci\u00f3n o el uso inadecuado de im\u00e1genes, que violen su derecho a la identidad.<\/p>\n<p>&nbsp;<\/p>\n<p>La iniciativa se turn\u00f3 para su an\u00e1lisis a la Comisi\u00f3n de Transparencia y Acceso a la Informaci\u00f3n P\u00fablica.<\/p>\n","protected":false},"excerpt":{"rendered":"<p>&nbsp; GRUPOS PARLAMENTARIOS DEL PVEM Y PT IMPULSAN INICIATIVA DE REFORMA A LA LEY DE PROTECCI\u00d3N DE DATOS PERSONALES EN POSESI\u00d3N DE LOS SUJETOS OBLIGADOS DEL ESTADO A nombre de las y los integrantes de los Grupos Parlamentarios del Partido Verde Ecologista de M\u00e9xico y &hellip; <\/p>\n","protected":false},"author":1,"featured_media":93054,"comment_status":"open","ping_status":"open","sticky":false,"template":"","format":"standard","meta":{"footnotes":""},"categories":[7,11,4,12,5],"tags":[],"class_list":["post-93053","post","type-post","status-publish","format-standard","has-post-thumbnail","hentry","category-ciudad","category-estado","category-inicio","category-nacional","category-politica"],"_links":{"self":[{"href":"https:\/\/amanecerhuasteco.com\/portal\/wp-json\/wp\/v2\/posts\/93053","targetHints":{"allow":["GET"]}}],"collection":[{"href":"https:\/\/amanecerhuasteco.com\/portal\/wp-json\/wp\/v2\/posts"}],"about":[{"href":"https:\/\/amanecerhuasteco.com\/portal\/wp-json\/wp\/v2\/types\/post"}],"author":[{"embeddable":true,"href":"https:\/\/amanecerhuasteco.com\/portal\/wp-json\/wp\/v2\/users\/1"}],"replies":[{"embeddable":true,"href":"https:\/\/amanecerhuasteco.com\/portal\/wp-json\/wp\/v2\/comments?post=93053"}],"version-history":[{"count":1,"href":"https:\/\/amanecerhuasteco.com\/portal\/wp-json\/wp\/v2\/posts\/93053\/revisions"}],"predecessor-version":[{"id":93055,"href":"https:\/\/amanecerhuasteco.com\/portal\/wp-json\/wp\/v2\/posts\/93053\/revisions\/93055"}],"wp:featuredmedia":[{"embeddable":true,"href":"https:\/\/amanecerhuasteco.com\/portal\/wp-json\/wp\/v2\/media\/93054"}],"wp:attachment":[{"href":"https:\/\/amanecerhuasteco.com\/portal\/wp-json\/wp\/v2\/media?parent=93053"}],"wp:term":[{"taxonomy":"category","embeddable":true,"href":"https:\/\/amanecerhuasteco.com\/portal\/wp-json\/wp\/v2\/categories?post=93053"},{"taxonomy":"post_tag","embeddable":true,"href":"https:\/\/amanecerhuasteco.com\/portal\/wp-json\/wp\/v2\/tags?post=93053"}],"curies":[{"name":"wp","href":"https:\/\/api.w.org\/{rel}","templated":true}]}}