{"id":93062,"date":"2024-02-20T08:02:42","date_gmt":"2024-02-20T14:02:42","guid":{"rendered":"http:\/\/amanecerhuasteco.com\/portal\/?p=93062"},"modified":"2024-02-20T08:02:42","modified_gmt":"2024-02-20T14:02:42","slug":"rgc-arrancara-nuevo-par-vial-de-circuito-potosi-a-eje-122","status":"publish","type":"post","link":"https:\/\/amanecerhuasteco.com\/portal\/rgc-arrancara-nuevo-par-vial-de-circuito-potosi-a-eje-122\/","title":{"rendered":"RGC arrancar\u00e1 nuevo par vial de circuito potos\u00ed a eje 122"},"content":{"rendered":"<p>\u2022 Se habilitar\u00e1n cerca de cinco kil\u00f3metros de prolongaci\u00f3n avenida Salk, en apoyo a las familias potosinas que contar\u00e1n con una nueva v\u00eda funcional, segura e iluminada<\/p>\n<p>Con m\u00e1s apoyo a las y los potosinos, para que cuenten con vialidades seguras, dignas y c\u00f3modas que atiendan la problem\u00e1tica de falta de conectividad que dejo la herencia maldita hacia los centros de trabajo en la zona industrial, el Gobernador Ricardo Gallardo Cardona arrancar\u00e1 la pavimentaci\u00f3n de la prolongaci\u00f3n avenida Salk como nuevo par vial hacia el Eje 122.<br \/>\nEste proyecto se realizar\u00e1 en el tramo de Circuito Potos\u00ed hasta el Eje 122, beneficiando directamente a m\u00e1s de 500 mil habitantes de esta zona y usuarios que a diario se trasladan a sus centros de trabajo, por lo que, el Gobernador, Ricardo Gallardo, reafirm\u00f3 el compromiso de su administraci\u00f3n con el progreso y el desarrollo del Estado.<br \/>\nLos trabajos para realizar contemplan la intervenci\u00f3n de m\u00e1s de 23 mil 829 metros cuadrados, demolici\u00f3n de pavimentos en mal estado, la construcci\u00f3n de banquetas, guarniciones, pavimentos, instalaci\u00f3n de se\u00f1al\u00e9tica vial y rehabilitaci\u00f3n del alumbrado p\u00fablico.<br \/>\nGarantizando vialidades funcionales, dignas y seguras, el Gobierno del Apoyo invierte en la plusval\u00eda, modernidad, desarrollo econ\u00f3mico y social del Estado que por d\u00e9cadas padeci\u00f3 del atraso y la omisi\u00f3n de anteriores administraciones.<\/p>\n","protected":false},"excerpt":{"rendered":"<p>\u2022 Se habilitar\u00e1n cerca de cinco kil\u00f3metros de prolongaci\u00f3n avenida Salk, en apoyo a las familias potosinas que contar\u00e1n con una nueva v\u00eda funcional, segura e iluminada Con m\u00e1s apoyo a las y los potosinos, para que cuenten con vialidades seguras, dignas y c\u00f3modas que &hellip; <\/p>\n","protected":false},"author":1,"featured_media":93063,"comment_status":"open","ping_status":"open","sticky":false,"template":"","format":"standard","meta":{"footnotes":""},"categories":[7,11,4,12,5],"tags":[],"class_list":["post-93062","post","type-post","status-publish","format-standard","has-post-thumbnail","hentry","category-ciudad","category-estado","category-inicio","category-nacional","category-politica"],"_links":{"self":[{"href":"https:\/\/amanecerhuasteco.com\/portal\/wp-json\/wp\/v2\/posts\/93062","targetHints":{"allow":["GET"]}}],"collection":[{"href":"https:\/\/amanecerhuasteco.com\/portal\/wp-json\/wp\/v2\/posts"}],"about":[{"href":"https:\/\/amanecerhuasteco.com\/portal\/wp-json\/wp\/v2\/types\/post"}],"author":[{"embeddable":true,"href":"https:\/\/amanecerhuasteco.com\/portal\/wp-json\/wp\/v2\/users\/1"}],"replies":[{"embeddable":true,"href":"https:\/\/amanecerhuasteco.com\/portal\/wp-json\/wp\/v2\/comments?post=93062"}],"version-history":[{"count":1,"href":"https:\/\/amanecerhuasteco.com\/portal\/wp-json\/wp\/v2\/posts\/93062\/revisions"}],"predecessor-version":[{"id":93064,"href":"https:\/\/amanecerhuasteco.com\/portal\/wp-json\/wp\/v2\/posts\/93062\/revisions\/93064"}],"wp:featuredmedia":[{"embeddable":true,"href":"https:\/\/amanecerhuasteco.com\/portal\/wp-json\/wp\/v2\/media\/93063"}],"wp:attachment":[{"href":"https:\/\/amanecerhuasteco.com\/portal\/wp-json\/wp\/v2\/media?parent=93062"}],"wp:term":[{"taxonomy":"category","embeddable":true,"href":"https:\/\/amanecerhuasteco.com\/portal\/wp-json\/wp\/v2\/categories?post=93062"},{"taxonomy":"post_tag","embeddable":true,"href":"https:\/\/amanecerhuasteco.com\/portal\/wp-json\/wp\/v2\/tags?post=93062"}],"curies":[{"name":"wp","href":"https:\/\/api.w.org\/{rel}","templated":true}]}}