{"id":93089,"date":"2024-02-20T08:24:34","date_gmt":"2024-02-20T14:24:34","guid":{"rendered":"http:\/\/amanecerhuasteco.com\/portal\/?p=93089"},"modified":"2024-02-20T08:24:34","modified_gmt":"2024-02-20T14:24:34","slug":"personal-de-las-diferentes-areas-y-diputados-del-congreso-del-estado-platican-con-representantes-del-ceepac-sobre-las-responsabilidades-que-se-tienen-como-institucion-publica-en-el-marco-del-proceso","status":"publish","type":"post","link":"https:\/\/amanecerhuasteco.com\/portal\/personal-de-las-diferentes-areas-y-diputados-del-congreso-del-estado-platican-con-representantes-del-ceepac-sobre-las-responsabilidades-que-se-tienen-como-institucion-publica-en-el-marco-del-proceso\/","title":{"rendered":"Personal de las diferentes \u00e1reas y diputados del Congreso del Estado, platican con representantes del CEEPAC sobre las responsabilidades que se tienen como instituci\u00f3n p\u00fablica, en el marco del proceso electoral 2024  \u00a0"},"content":{"rendered":"<p><strong>\u00a0<\/strong><\/p>\n<p>&nbsp;<\/p>\n<p><strong>DE ESTA MANERA, EL PODER LEGISLATIVO DEMUESTRA SU COMPROMISO CON LA LEGALIDAD: DIP. CECILIA SENLLACE OCHOA LIM\u00d3N<\/strong><\/p>\n<p>Responsables del departamento jur\u00eddico del Consejo Estatal Electoral y de Participaci\u00f3n Ciudadana (CEEPAC), impartieron una capacitaci\u00f3n a personal de las diferentes \u00e1reas y diputados del Congreso del Estado, sobre las responsabilidades que se tienen como instituci\u00f3n p\u00fablica, en el marco del proceso electoral 2024.<\/p>\n<p>La diputada Cecilia Senllace Ochoa Lim\u00f3n, presidenta de la Comisi\u00f3n de Transparencia y Acceso a la Informaci\u00f3n P\u00fablica del Poder Legislativo, se\u00f1al\u00f3 que \u201ces una sesi\u00f3n informativa sobre el uso de propaganda institucional durante la \u00e9poca electoral, porque nuestro compromiso es apegarnos en todo momento a la ley\u201d.<\/p>\n<p>Se\u00f1al\u00f3 que \u201cesto es se\u00f1al de que tambi\u00e9n quieren transmitir la informaci\u00f3n que nosotros estamos proporcionando y para ello tenemos aqu\u00ed a personal de CEEPAC que ser\u00e1n quienes nos van a instruir sobre qu\u00e9 es lo que tenemos que hacer en estos tiempos electorales\u201d.<\/p>\n<p>Por parte del organismo electoral asistieron los abogados Leilani Jaanai Guerrero B\u00e1ez y Daniel Mu\u00f1oz Uresti, as\u00ed como los diputados Yolanda Josefina Cepeda Echavarr\u00eda, Alejandro Leal Tov\u00edas y Cuauhtli Fernando Badillo Moreno, personal de asesor\u00eda, Comunicaci\u00f3n Social, Transparencia, Jur\u00eddico y otras \u00e1reas del Poder Legislativo.<\/p>\n<p>Los funcionarios electorales se\u00f1alaron que \u201ces una pl\u00e1tica respecto a lo que es la propaganda gubernamental y los tiempos de suspensi\u00f3n que establece la Ley Electoral del Estado y la propia Constituci\u00f3n General y la Constituci\u00f3n local; adem\u00e1s de la red electoral, ya que tambi\u00e9n existen algunas dudas o confusiones acerca de esta prohibici\u00f3n\u201d.<\/p>\n<p>Destacaron como fechas importantes: registro de candidatos a diputaciones de mayor\u00eda relativa del 1 al 7 de Marzo y de candidaturas de ayuntamientos, regidur\u00edas y diputaciones de representaci\u00f3n proporcional del 8 al 15 de marzo. Las campa\u00f1as se desarrollar\u00e1n del 20 de Abril al 29 de Mayo.<\/p>\n<p>Los asistentes hicieron diversos cuestionamientos sobre lo que se puede y no se puede hacer desde la funci\u00f3n p\u00fablica en \u00e9poca electoral, sobre la difusi\u00f3n de actividades, sobre las sanciones, las instancias que las aplican y dem\u00e1s dudas que surgieron durante la exposici\u00f3n.<\/p>\n<p>La diputada Cecilia Senllace Ochoa expuso que, de esta manera, el Poder Legislativo demuestra su compromiso con la legalidad y el conocimiento de los detalles de la Ley Electoral, para ajustar las acciones legislativas a lo que establecen los ordenamientos en la materia.<\/p>\n<p>&#8212;<\/p>\n","protected":false},"excerpt":{"rendered":"<p>\u00a0 &nbsp; DE ESTA MANERA, EL PODER LEGISLATIVO DEMUESTRA SU COMPROMISO CON LA LEGALIDAD: DIP. CECILIA SENLLACE OCHOA LIM\u00d3N Responsables del departamento jur\u00eddico del Consejo Estatal Electoral y de Participaci\u00f3n Ciudadana (CEEPAC), impartieron una capacitaci\u00f3n a personal de las diferentes \u00e1reas y diputados del Congreso &hellip; <\/p>\n","protected":false},"author":1,"featured_media":93090,"comment_status":"open","ping_status":"open","sticky":false,"template":"","format":"standard","meta":{"footnotes":""},"categories":[7,23,11,4,12,5],"tags":[],"class_list":["post-93089","post","type-post","status-publish","format-standard","has-post-thumbnail","hentry","category-ciudad","category-congreso","category-estado","category-inicio","category-nacional","category-politica"],"_links":{"self":[{"href":"https:\/\/amanecerhuasteco.com\/portal\/wp-json\/wp\/v2\/posts\/93089","targetHints":{"allow":["GET"]}}],"collection":[{"href":"https:\/\/amanecerhuasteco.com\/portal\/wp-json\/wp\/v2\/posts"}],"about":[{"href":"https:\/\/amanecerhuasteco.com\/portal\/wp-json\/wp\/v2\/types\/post"}],"author":[{"embeddable":true,"href":"https:\/\/amanecerhuasteco.com\/portal\/wp-json\/wp\/v2\/users\/1"}],"replies":[{"embeddable":true,"href":"https:\/\/amanecerhuasteco.com\/portal\/wp-json\/wp\/v2\/comments?post=93089"}],"version-history":[{"count":1,"href":"https:\/\/amanecerhuasteco.com\/portal\/wp-json\/wp\/v2\/posts\/93089\/revisions"}],"predecessor-version":[{"id":93091,"href":"https:\/\/amanecerhuasteco.com\/portal\/wp-json\/wp\/v2\/posts\/93089\/revisions\/93091"}],"wp:featuredmedia":[{"embeddable":true,"href":"https:\/\/amanecerhuasteco.com\/portal\/wp-json\/wp\/v2\/media\/93090"}],"wp:attachment":[{"href":"https:\/\/amanecerhuasteco.com\/portal\/wp-json\/wp\/v2\/media?parent=93089"}],"wp:term":[{"taxonomy":"category","embeddable":true,"href":"https:\/\/amanecerhuasteco.com\/portal\/wp-json\/wp\/v2\/categories?post=93089"},{"taxonomy":"post_tag","embeddable":true,"href":"https:\/\/amanecerhuasteco.com\/portal\/wp-json\/wp\/v2\/tags?post=93089"}],"curies":[{"name":"wp","href":"https:\/\/api.w.org\/{rel}","templated":true}]}}