{"id":93262,"date":"2024-02-24T08:44:00","date_gmt":"2024-02-24T14:44:00","guid":{"rendered":"https:\/\/amanecerhuasteco.com\/portal\/?p=93262"},"modified":"2024-02-25T08:46:53","modified_gmt":"2024-02-25T14:46:53","slug":"ayuntamiento-de-ebano-participa-en-juramento-a-la-bandera-realizado-en-instalaciones-del-36-batallon-de-infanteria","status":"publish","type":"post","link":"https:\/\/amanecerhuasteco.com\/portal\/ayuntamiento-de-ebano-participa-en-juramento-a-la-bandera-realizado-en-instalaciones-del-36-batallon-de-infanteria\/","title":{"rendered":"Ayuntamiento de \u00c9bano, participa en Juramento a la Bandera realizado en instalaciones del 36 Batall\u00f3n de Infanter\u00eda"},"content":{"rendered":"\n<p>\u00c9bano.- El Gobierno Municipal de \u00c9bano , bajo el liderazgo de la alcaldesa Mar\u00eda Soledad Carre\u00f1o Linares, particip\u00f3 activamente en el solemne acto c\u00edvico de Juramento a la Bandera, llevado a cabo hoy en las instalaciones del 36\u00b0 Batall\u00f3n de Infanter\u00eda de Ciudad Valles.<\/p>\n\n\n\n<p>En un gesto de unidad y compromiso patri\u00f3tico, la alcaldesa Mar\u00eda Soledad Carre\u00f1o Linares se uni\u00f3 a la ceremonia mediante una transmisi\u00f3n enlazada con el Presidente de la Rep\u00fablica, Andr\u00e9s Manuel L\u00f3pez Obrador, para <a><\/a>rendir juramento a nuestra insignia nacional.<\/p>\n\n\n\n<p>El Comandante del 36\u00b0 Batall\u00f3n de Infanter\u00eda Diplomado, Alfredo Ojeda Y\u00e1\u00f1ez, honr\u00f3 con su presencia este relevante evento c\u00edvico. Acompa\u00f1ado de presidentes municipales de Ciudad Valles, Tamu\u00edn y \u00c9bano, as\u00ed como representantes del Gobierno.<\/p>\n\n\n\n<p>La alcaldesa Soledad Carre\u00f1o, reitera el compromiso del Gobierno Municipal de \u00c9bano con los valores c\u00edvicos y la unidad nacional. As\u00ed mismo expresa su agradecimiento a los estudiantes del CECyTE-5 por su destacada asistencia y participaci\u00f3n en este acto de gran relevancia para la comunidad.<\/p>\n\n\n\n<p>Este acto c\u00edvico fortalece los lazos de unidad y resalta la importancia de inculcar valores patri\u00f3ticos en las nuevas generaciones. El Gobierno Municipal de \u00c9bano continuar\u00e1 trabajando para promover la participaci\u00f3n ciudadana y fomentar el orgullo por nuestra identidad nacional.<\/p>\n","protected":false},"excerpt":{"rendered":"<p>\u00c9bano.- El Gobierno Municipal de \u00c9bano , bajo el liderazgo de la alcaldesa Mar\u00eda Soledad Carre\u00f1o Linares, particip\u00f3 activamente en el solemne acto c\u00edvico de Juramento a la Bandera, llevado a cabo hoy en las instalaciones del 36\u00b0 Batall\u00f3n de Infanter\u00eda de Ciudad Valles. En &hellip; <\/p>\n","protected":false},"author":1,"featured_media":93263,"comment_status":"open","ping_status":"open","sticky":false,"template":"","format":"standard","meta":{"footnotes":""},"categories":[25,7,22,11,15,16,4,44,26,30,31,42,43,32],"tags":[],"class_list":["post-93262","post","type-post","status-publish","format-standard","has-post-thumbnail","hentry","category-aquismon","category-ciudad","category-ebano","category-estado","category-ganaderos","category-ingenios","category-inicio","category-matehuala","category-matlapa","category-rioverde","category-sanluispotosi","category-soledad","category-villa-de-reyes","category-xilitla"],"_links":{"self":[{"href":"https:\/\/amanecerhuasteco.com\/portal\/wp-json\/wp\/v2\/posts\/93262","targetHints":{"allow":["GET"]}}],"collection":[{"href":"https:\/\/amanecerhuasteco.com\/portal\/wp-json\/wp\/v2\/posts"}],"about":[{"href":"https:\/\/amanecerhuasteco.com\/portal\/wp-json\/wp\/v2\/types\/post"}],"author":[{"embeddable":true,"href":"https:\/\/amanecerhuasteco.com\/portal\/wp-json\/wp\/v2\/users\/1"}],"replies":[{"embeddable":true,"href":"https:\/\/amanecerhuasteco.com\/portal\/wp-json\/wp\/v2\/comments?post=93262"}],"version-history":[{"count":1,"href":"https:\/\/amanecerhuasteco.com\/portal\/wp-json\/wp\/v2\/posts\/93262\/revisions"}],"predecessor-version":[{"id":93264,"href":"https:\/\/amanecerhuasteco.com\/portal\/wp-json\/wp\/v2\/posts\/93262\/revisions\/93264"}],"wp:featuredmedia":[{"embeddable":true,"href":"https:\/\/amanecerhuasteco.com\/portal\/wp-json\/wp\/v2\/media\/93263"}],"wp:attachment":[{"href":"https:\/\/amanecerhuasteco.com\/portal\/wp-json\/wp\/v2\/media?parent=93262"}],"wp:term":[{"taxonomy":"category","embeddable":true,"href":"https:\/\/amanecerhuasteco.com\/portal\/wp-json\/wp\/v2\/categories?post=93262"},{"taxonomy":"post_tag","embeddable":true,"href":"https:\/\/amanecerhuasteco.com\/portal\/wp-json\/wp\/v2\/tags?post=93262"}],"curies":[{"name":"wp","href":"https:\/\/api.w.org\/{rel}","templated":true}]}}