{"id":93373,"date":"2024-02-28T07:40:19","date_gmt":"2024-02-28T13:40:19","guid":{"rendered":"https:\/\/amanecerhuasteco.com\/portal\/?p=93373"},"modified":"2024-02-28T07:40:19","modified_gmt":"2024-02-28T13:40:19","slug":"sector-laboral-demanda-atender-crisis-de-vivienda-economica-a-presidenciables","status":"publish","type":"post","link":"https:\/\/amanecerhuasteco.com\/portal\/sector-laboral-demanda-atender-crisis-de-vivienda-economica-a-presidenciables\/","title":{"rendered":"Sector laboral demanda atender crisis de vivienda econ\u00f3mica a presidenciables"},"content":{"rendered":"\n<p><\/p>\n\n\n\n<p>La DST recorre todo el pa\u00eds con el objetivo de construir \u00abEl Infonavit que queremos las y los trabajadores\u201d<\/p>\n\n\n\n<p><strong>CDMX, a 27 de febrero de 2024.- <\/strong>Ante la escasez de vivienda accesible para casi 5.5 millones de trabajadores en M\u00e9xico, la Direcci\u00f3n Sectorial de los Trabajadores (DST) del Infonavit alza la voz a nivel nacional para demandar a las candidatas y candidato a la presidencia de la Rep\u00fablica abordar la crisis de vivienda obrera econ\u00f3mica en el pa\u00eds.<\/p>\n\n\n\n<p>En este contexto, la DST lidera un di\u00e1logo abierto y permanente con las organizaciones sindicales para atender esta problem\u00e1tica y construir colectivamente una visi\u00f3n a futuro de \u201cEl Infonavit que queremos las y los trabajadores\u201d: un Instituto m\u00e1s social, eficiente, cercano, s\u00f3lido y que ofrezca mejores soluciones habitacionales, en especial, para aquellos con menores ingresos.<\/p>\n\n\n\n<p>Mario Mac\u00edas Robles, titular de la DST destaca que \u201cdesde el inicio de a\u00f1o, estamos volviendo a recorrer todo el territorio nacional para abordar de manera integral las demandas y propuestas del sector laboral, como el reclamo hist\u00f3rico para que sus aportaciones sean empleadas para financiar oferta de vivienda econ\u00f3mica y de calidad, as\u00ed como evitar la imposici\u00f3n de una agenda alejada de las necesidades reales del Instituto\u201d.<\/p>\n\n\n\n<p>La DST presenta la iniciativa surgida de su Congreso Nacional de octubre a los estados, con el compromiso de hacer valer la voz de casi 76.2 millones de trabajadores afiliados en el dise\u00f1o del futuro Infonavit, a tiempo para ser considerada en el programa de gobierno a 2030.<\/p>\n\n\n\n<p>Entre las iniciativas derivadas de este di\u00e1logo nacional realizado por el Sector de los Trabajadores se encuentra promover la participaci\u00f3n de las organizaciones sindicales en la compra de vivienda recuperada para ofrecerlas a precios accesibles; generar desarrollos inmobiliarios acordes a las necesidades regionales; y, establecer estrategias de vinculaci\u00f3n del Instituto con autoridades locales, estatales y nacionales para adquirir y administrar reservas territoriales que cuenten con todos los servicios urbanos b\u00e1sicos para contribuir al desarrollo habitacional.<\/p>\n","protected":false},"excerpt":{"rendered":"<p>La DST recorre todo el pa\u00eds con el objetivo de construir \u00abEl Infonavit que queremos las y los trabajadores\u201d CDMX, a 27 de febrero de 2024.- Ante la escasez de vivienda accesible para casi 5.5 millones de trabajadores en M\u00e9xico, la Direcci\u00f3n Sectorial de los &hellip; <\/p>\n","protected":false},"author":1,"featured_media":90999,"comment_status":"open","ping_status":"open","sticky":false,"template":"","format":"standard","meta":{"footnotes":""},"categories":[25,14,28,29,22,11,15,16,4,44,26,10,12,5,30,31,24,42,21,53,20,43,32],"tags":[],"class_list":["post-93373","post","type-post","status-publish","format-standard","has-post-thumbnail","hentry","category-aquismon","category-caneros","category-cnc","category-cnpr","category-ebano","category-estado","category-ganaderos","category-ingenios","category-inicio","category-matehuala","category-matlapa","category-municipios","category-nacional","category-politica","category-rioverde","category-sanluispotosi","category-san-vicente","category-soledad","category-tamasopo","category-tamazunchale","category-tamuin","category-villa-de-reyes","category-xilitla"],"_links":{"self":[{"href":"https:\/\/amanecerhuasteco.com\/portal\/wp-json\/wp\/v2\/posts\/93373","targetHints":{"allow":["GET"]}}],"collection":[{"href":"https:\/\/amanecerhuasteco.com\/portal\/wp-json\/wp\/v2\/posts"}],"about":[{"href":"https:\/\/amanecerhuasteco.com\/portal\/wp-json\/wp\/v2\/types\/post"}],"author":[{"embeddable":true,"href":"https:\/\/amanecerhuasteco.com\/portal\/wp-json\/wp\/v2\/users\/1"}],"replies":[{"embeddable":true,"href":"https:\/\/amanecerhuasteco.com\/portal\/wp-json\/wp\/v2\/comments?post=93373"}],"version-history":[{"count":1,"href":"https:\/\/amanecerhuasteco.com\/portal\/wp-json\/wp\/v2\/posts\/93373\/revisions"}],"predecessor-version":[{"id":93374,"href":"https:\/\/amanecerhuasteco.com\/portal\/wp-json\/wp\/v2\/posts\/93373\/revisions\/93374"}],"wp:featuredmedia":[{"embeddable":true,"href":"https:\/\/amanecerhuasteco.com\/portal\/wp-json\/wp\/v2\/media\/90999"}],"wp:attachment":[{"href":"https:\/\/amanecerhuasteco.com\/portal\/wp-json\/wp\/v2\/media?parent=93373"}],"wp:term":[{"taxonomy":"category","embeddable":true,"href":"https:\/\/amanecerhuasteco.com\/portal\/wp-json\/wp\/v2\/categories?post=93373"},{"taxonomy":"post_tag","embeddable":true,"href":"https:\/\/amanecerhuasteco.com\/portal\/wp-json\/wp\/v2\/tags?post=93373"}],"curies":[{"name":"wp","href":"https:\/\/api.w.org\/{rel}","templated":true}]}}