{"id":93518,"date":"2024-03-03T22:05:00","date_gmt":"2024-03-04T04:05:00","guid":{"rendered":"https:\/\/amanecerhuasteco.com\/portal\/?p=93518"},"modified":"2024-03-04T22:07:52","modified_gmt":"2024-03-05T04:07:52","slug":"exito-hace-el-1-2-en-el-trail-magico-de-xilitla","status":"publish","type":"post","link":"https:\/\/amanecerhuasteco.com\/portal\/exito-hace-el-1-2-en-el-trail-magico-de-xilitla\/","title":{"rendered":"\u00c9xito hace el 1-2 en el Trail M\u00e1gico de Xilitla"},"content":{"rendered":"\n<p><br>\u2022\u00a0 \u00a0 \u00a0 \u00a0La Secretar\u00eda de Turismo report\u00f3 una buena ocupaci\u00f3n hotelera en este evento que se enmarca previo a las vacaciones Semana Santa<\/p>\n\n\n\n<p>Mexicanos rompen el dominio africano y se llevan el Trail M\u00e1gico de Xilitla, que reparti\u00f3 250 mil pesos como bolsa de premiaci\u00f3n en efectivo y donde miles de atletas se dieron cita para recorrer la espectacular ruta del surrealismo.<br>El Trail M\u00e1gico, \u00fanico en su tipo a nivel nacional, convoc\u00f3 a corredores de diversos estados del pa\u00eds como Zacatecas, Estado de M\u00e9xico, Puebla, Hidalgo, Veracruz, Chihuahua y Sonora, adem\u00e1s de deportistas de alto rendimiento de Kenia, Ghana, Italia, Holanda, Argentina y Uruguay.&nbsp;<br>La Secretar\u00eda de Turismo (Sectur), report\u00f3 una buena ocupaci\u00f3n hotelera en este evento que se enmarca previo a las vacaciones Semana Santa, as\u00ed como un repunte en la actividad comercial en la regi\u00f3n Huasteca.<br>La siguiente fecha del Serial Trail M\u00e1gico ser\u00e1 en la m\u00edstica tierra de Real de Catorce durante el mes de junio.<br>Esta actividad es de inter\u00e9s p\u00fablico, de car\u00e1cter deportivo, ajena a cualquier inter\u00e9s particular o alg\u00fan partido pol\u00edtico.<\/p>\n","protected":false},"excerpt":{"rendered":"<p>\u2022\u00a0 \u00a0 \u00a0 \u00a0La Secretar\u00eda de Turismo report\u00f3 una buena ocupaci\u00f3n hotelera en este evento que se enmarca previo a las vacaciones Semana Santa Mexicanos rompen el dominio africano y se llevan el Trail M\u00e1gico de Xilitla, que reparti\u00f3 250 mil pesos como bolsa de &hellip; <\/p>\n","protected":false},"author":1,"featured_media":93519,"comment_status":"open","ping_status":"open","sticky":false,"template":"","format":"standard","meta":{"footnotes":""},"categories":[13,25,14,7,22,11,15,16,4,44,10,12,30,31,42,53,43,32],"tags":[],"class_list":["post-93518","post","type-post","status-publish","format-standard","has-post-thumbnail","hentry","category-agropecuaria","category-aquismon","category-caneros","category-ciudad","category-ebano","category-estado","category-ganaderos","category-ingenios","category-inicio","category-matehuala","category-municipios","category-nacional","category-rioverde","category-sanluispotosi","category-soledad","category-tamazunchale","category-villa-de-reyes","category-xilitla"],"_links":{"self":[{"href":"https:\/\/amanecerhuasteco.com\/portal\/wp-json\/wp\/v2\/posts\/93518","targetHints":{"allow":["GET"]}}],"collection":[{"href":"https:\/\/amanecerhuasteco.com\/portal\/wp-json\/wp\/v2\/posts"}],"about":[{"href":"https:\/\/amanecerhuasteco.com\/portal\/wp-json\/wp\/v2\/types\/post"}],"author":[{"embeddable":true,"href":"https:\/\/amanecerhuasteco.com\/portal\/wp-json\/wp\/v2\/users\/1"}],"replies":[{"embeddable":true,"href":"https:\/\/amanecerhuasteco.com\/portal\/wp-json\/wp\/v2\/comments?post=93518"}],"version-history":[{"count":1,"href":"https:\/\/amanecerhuasteco.com\/portal\/wp-json\/wp\/v2\/posts\/93518\/revisions"}],"predecessor-version":[{"id":93520,"href":"https:\/\/amanecerhuasteco.com\/portal\/wp-json\/wp\/v2\/posts\/93518\/revisions\/93520"}],"wp:featuredmedia":[{"embeddable":true,"href":"https:\/\/amanecerhuasteco.com\/portal\/wp-json\/wp\/v2\/media\/93519"}],"wp:attachment":[{"href":"https:\/\/amanecerhuasteco.com\/portal\/wp-json\/wp\/v2\/media?parent=93518"}],"wp:term":[{"taxonomy":"category","embeddable":true,"href":"https:\/\/amanecerhuasteco.com\/portal\/wp-json\/wp\/v2\/categories?post=93518"},{"taxonomy":"post_tag","embeddable":true,"href":"https:\/\/amanecerhuasteco.com\/portal\/wp-json\/wp\/v2\/tags?post=93518"}],"curies":[{"name":"wp","href":"https:\/\/api.w.org\/{rel}","templated":true}]}}