{"id":93830,"date":"2024-03-14T13:45:19","date_gmt":"2024-03-14T19:45:19","guid":{"rendered":"https:\/\/amanecerhuasteco.com\/portal\/?p=93830"},"modified":"2024-03-14T13:45:21","modified_gmt":"2024-03-14T19:45:21","slug":"implan-realiza-audiencia-publica-del-programa-de-desarrollo-urbano-en-ciudad-valles","status":"publish","type":"post","link":"https:\/\/amanecerhuasteco.com\/portal\/implan-realiza-audiencia-publica-del-programa-de-desarrollo-urbano-en-ciudad-valles\/","title":{"rendered":"IMPLAN realiza audiencia p\u00fablica del programa de desarrollo urbano en Ciudad Valles"},"content":{"rendered":"\n<p><br>Esta ma\u00f1ana se realiz\u00f3 la primera audiencia p\u00fablica del Programa de Desarrollo Urbano del Centro de Poblaci\u00f3n de Ciudad Valles, el cual reuni\u00f3 a actores clave, con el objetivo de discutir y dise\u00f1ar estrategias para el crecimiento y la mejora de la ciudad.<br>La audiencia, que tuvo lugar en la plaza principal, brind\u00f3 una plataforma para la participaci\u00f3n ciudadana, donde se plantearon ideas, preocupaciones y propuestas para el desarrollo sostenible de la localidad.<br>Entre los temas abordados se encontraron la infraestructura urbana, el transporte p\u00fablico, la preservaci\u00f3n del patrimonio cultural y ambiental, entre otros aspectos fundamentales para el bienestar de la comunidad.<br>Se anunci\u00f3 que la pr\u00f3xima audiencia p\u00fablica est\u00e1 programada para el d\u00eda 4 de abril a las 11 de la ma\u00f1ana, y tendr\u00e1 lugar en las canchas del Centro Cultural de la Huasteca Potosina.<br>Se espera que este evento contin\u00fae fomentando el compromiso c\u00edvico y la colaboraci\u00f3n entre los diversos sectores de la sociedad, en aras de construir una Ciudad Valles m\u00e1s pr\u00f3spera, inclusiva y sostenible para todos sus habitantes.<\/p>\n","protected":false},"excerpt":{"rendered":"<p>Esta ma\u00f1ana se realiz\u00f3 la primera audiencia p\u00fablica del Programa de Desarrollo Urbano del Centro de Poblaci\u00f3n de Ciudad Valles, el cual reuni\u00f3 a actores clave, con el objetivo de discutir y dise\u00f1ar estrategias para el crecimiento y la mejora de la ciudad.La audiencia, que &hellip; <\/p>\n","protected":false},"author":1,"featured_media":93832,"comment_status":"open","ping_status":"open","sticky":false,"template":"","format":"standard","meta":{"footnotes":""},"categories":[25,7,22,11,15,16,4,44,10,12,30,31,24,42,21,53,20,43,32],"tags":[],"class_list":["post-93830","post","type-post","status-publish","format-standard","has-post-thumbnail","hentry","category-aquismon","category-ciudad","category-ebano","category-estado","category-ganaderos","category-ingenios","category-inicio","category-matehuala","category-municipios","category-nacional","category-rioverde","category-sanluispotosi","category-san-vicente","category-soledad","category-tamasopo","category-tamazunchale","category-tamuin","category-villa-de-reyes","category-xilitla"],"_links":{"self":[{"href":"https:\/\/amanecerhuasteco.com\/portal\/wp-json\/wp\/v2\/posts\/93830","targetHints":{"allow":["GET"]}}],"collection":[{"href":"https:\/\/amanecerhuasteco.com\/portal\/wp-json\/wp\/v2\/posts"}],"about":[{"href":"https:\/\/amanecerhuasteco.com\/portal\/wp-json\/wp\/v2\/types\/post"}],"author":[{"embeddable":true,"href":"https:\/\/amanecerhuasteco.com\/portal\/wp-json\/wp\/v2\/users\/1"}],"replies":[{"embeddable":true,"href":"https:\/\/amanecerhuasteco.com\/portal\/wp-json\/wp\/v2\/comments?post=93830"}],"version-history":[{"count":1,"href":"https:\/\/amanecerhuasteco.com\/portal\/wp-json\/wp\/v2\/posts\/93830\/revisions"}],"predecessor-version":[{"id":93833,"href":"https:\/\/amanecerhuasteco.com\/portal\/wp-json\/wp\/v2\/posts\/93830\/revisions\/93833"}],"wp:featuredmedia":[{"embeddable":true,"href":"https:\/\/amanecerhuasteco.com\/portal\/wp-json\/wp\/v2\/media\/93832"}],"wp:attachment":[{"href":"https:\/\/amanecerhuasteco.com\/portal\/wp-json\/wp\/v2\/media?parent=93830"}],"wp:term":[{"taxonomy":"category","embeddable":true,"href":"https:\/\/amanecerhuasteco.com\/portal\/wp-json\/wp\/v2\/categories?post=93830"},{"taxonomy":"post_tag","embeddable":true,"href":"https:\/\/amanecerhuasteco.com\/portal\/wp-json\/wp\/v2\/tags?post=93830"}],"curies":[{"name":"wp","href":"https:\/\/api.w.org\/{rel}","templated":true}]}}