{"id":94006,"date":"2024-03-20T07:11:12","date_gmt":"2024-03-20T13:11:12","guid":{"rendered":"https:\/\/amanecerhuasteco.com\/portal\/?p=94006"},"modified":"2024-03-20T07:11:13","modified_gmt":"2024-03-20T13:11:13","slug":"llaman-a-fortalecer-las-politicas-publicas-que-contribuyan-al-desarrollo-economico-y-social-de-las-artesanas-y-los-artesanos-de-la-entidad","status":"publish","type":"post","link":"https:\/\/amanecerhuasteco.com\/portal\/llaman-a-fortalecer-las-politicas-publicas-que-contribuyan-al-desarrollo-economico-y-social-de-las-artesanas-y-los-artesanos-de-la-entidad\/","title":{"rendered":"Llaman a fortalecer las pol\u00edticas p\u00fablicas que contribuyan al desarrollo econ\u00f3mico y social de las artesanas y los artesanos de la entidad"},"content":{"rendered":"\n<p><\/p>\n\n\n\n<p><strong>ESTE 19 DE MARZO SE FESTEJA POR PRIMERA OCASI\u00d3N \u201cEL D\u00cdA DE LAS ARTESANAS Y LOS ARTESANOS POTOSINOS\u201d<\/strong><\/p>\n\n\n\n<p>En el marco del \u201cD\u00eda de las Artesanas y los Artesanos Potosinos\u201d, que se festeja este 19 de marzo, las diputadas y los diputados que integran la Comisi\u00f3n de Asuntos Ind\u00edgenas del Congreso del Estado, hicieron un llamado a los diferentes niveles de gobierno, para fortalecer las pol\u00edticas p\u00fablicas que permitan mejorar las condiciones de vida e impulsar la actividad econ\u00f3mica en los mercados nacionales e internacionales.<\/p>\n\n\n\n<p>El 2024 es el primer a\u00f1o en que se festeja y reconoce la actividad la artesan\u00eda del estado, despu\u00e9s de que en mayo del a\u00f1o 2023, la LXIII Legislatura aprob\u00f3 declarar el 19 de marzo de cada a\u00f1o como, \u201cD\u00eda de las Artesanas y los Artesanos Potosinos\u201d.<\/p>\n\n\n\n<p>La celebraci\u00f3n del \u201cD\u00eda de las Artesanas y los Artesanos Potosinos\u201d, coincide con el D\u00eda de San Jos\u00e9 celebrado por la religi\u00f3n cat\u00f3lica, quien era carpintero y artesano de oficio. Las y los artesanos del estado, generan objetos y productos con identidad cultural comunitaria, por procesos manuales continuos, auxiliados por implementos rudimentarios y algunos de funci\u00f3n mec\u00e1nica que aligeran a ciertas tareas; la materia prima utilizada generalmente es obtenida de la regi\u00f3n en donde habitan.<\/p>\n\n\n\n<p>Ser artesano, es un desaf\u00edo, donde se mezcla la creatividad, la comunicaci\u00f3n y el factor econ\u00f3mico, debiendo conjugar el oficio, la mec\u00e1nica de las herramientas, su biolog\u00eda en t\u00e9rminos de fuerza y habilidad motriz junto con cierto sentido de la belleza y de la oportunidad para entender qu\u00e9 tipo de objeto van a crear y reproducir.<\/p>\n\n\n\n<p>Las y los integrantes de la Comisi\u00f3n de Asuntos Ind\u00edgenas, coincidieron en se\u00f1alar que con esta declaratoria se busca reconocer la gran labor que realizan las artesanas y los artesanos de la entidad, y generar los apoyos necesarios para que se pueda visibilizar su trabajo, con la creaci\u00f3n de pol\u00edticas p\u00fablicas y desarrollo de actividades como concursos y exposiciones, que incentiven y detonen el desarrollo de nuestras artesanas y artesanos.<\/p>\n\n\n\n<p>Se puntualiza que la actividad artesanal significa una ruta hacia el desarrollo econ\u00f3mico comunitario, lo que resulta en la generaci\u00f3n de recursos econ\u00f3micos para muchas familias; ya que, la artesan\u00eda es un importante recurso para apreciar las expresiones populares del arte en diversos materiales que son originarios del estado y zonas en donde se fabrican.<\/p>\n","protected":false},"excerpt":{"rendered":"<p>ESTE 19 DE MARZO SE FESTEJA POR PRIMERA OCASI\u00d3N \u201cEL D\u00cdA DE LAS ARTESANAS Y LOS ARTESANOS POTOSINOS\u201d En el marco del \u201cD\u00eda de las Artesanas y los Artesanos Potosinos\u201d, que se festeja este 19 de marzo, las diputadas y los diputados que integran la &hellip; <\/p>\n","protected":false},"author":1,"featured_media":94007,"comment_status":"open","ping_status":"open","sticky":false,"template":"","format":"standard","meta":{"footnotes":""},"categories":[25,7,23,22,11,4],"tags":[],"class_list":["post-94006","post","type-post","status-publish","format-standard","has-post-thumbnail","hentry","category-aquismon","category-ciudad","category-congreso","category-ebano","category-estado","category-inicio"],"_links":{"self":[{"href":"https:\/\/amanecerhuasteco.com\/portal\/wp-json\/wp\/v2\/posts\/94006","targetHints":{"allow":["GET"]}}],"collection":[{"href":"https:\/\/amanecerhuasteco.com\/portal\/wp-json\/wp\/v2\/posts"}],"about":[{"href":"https:\/\/amanecerhuasteco.com\/portal\/wp-json\/wp\/v2\/types\/post"}],"author":[{"embeddable":true,"href":"https:\/\/amanecerhuasteco.com\/portal\/wp-json\/wp\/v2\/users\/1"}],"replies":[{"embeddable":true,"href":"https:\/\/amanecerhuasteco.com\/portal\/wp-json\/wp\/v2\/comments?post=94006"}],"version-history":[{"count":1,"href":"https:\/\/amanecerhuasteco.com\/portal\/wp-json\/wp\/v2\/posts\/94006\/revisions"}],"predecessor-version":[{"id":94008,"href":"https:\/\/amanecerhuasteco.com\/portal\/wp-json\/wp\/v2\/posts\/94006\/revisions\/94008"}],"wp:featuredmedia":[{"embeddable":true,"href":"https:\/\/amanecerhuasteco.com\/portal\/wp-json\/wp\/v2\/media\/94007"}],"wp:attachment":[{"href":"https:\/\/amanecerhuasteco.com\/portal\/wp-json\/wp\/v2\/media?parent=94006"}],"wp:term":[{"taxonomy":"category","embeddable":true,"href":"https:\/\/amanecerhuasteco.com\/portal\/wp-json\/wp\/v2\/categories?post=94006"},{"taxonomy":"post_tag","embeddable":true,"href":"https:\/\/amanecerhuasteco.com\/portal\/wp-json\/wp\/v2\/tags?post=94006"}],"curies":[{"name":"wp","href":"https:\/\/api.w.org\/{rel}","templated":true}]}}