{"id":94053,"date":"2024-03-21T07:04:12","date_gmt":"2024-03-21T13:04:12","guid":{"rendered":"https:\/\/amanecerhuasteco.com\/portal\/?p=94053"},"modified":"2024-03-21T07:04:13","modified_gmt":"2024-03-21T13:04:13","slug":"inauguran-en-palacio-de-gobierno-monumental-altas-de-dolores","status":"publish","type":"post","link":"https:\/\/amanecerhuasteco.com\/portal\/inauguran-en-palacio-de-gobierno-monumental-altas-de-dolores\/","title":{"rendered":"Inauguran en palacio de gobierno monumental altas de Dolores"},"content":{"rendered":"\n<p><br>\u2022 Como parte de la celebraci\u00f3n de Semana Santa, las y los potosinos y turistas nacionales y extranjeros podr\u00e1n admirar el Altar de Dolores en el patio central de Palacio de Gobierno<\/p>\n\n\n\n<p>El Poder Ejecutivo del Estado, inaugur\u00f3 este mi\u00e9rcoles el monumental Altar de Dolores en el patio central de Palacio de Gobierno, como parte de las actividades culturales por Semana Santa, que podr\u00e1n admirar las y los potosinos, as\u00ed como todas y todos los turistas nacionales y extranjeros que con motivo de la temporada visitar\u00e1n la Entidad.<br>La ofrenda forma parte del atractivo tur\u00edstico en los diferentes barrios de la ciudad, mismos que reci\u00e9n han comenzado a ser rescatados de manera integral por la administraci\u00f3n estatal y donde a\u00f1o con a\u00f1o se montan altares de acuerdo con la celebraci\u00f3n de Semana Santa.<br>El titular del Poder Ejecutivo, Ricardo Gallardo Cardona inaugur\u00f3 el monumental Altar en el Palacio de Gobierno, con la participaci\u00f3n de creadores, artistas y artesanos locales que montaron la exposici\u00f3n con distintos elementos, tales como velas y veladoras, esferas, as\u00ed como otros referentes tradicionales.<br>El Poder Ejecutivo del Estado, invita a todas y todos a disfrutar de esta y las m\u00e1s de 200 actividades que se tiene preparadas para esta temporada.<br>Esta informaci\u00f3n es de inter\u00e9s p\u00fablico, ajena a cualquier inter\u00e9s particular o alg\u00fan partido pol\u00edtico.<\/p>\n","protected":false},"excerpt":{"rendered":"<p>\u2022 Como parte de la celebraci\u00f3n de Semana Santa, las y los potosinos y turistas nacionales y extranjeros podr\u00e1n admirar el Altar de Dolores en el patio central de Palacio de Gobierno El Poder Ejecutivo del Estado, inaugur\u00f3 este mi\u00e9rcoles el monumental Altar de Dolores &hellip; <\/p>\n","protected":false},"author":1,"featured_media":94054,"comment_status":"open","ping_status":"open","sticky":false,"template":"","format":"standard","meta":{"footnotes":""},"categories":[25,7,22,11,4,44,30,31,42,21,53,20,43,32],"tags":[],"class_list":["post-94053","post","type-post","status-publish","format-standard","has-post-thumbnail","hentry","category-aquismon","category-ciudad","category-ebano","category-estado","category-inicio","category-matehuala","category-rioverde","category-sanluispotosi","category-soledad","category-tamasopo","category-tamazunchale","category-tamuin","category-villa-de-reyes","category-xilitla"],"_links":{"self":[{"href":"https:\/\/amanecerhuasteco.com\/portal\/wp-json\/wp\/v2\/posts\/94053","targetHints":{"allow":["GET"]}}],"collection":[{"href":"https:\/\/amanecerhuasteco.com\/portal\/wp-json\/wp\/v2\/posts"}],"about":[{"href":"https:\/\/amanecerhuasteco.com\/portal\/wp-json\/wp\/v2\/types\/post"}],"author":[{"embeddable":true,"href":"https:\/\/amanecerhuasteco.com\/portal\/wp-json\/wp\/v2\/users\/1"}],"replies":[{"embeddable":true,"href":"https:\/\/amanecerhuasteco.com\/portal\/wp-json\/wp\/v2\/comments?post=94053"}],"version-history":[{"count":1,"href":"https:\/\/amanecerhuasteco.com\/portal\/wp-json\/wp\/v2\/posts\/94053\/revisions"}],"predecessor-version":[{"id":94055,"href":"https:\/\/amanecerhuasteco.com\/portal\/wp-json\/wp\/v2\/posts\/94053\/revisions\/94055"}],"wp:featuredmedia":[{"embeddable":true,"href":"https:\/\/amanecerhuasteco.com\/portal\/wp-json\/wp\/v2\/media\/94054"}],"wp:attachment":[{"href":"https:\/\/amanecerhuasteco.com\/portal\/wp-json\/wp\/v2\/media?parent=94053"}],"wp:term":[{"taxonomy":"category","embeddable":true,"href":"https:\/\/amanecerhuasteco.com\/portal\/wp-json\/wp\/v2\/categories?post=94053"},{"taxonomy":"post_tag","embeddable":true,"href":"https:\/\/amanecerhuasteco.com\/portal\/wp-json\/wp\/v2\/tags?post=94053"}],"curies":[{"name":"wp","href":"https:\/\/api.w.org\/{rel}","templated":true}]}}