{"id":94081,"date":"2024-03-23T07:51:18","date_gmt":"2024-03-23T13:51:18","guid":{"rendered":"https:\/\/amanecerhuasteco.com\/portal\/?p=94081"},"modified":"2024-03-23T07:51:20","modified_gmt":"2024-03-23T13:51:20","slug":"impresionante-inicio-de-la-fenahuap-62","status":"publish","type":"post","link":"https:\/\/amanecerhuasteco.com\/portal\/impresionante-inicio-de-la-fenahuap-62\/","title":{"rendered":"Impresionante inicio de la FENAHUAP 62"},"content":{"rendered":"\n<p>-Se rompe un nuevo record de asistencia con la presentaci\u00f3n de Eden Mu\u00f1oz<\/p>\n\n\n\n<p>Ante un lleno total de las instalaciones del Teatro del Pueblo, se vivi\u00f3 la noche de este viernes la inauguraci\u00f3n de la edici\u00f3n 62 de la Feria Nacional de la Huasteca Potosina, donde una vez m\u00e1s se reafirmo la importancia de esta fiesta, que atrajo p\u00fablico de la huasteca y estados vecinos.<\/p>\n\n\n\n<p>Como lo marca el protocolo de esta fiesta, la inauguraci\u00f3n corri\u00f3 a cargo del Gobernador del Estado, qui\u00e9n acompa\u00f1ado de autoridades de los tres niveles, recalc\u00f3 la importancia de esta feria en la regi\u00f3n, evento que se ha posicionado como el mejor de la regi\u00f3n y estados vecinos.<\/p>\n\n\n\n<p>Fue en punto de las 10 de la noche que salt\u00f3 al escenario la primera variedad de la cartelera de esta edici\u00f3n 62 de la FENAHUAP, ante una presencia de alrededor de 40 mil personas, de acuerdo a c\u00e1lculos de corporaciones, que corearon todas sus canciones de principio a fin de su concierto, reconociendo en los asistentes el cari\u00f1o con el que lo recibieron.<\/p>\n","protected":false},"excerpt":{"rendered":"<p>-Se rompe un nuevo record de asistencia con la presentaci\u00f3n de Eden Mu\u00f1oz Ante un lleno total de las instalaciones del Teatro del Pueblo, se vivi\u00f3 la noche de este viernes la inauguraci\u00f3n de la edici\u00f3n 62 de la Feria Nacional de la Huasteca Potosina, &hellip; <\/p>\n","protected":false},"author":1,"featured_media":94082,"comment_status":"open","ping_status":"open","sticky":false,"template":"","format":"standard","meta":{"footnotes":""},"categories":[13,25,14,28,29,7,22,11,15,16,4,12],"tags":[],"class_list":["post-94081","post","type-post","status-publish","format-standard","has-post-thumbnail","hentry","category-agropecuaria","category-aquismon","category-caneros","category-cnc","category-cnpr","category-ciudad","category-ebano","category-estado","category-ganaderos","category-ingenios","category-inicio","category-nacional"],"_links":{"self":[{"href":"https:\/\/amanecerhuasteco.com\/portal\/wp-json\/wp\/v2\/posts\/94081","targetHints":{"allow":["GET"]}}],"collection":[{"href":"https:\/\/amanecerhuasteco.com\/portal\/wp-json\/wp\/v2\/posts"}],"about":[{"href":"https:\/\/amanecerhuasteco.com\/portal\/wp-json\/wp\/v2\/types\/post"}],"author":[{"embeddable":true,"href":"https:\/\/amanecerhuasteco.com\/portal\/wp-json\/wp\/v2\/users\/1"}],"replies":[{"embeddable":true,"href":"https:\/\/amanecerhuasteco.com\/portal\/wp-json\/wp\/v2\/comments?post=94081"}],"version-history":[{"count":1,"href":"https:\/\/amanecerhuasteco.com\/portal\/wp-json\/wp\/v2\/posts\/94081\/revisions"}],"predecessor-version":[{"id":94083,"href":"https:\/\/amanecerhuasteco.com\/portal\/wp-json\/wp\/v2\/posts\/94081\/revisions\/94083"}],"wp:featuredmedia":[{"embeddable":true,"href":"https:\/\/amanecerhuasteco.com\/portal\/wp-json\/wp\/v2\/media\/94082"}],"wp:attachment":[{"href":"https:\/\/amanecerhuasteco.com\/portal\/wp-json\/wp\/v2\/media?parent=94081"}],"wp:term":[{"taxonomy":"category","embeddable":true,"href":"https:\/\/amanecerhuasteco.com\/portal\/wp-json\/wp\/v2\/categories?post=94081"},{"taxonomy":"post_tag","embeddable":true,"href":"https:\/\/amanecerhuasteco.com\/portal\/wp-json\/wp\/v2\/tags?post=94081"}],"curies":[{"name":"wp","href":"https:\/\/api.w.org\/{rel}","templated":true}]}}