{"id":94093,"date":"2024-03-23T08:01:27","date_gmt":"2024-03-23T14:01:27","guid":{"rendered":"https:\/\/amanecerhuasteco.com\/portal\/?p=94093"},"modified":"2024-03-23T08:01:29","modified_gmt":"2024-03-23T14:01:29","slug":"parques-tangamanga-se-unen-a-la-celebracion-por-llegada-de-la-primavera","status":"publish","type":"post","link":"https:\/\/amanecerhuasteco.com\/portal\/parques-tangamanga-se-unen-a-la-celebracion-por-llegada-de-la-primavera\/","title":{"rendered":"Parques Tangamanga se unen a la celebraci\u00f3n por llegada de la Primavera"},"content":{"rendered":"\n<p><br>\u2022 Las avenidas se llenaron de color, m\u00fasica y alegr\u00eda con la participaci\u00f3n de dos mil ni\u00f1as y ni\u00f1os que desfilaron con adornos alusivos a la primavera<\/p>\n\n\n\n<p>El Poder Ejecutivo del Estado inform\u00f3 que 16 escuelas de nivel b\u00e1sico celebraron el inicio de la primavera en los Centros Estatales de Cultura y Recreaci\u00f3n Tangamanga (Cecurt), con la asistencia de dos mil ni\u00f1as y ni\u00f1os que participaron junto con madres y padres de familia y docentes, en coloridos y alegres desfiles alusivos a la temporada primaveral<br>Ni\u00f1as y ni\u00f1os, disfrazados de mariposas, catarinas, leones y abejas, llenaron de alegr\u00eda y diversi\u00f3n los recintos, lo que colabora en generar espacios para la expresi\u00f3n creativa y el disfrute, adem\u00e1s de fomentar la conexi\u00f3n con la naturaleza y el cuidado de la bi\u00f3sfera.<br>Los parques Tangamanga I y II, seguir\u00e1n ofreciendo un entorno seguro e inclusivo para el sano esparcimiento de las familias potosinas durante todas las temporadas del a\u00f1o.<br>Esta informaci\u00f3n es de inter\u00e9s p\u00fablico, ajena a cualquier inter\u00e9s particular o alg\u00fan partido pol\u00edtico.<\/p>\n","protected":false},"excerpt":{"rendered":"<p>\u2022 Las avenidas se llenaron de color, m\u00fasica y alegr\u00eda con la participaci\u00f3n de dos mil ni\u00f1as y ni\u00f1os que desfilaron con adornos alusivos a la primavera El Poder Ejecutivo del Estado inform\u00f3 que 16 escuelas de nivel b\u00e1sico celebraron el inicio de la primavera &hellip; <\/p>\n","protected":false},"author":1,"featured_media":94094,"comment_status":"open","ping_status":"open","sticky":false,"template":"","format":"standard","meta":{"footnotes":""},"categories":[25,7,22,11,4,12],"tags":[],"class_list":["post-94093","post","type-post","status-publish","format-standard","has-post-thumbnail","hentry","category-aquismon","category-ciudad","category-ebano","category-estado","category-inicio","category-nacional"],"_links":{"self":[{"href":"https:\/\/amanecerhuasteco.com\/portal\/wp-json\/wp\/v2\/posts\/94093","targetHints":{"allow":["GET"]}}],"collection":[{"href":"https:\/\/amanecerhuasteco.com\/portal\/wp-json\/wp\/v2\/posts"}],"about":[{"href":"https:\/\/amanecerhuasteco.com\/portal\/wp-json\/wp\/v2\/types\/post"}],"author":[{"embeddable":true,"href":"https:\/\/amanecerhuasteco.com\/portal\/wp-json\/wp\/v2\/users\/1"}],"replies":[{"embeddable":true,"href":"https:\/\/amanecerhuasteco.com\/portal\/wp-json\/wp\/v2\/comments?post=94093"}],"version-history":[{"count":1,"href":"https:\/\/amanecerhuasteco.com\/portal\/wp-json\/wp\/v2\/posts\/94093\/revisions"}],"predecessor-version":[{"id":94095,"href":"https:\/\/amanecerhuasteco.com\/portal\/wp-json\/wp\/v2\/posts\/94093\/revisions\/94095"}],"wp:featuredmedia":[{"embeddable":true,"href":"https:\/\/amanecerhuasteco.com\/portal\/wp-json\/wp\/v2\/media\/94094"}],"wp:attachment":[{"href":"https:\/\/amanecerhuasteco.com\/portal\/wp-json\/wp\/v2\/media?parent=94093"}],"wp:term":[{"taxonomy":"category","embeddable":true,"href":"https:\/\/amanecerhuasteco.com\/portal\/wp-json\/wp\/v2\/categories?post=94093"},{"taxonomy":"post_tag","embeddable":true,"href":"https:\/\/amanecerhuasteco.com\/portal\/wp-json\/wp\/v2\/tags?post=94093"}],"curies":[{"name":"wp","href":"https:\/\/api.w.org\/{rel}","templated":true}]}}