{"id":94107,"date":"2024-03-24T18:53:04","date_gmt":"2024-03-25T00:53:04","guid":{"rendered":"https:\/\/amanecerhuasteco.com\/portal\/?p=94107"},"modified":"2024-03-24T18:53:06","modified_gmt":"2024-03-25T00:53:06","slug":"trabajadores-del-estado-se-capacitan-en-innovaciones-tecnologicas","status":"publish","type":"post","link":"https:\/\/amanecerhuasteco.com\/portal\/trabajadores-del-estado-se-capacitan-en-innovaciones-tecnologicas\/","title":{"rendered":"Trabajadores del estado se capacitan en innovaciones tecnol\u00f3gicas"},"content":{"rendered":"\n<p><br>\u2022\u00a0 \u00a0 \u00a0 \u00a0La Oficial\u00eda Mayor del Ejecutivo, con apoyo de la Universidad Interamericana para el Desarrollo, imparti\u00f3 el taller \u00abPlataformas Colaborativas e Inteligencia Artificial\u00bb\u00a0<\/p>\n\n\n\n<p>El Poder Ejecutivo del Estado, a trav\u00e9s de la Oficial\u00eda Mayor y la Universidad Interamericana para el Desarrollo (Unid), impartieron el taller \u201cPlataformas Colaborativas e Inteligencia Artificial\u201d, dirigido a 17 instructores del \u00c1rea de Capacitaci\u00f3n y de la Subdirecci\u00f3n de Desarrollo Humano de esta dependencia, para avanzar en el \u00e1mbito competitivo con herramientas y tecnolog\u00edas innovadoras.<br>Mediante el taller \u201cPlataformas Colaborativas e Inteligencia Artificial\u201d, las y los servidores p\u00fablicos aprendieron sobre el uso de la inteligencia artificial para la producci\u00f3n de presentaciones con las cuales podr\u00e1n capacitar de manera m\u00e1s eficiente a otros servidores p\u00fablicos, logrando as\u00ed una mejora en el servicio y la atenci\u00f3n a las y los potosinos.<br>Adem\u00e1s, las y los 17 instructores aprendieron a aprovechar mejor la tecnolog\u00eda para que la organizaci\u00f3n del trabajo se haga de la manera m\u00e1s fluida posible, garantizando un ambiente de trabajo eficiente, productivo e inclusivo.<br>Esta informaci\u00f3n es de inter\u00e9s p\u00fablico, ajena a cualquier inter\u00e9s particular o alg\u00fan partido pol\u00edtico.<\/p>\n","protected":false},"excerpt":{"rendered":"<p>\u2022\u00a0 \u00a0 \u00a0 \u00a0La Oficial\u00eda Mayor del Ejecutivo, con apoyo de la Universidad Interamericana para el Desarrollo, imparti\u00f3 el taller \u00abPlataformas Colaborativas e Inteligencia Artificial\u00bb\u00a0 El Poder Ejecutivo del Estado, a trav\u00e9s de la Oficial\u00eda Mayor y la Universidad Interamericana para el Desarrollo (Unid), impartieron &hellip; <\/p>\n","protected":false},"author":1,"featured_media":94108,"comment_status":"open","ping_status":"open","sticky":false,"template":"","format":"standard","meta":{"footnotes":""},"categories":[25,7,22,11,4,26,10,12,21,20],"tags":[],"class_list":["post-94107","post","type-post","status-publish","format-standard","has-post-thumbnail","hentry","category-aquismon","category-ciudad","category-ebano","category-estado","category-inicio","category-matlapa","category-municipios","category-nacional","category-tamasopo","category-tamuin"],"_links":{"self":[{"href":"https:\/\/amanecerhuasteco.com\/portal\/wp-json\/wp\/v2\/posts\/94107","targetHints":{"allow":["GET"]}}],"collection":[{"href":"https:\/\/amanecerhuasteco.com\/portal\/wp-json\/wp\/v2\/posts"}],"about":[{"href":"https:\/\/amanecerhuasteco.com\/portal\/wp-json\/wp\/v2\/types\/post"}],"author":[{"embeddable":true,"href":"https:\/\/amanecerhuasteco.com\/portal\/wp-json\/wp\/v2\/users\/1"}],"replies":[{"embeddable":true,"href":"https:\/\/amanecerhuasteco.com\/portal\/wp-json\/wp\/v2\/comments?post=94107"}],"version-history":[{"count":1,"href":"https:\/\/amanecerhuasteco.com\/portal\/wp-json\/wp\/v2\/posts\/94107\/revisions"}],"predecessor-version":[{"id":94109,"href":"https:\/\/amanecerhuasteco.com\/portal\/wp-json\/wp\/v2\/posts\/94107\/revisions\/94109"}],"wp:featuredmedia":[{"embeddable":true,"href":"https:\/\/amanecerhuasteco.com\/portal\/wp-json\/wp\/v2\/media\/94108"}],"wp:attachment":[{"href":"https:\/\/amanecerhuasteco.com\/portal\/wp-json\/wp\/v2\/media?parent=94107"}],"wp:term":[{"taxonomy":"category","embeddable":true,"href":"https:\/\/amanecerhuasteco.com\/portal\/wp-json\/wp\/v2\/categories?post=94107"},{"taxonomy":"post_tag","embeddable":true,"href":"https:\/\/amanecerhuasteco.com\/portal\/wp-json\/wp\/v2\/tags?post=94107"}],"curies":[{"name":"wp","href":"https:\/\/api.w.org\/{rel}","templated":true}]}}