{"id":94113,"date":"2024-03-24T18:57:38","date_gmt":"2024-03-25T00:57:38","guid":{"rendered":"https:\/\/amanecerhuasteco.com\/portal\/?p=94113"},"modified":"2024-03-24T18:57:40","modified_gmt":"2024-03-25T00:57:40","slug":"invitan-a-vivir-la-procesion-del-silencio","status":"publish","type":"post","link":"https:\/\/amanecerhuasteco.com\/portal\/invitan-a-vivir-la-procesion-del-silencio\/","title":{"rendered":"Invitan a vivir la procesi\u00f3n del silencio"},"content":{"rendered":"\n<p><br>\u2022\u00a0 \u00a0 \u00a0 \u00a0El evento cultural-religioso, Patrimonio del Estado se realizar\u00e1 el pr\u00f3ximo 29 de marzo por las principales calles del Centro Hist\u00f3rico<\/p>\n\n\n\n<p>El Poder Ejecutivo del Estado, a trav\u00e9s de la Secretar\u00eda de Cultura (Secult), invita a vivir de cerca la Procesi\u00f3n del Silencio, considerada Patrimonio Hist\u00f3rico del Estado y una de las m\u00e1s importantes del mundo, el pr\u00f3ximo viernes 29 de marzo a las 20:00 horas por las principales calles del centro de la ciudad.<br>Las Cofrad\u00edas que integran la Procesi\u00f3n del Silencio, la Asociaci\u00f3n Tradiciones Potosinas, autoridades estatales y municipales, de Protecci\u00f3n Civil y Seguridad P\u00fablica se encuentran preparadas para resguardar el evento que congregar\u00e1 a m\u00e1s de dos mil participantes de las 30 cofrad\u00edas, as\u00ed como a los cientos de visitantes locales, nacionales y extranjeros.<br>Desde el 7 de noviembre de 2013, el Estado reconoci\u00f3 mediante un Decreto Administrativo la relevancia de esta manifestaci\u00f3n cultural que por su significaci\u00f3n debe preservarse y salvaguardarse.<br>Las y los participantes de la Procesi\u00f3n del Silencio, inicia su recorrido en el templo del Carmen, contin\u00faa por las calles de Viller\u00edas, Universidad, Aldama, Galeana, Independencia, Venustiano Carranza, Madero, 5 de Mayo, Jard\u00edn Hidalgo y Manuel Jos\u00e9 Oth\u00f3n, regresando al punto de partida.<br>Como parte de la salvaguarda y difusi\u00f3n de este importante evento cultural, ser\u00e1 transmitido a trav\u00e9s de las se\u00f1ales de Canal 9 y Radio Mar\u00eda.<br>Esta informaci\u00f3n es de inter\u00e9s p\u00fablico, ajena a cualquier inter\u00e9s particular o alg\u00fan partido pol\u00edtico.<\/p>\n","protected":false},"excerpt":{"rendered":"<p>\u2022\u00a0 \u00a0 \u00a0 \u00a0El evento cultural-religioso, Patrimonio del Estado se realizar\u00e1 el pr\u00f3ximo 29 de marzo por las principales calles del Centro Hist\u00f3rico El Poder Ejecutivo del Estado, a trav\u00e9s de la Secretar\u00eda de Cultura (Secult), invita a vivir de cerca la Procesi\u00f3n del Silencio, &hellip; <\/p>\n","protected":false},"author":1,"featured_media":94114,"comment_status":"open","ping_status":"open","sticky":false,"template":"","format":"standard","meta":{"footnotes":""},"categories":[25,14,7,22,11,16,4,44,30,31,24,42,21,53,20,43,32],"tags":[],"class_list":["post-94113","post","type-post","status-publish","format-standard","has-post-thumbnail","hentry","category-aquismon","category-caneros","category-ciudad","category-ebano","category-estado","category-ingenios","category-inicio","category-matehuala","category-rioverde","category-sanluispotosi","category-san-vicente","category-soledad","category-tamasopo","category-tamazunchale","category-tamuin","category-villa-de-reyes","category-xilitla"],"_links":{"self":[{"href":"https:\/\/amanecerhuasteco.com\/portal\/wp-json\/wp\/v2\/posts\/94113","targetHints":{"allow":["GET"]}}],"collection":[{"href":"https:\/\/amanecerhuasteco.com\/portal\/wp-json\/wp\/v2\/posts"}],"about":[{"href":"https:\/\/amanecerhuasteco.com\/portal\/wp-json\/wp\/v2\/types\/post"}],"author":[{"embeddable":true,"href":"https:\/\/amanecerhuasteco.com\/portal\/wp-json\/wp\/v2\/users\/1"}],"replies":[{"embeddable":true,"href":"https:\/\/amanecerhuasteco.com\/portal\/wp-json\/wp\/v2\/comments?post=94113"}],"version-history":[{"count":1,"href":"https:\/\/amanecerhuasteco.com\/portal\/wp-json\/wp\/v2\/posts\/94113\/revisions"}],"predecessor-version":[{"id":94115,"href":"https:\/\/amanecerhuasteco.com\/portal\/wp-json\/wp\/v2\/posts\/94113\/revisions\/94115"}],"wp:featuredmedia":[{"embeddable":true,"href":"https:\/\/amanecerhuasteco.com\/portal\/wp-json\/wp\/v2\/media\/94114"}],"wp:attachment":[{"href":"https:\/\/amanecerhuasteco.com\/portal\/wp-json\/wp\/v2\/media?parent=94113"}],"wp:term":[{"taxonomy":"category","embeddable":true,"href":"https:\/\/amanecerhuasteco.com\/portal\/wp-json\/wp\/v2\/categories?post=94113"},{"taxonomy":"post_tag","embeddable":true,"href":"https:\/\/amanecerhuasteco.com\/portal\/wp-json\/wp\/v2\/tags?post=94113"}],"curies":[{"name":"wp","href":"https:\/\/api.w.org\/{rel}","templated":true}]}}