{"id":94140,"date":"2024-03-25T08:09:58","date_gmt":"2024-03-25T14:09:58","guid":{"rendered":"https:\/\/amanecerhuasteco.com\/portal\/?p=94140"},"modified":"2024-03-25T08:10:02","modified_gmt":"2024-03-25T14:10:02","slug":"ceepac-realiza-foro-participacion-ciudadana-entre-la-juventud","status":"publish","type":"post","link":"https:\/\/amanecerhuasteco.com\/portal\/ceepac-realiza-foro-participacion-ciudadana-entre-la-juventud\/","title":{"rendered":"CEEPAC realiza foro: \u201cParticipaci\u00f3n ciudadana entre la juventud\u00bb"},"content":{"rendered":"\n<p><br>En el marco del Programa de Promoci\u00f3n de la Participaci\u00f3n Ciudadana en el Proceso Electoral Concurrente 2023-2024, El Consejo Estatal Electoral y de Participaci\u00f3n Ciudadana (CEEPAC) y la Junta Local del INE de San Luis Potos\u00ed, organizaron el foro \u201cParticipaci\u00f3n ciudadana entre la juventud\u201d, en las instalaciones de la Universidad Interamericana para el Desarrollo UNID.<br>Este Foro forma parte de las actividades que ambos organismos electorales realizar\u00e1n con la finalidad de brindar informaci\u00f3n para que la ciudadan\u00eda ejerza su participaci\u00f3n libre y razonada en la Jornada Electoral, a trav\u00e9s de la socializaci\u00f3n de informaci\u00f3n electoral y sobre la importancia de la participaci\u00f3n para fortalecer el conocimiento de la poblaci\u00f3n sobre el Proceso Electoral Concurrente 2023-2024.<br>Fomentando as\u00ed en la juventud el ejercicio del voto informado y razonado con la, divulgaci\u00f3n de contenidos y materiales en medios digitales que lleven a la reflexi\u00f3n.<br>En el foro fungieron como panelistas: Manuel Alejandro Vel\u00e1zquez Rodr\u00edguez, abogado y maestro en Estudios sobre la Democracia y Procesos Electorales por la UASLP; Sergio Eduardo Mart\u00ednez Moreno, abogado y maestro en Docencia y Direcci\u00f3n de Instituciones Educativas; Roxana Dimas de la Asociaci\u00f3n Civil Juntos, Investigadora de temas sobre derechos pol\u00edticos-electorales, personas ind\u00edgenas y derechos de las juventudes.<br>La moderaci\u00f3n estuvo a cargo de Ernesto Antonio Garc\u00eda Hern\u00e1ndez, abogado especialista en Derecho Electoral.<br>Asistieron al foro alumnado y personal docente de las diversas carreras de la UNID adem\u00e1s de Mar\u00eda Guadalupe Ram\u00edrez Torres, Directora de Capacitaci\u00f3n Electoral, Educaci\u00f3n C\u00edvica y Participaci\u00f3n Ciudadana; Juan Manuel S\u00e1nchez, Hern\u00e1ndez, Vocal de capacitaci\u00f3n electoral y educaci\u00f3n C\u00edvica de JLE del INE.<br>La coordinaci\u00f3n y desarrollo de estas actividades estuvo a cargo del personal del Servicio Profesional Electoral de CEEPAC y operativo de la Junta Local del INE.<br>En el panel se desarrollaron las siguientes preguntas:<br>\u2022 \u00bfCu\u00e1les son las principales razones por las cuales la juventud mexicana se muestra ap\u00e1tica o desinteresada en participar en los procesos electorales, y c\u00f3mo podemos abordar estas barreras para fomentar una mayor participaci\u00f3n c\u00edvica entre los j\u00f3venes?<br>\u2022 \u00bfQu\u00e9 estrategias podr\u00edan implementarse para empoderar a los j\u00f3venes y hacer que se sientan parte activa del proceso democr\u00e1tico, reconociendo la importancia de su voz y voto en la toma de decisiones pol\u00edticas que afectan su futuro y el de su pa\u00eds?<br>\u2022 \u00bfC\u00f3mo pueden los programas educativos y las instituciones gubernamentales trabajar juntos para mejorar la educaci\u00f3n c\u00edvica en las escuelas y comunidades, equipando a los j\u00f3venes con las habilidades y el conocimiento necesarios para participar de manera informada y significativa en los procesos electorales?<br>Los panelistas destacaron la importancia de abordar la necesidad de implementar estrategias que empoderen a las juventudes, que adem\u00e1s pueden ser parte de grupos prioritarios y los hagan sentir parte activa del proceso democr\u00e1tico, ofrecieron una visi\u00f3n integral sobre c\u00f3mo superar las barreras que limitan su participaci\u00f3n en la vida pol\u00edtica.<br>Desde la educaci\u00f3n c\u00edvica en las escuelas hasta el papel de las instituciones en el fortalecimiento de la conciencia c\u00edvica, se exploraron v\u00edas para proporcionar a las y glos j\u00f3venes el conocimiento y las habilidades necesarias para participar de manera informada y significativa en los procesos electorales.<\/p>\n","protected":false},"excerpt":{"rendered":"<p>En el marco del Programa de Promoci\u00f3n de la Participaci\u00f3n Ciudadana en el Proceso Electoral Concurrente 2023-2024, El Consejo Estatal Electoral y de Participaci\u00f3n Ciudadana (CEEPAC) y la Junta Local del INE de San Luis Potos\u00ed, organizaron el foro \u201cParticipaci\u00f3n ciudadana entre la juventud\u201d, en &hellip; <\/p>\n","protected":false},"author":1,"featured_media":94141,"comment_status":"open","ping_status":"open","sticky":false,"template":"","format":"standard","meta":{"footnotes":""},"categories":[25,7,22,11,4,10,12,21,20],"tags":[],"class_list":["post-94140","post","type-post","status-publish","format-standard","has-post-thumbnail","hentry","category-aquismon","category-ciudad","category-ebano","category-estado","category-inicio","category-municipios","category-nacional","category-tamasopo","category-tamuin"],"_links":{"self":[{"href":"https:\/\/amanecerhuasteco.com\/portal\/wp-json\/wp\/v2\/posts\/94140","targetHints":{"allow":["GET"]}}],"collection":[{"href":"https:\/\/amanecerhuasteco.com\/portal\/wp-json\/wp\/v2\/posts"}],"about":[{"href":"https:\/\/amanecerhuasteco.com\/portal\/wp-json\/wp\/v2\/types\/post"}],"author":[{"embeddable":true,"href":"https:\/\/amanecerhuasteco.com\/portal\/wp-json\/wp\/v2\/users\/1"}],"replies":[{"embeddable":true,"href":"https:\/\/amanecerhuasteco.com\/portal\/wp-json\/wp\/v2\/comments?post=94140"}],"version-history":[{"count":1,"href":"https:\/\/amanecerhuasteco.com\/portal\/wp-json\/wp\/v2\/posts\/94140\/revisions"}],"predecessor-version":[{"id":94142,"href":"https:\/\/amanecerhuasteco.com\/portal\/wp-json\/wp\/v2\/posts\/94140\/revisions\/94142"}],"wp:featuredmedia":[{"embeddable":true,"href":"https:\/\/amanecerhuasteco.com\/portal\/wp-json\/wp\/v2\/media\/94141"}],"wp:attachment":[{"href":"https:\/\/amanecerhuasteco.com\/portal\/wp-json\/wp\/v2\/media?parent=94140"}],"wp:term":[{"taxonomy":"category","embeddable":true,"href":"https:\/\/amanecerhuasteco.com\/portal\/wp-json\/wp\/v2\/categories?post=94140"},{"taxonomy":"post_tag","embeddable":true,"href":"https:\/\/amanecerhuasteco.com\/portal\/wp-json\/wp\/v2\/tags?post=94140"}],"curies":[{"name":"wp","href":"https:\/\/api.w.org\/{rel}","templated":true}]}}