{"id":94143,"date":"2024-03-25T08:12:07","date_gmt":"2024-03-25T14:12:07","guid":{"rendered":"https:\/\/amanecerhuasteco.com\/portal\/?p=94143"},"modified":"2024-03-25T08:12:09","modified_gmt":"2024-03-25T14:12:09","slug":"la-uaslp-realizara-del-10-al-18-de-mayo-3er-foro-estatal-del-agua","status":"publish","type":"post","link":"https:\/\/amanecerhuasteco.com\/portal\/la-uaslp-realizara-del-10-al-18-de-mayo-3er-foro-estatal-del-agua\/","title":{"rendered":"La UASLP realizar\u00e1 del 10 al 18 de mayo 3er Foro Estatal del Agua"},"content":{"rendered":"\n<p><\/p>\n\n\n\n<p>El Centro Cultural Universitario Bicentenario recibir\u00e1 durante mayo el&nbsp;<a href=\"https:\/\/cienciasquimicas.uaslp.mx\/Eventos\/Detalle\/658#gsc.tab=0\" target=\"_blank\" rel=\"noreferrer noopener\">3er Foro Estatal del Agua<\/a>realizado por la UASLP&nbsp;con la participaci\u00f3n de&nbsp;El Colegio de San Luis, A.C. El t\u00edtulo del evento ser\u00e1: \u201cHacia el cumplimiento del derecho humano al agua y al saneamiento\u201d, dijo la doctora Gabriela Palestino Escobedo directora de la&nbsp;<a href=\"https:\/\/cienciasquimicas.uaslp.mx\/\" target=\"_blank\" rel=\"noreferrer noopener\">Facultad de Ciencias Qu\u00edmicas&nbsp;<\/a>e integrante del&nbsp;<a href=\"https:\/\/www.uaslp.mx\/agua\" target=\"_blank\" rel=\"noreferrer noopener\">Grupo Universitario del Agua<\/a>.<\/p>\n\n\n\n<p>Sostuvo que la consigna como grupo es insistir en que en nuestro pa\u00eds debe prevalecer el derecho humano al agua, y es lo primero que se debe de preservar.<\/p>\n\n\n\n<p>Durante el foro habr\u00e1 seis ejes tem\u00e1ticos, el primero es agua y cambio clim\u00e1tico. El segundo es disponibilidad y calidad del agua superficial y subterr\u00e1nea, tercero es distribuci\u00f3n y tratamiento de agua, cuarto es salud y cultura del agua, quinto es pol\u00edtica, econom\u00eda y aspectos legales en torno al agua y sexto es defensa del agua y movimientos sociales.<\/p>\n\n\n\n<p>La doctora Palestino Escobedo dijo que se le dar\u00e1 \u00e9nfasis a las mesas de di\u00e1logo donde participaran integrantes la sociedad, y quienes otorgan los servicios, para entablar un di\u00e1logo y exponer motivos y resolver problem\u00e1ticas.<\/p>\n\n\n\n<p>Dentro de las actividades habr\u00e1 mesas redondas en donde invitar\u00e1n a empresarios, para que tambi\u00e9n platiquen sus experiencias con el agua de la industria y todas las acciones que emprenden para hacerse de servicios m\u00e1s eficientes.<\/p>\n\n\n\n<p>Detall\u00f3 que, en las dos anteriores ocasiones del Foro, no se hab\u00eda dado una mesa donde estuvieran los empresarios de la zona industrial tomados en cuenta participando y esperan que en esta ocasi\u00f3n s\u00ed se concrete.<\/p>\n\n\n\n<p>Dentro del programa del 3er Foro Estatal del Agua se pretende adem\u00e1s una mesa de di\u00e1logo con la parte agraria para lograr llegar a acuerdos.<\/p>\n\n\n\n<p>Para los interesados en presentar ponencias a trav\u00e9s de este correo y link pueden solicitar informes:&nbsp;foroagua@cq.uaslp.mx. Realiza tu pre registro de asistencia y trabajos a trav\u00e9s del link:<\/p>\n\n\n\n<figure class=\"wp-block-embed\"><div class=\"wp-block-embed__wrapper\">\nhttps:\/\/forms.gle\/Db27UsJevGEsuDoUA\n<\/div><\/figure>\n","protected":false},"excerpt":{"rendered":"<p>El Centro Cultural Universitario Bicentenario recibir\u00e1 durante mayo el&nbsp;3er Foro Estatal del Aguarealizado por la UASLP&nbsp;con la participaci\u00f3n de&nbsp;El Colegio de San Luis, A.C. El t\u00edtulo del evento ser\u00e1: \u201cHacia el cumplimiento del derecho humano al agua y al saneamiento\u201d, dijo la doctora Gabriela Palestino &hellip; <\/p>\n","protected":false},"author":1,"featured_media":94144,"comment_status":"open","ping_status":"open","sticky":false,"template":"","format":"standard","meta":{"footnotes":""},"categories":[25,7,22,11,4,12,24,21,20],"tags":[],"class_list":["post-94143","post","type-post","status-publish","format-standard","has-post-thumbnail","hentry","category-aquismon","category-ciudad","category-ebano","category-estado","category-inicio","category-nacional","category-san-vicente","category-tamasopo","category-tamuin"],"_links":{"self":[{"href":"https:\/\/amanecerhuasteco.com\/portal\/wp-json\/wp\/v2\/posts\/94143","targetHints":{"allow":["GET"]}}],"collection":[{"href":"https:\/\/amanecerhuasteco.com\/portal\/wp-json\/wp\/v2\/posts"}],"about":[{"href":"https:\/\/amanecerhuasteco.com\/portal\/wp-json\/wp\/v2\/types\/post"}],"author":[{"embeddable":true,"href":"https:\/\/amanecerhuasteco.com\/portal\/wp-json\/wp\/v2\/users\/1"}],"replies":[{"embeddable":true,"href":"https:\/\/amanecerhuasteco.com\/portal\/wp-json\/wp\/v2\/comments?post=94143"}],"version-history":[{"count":1,"href":"https:\/\/amanecerhuasteco.com\/portal\/wp-json\/wp\/v2\/posts\/94143\/revisions"}],"predecessor-version":[{"id":94145,"href":"https:\/\/amanecerhuasteco.com\/portal\/wp-json\/wp\/v2\/posts\/94143\/revisions\/94145"}],"wp:featuredmedia":[{"embeddable":true,"href":"https:\/\/amanecerhuasteco.com\/portal\/wp-json\/wp\/v2\/media\/94144"}],"wp:attachment":[{"href":"https:\/\/amanecerhuasteco.com\/portal\/wp-json\/wp\/v2\/media?parent=94143"}],"wp:term":[{"taxonomy":"category","embeddable":true,"href":"https:\/\/amanecerhuasteco.com\/portal\/wp-json\/wp\/v2\/categories?post=94143"},{"taxonomy":"post_tag","embeddable":true,"href":"https:\/\/amanecerhuasteco.com\/portal\/wp-json\/wp\/v2\/tags?post=94143"}],"curies":[{"name":"wp","href":"https:\/\/api.w.org\/{rel}","templated":true}]}}