{"id":94186,"date":"2024-03-27T07:26:16","date_gmt":"2024-03-27T13:26:16","guid":{"rendered":"https:\/\/amanecerhuasteco.com\/portal\/?p=94186"},"modified":"2024-03-27T07:26:17","modified_gmt":"2024-03-27T13:26:17","slug":"pueblos-originarios-se-capacita-en-sistemas-normativos","status":"publish","type":"post","link":"https:\/\/amanecerhuasteco.com\/portal\/pueblos-originarios-se-capacita-en-sistemas-normativos\/","title":{"rendered":"Pueblos originarios se capacita en sistemas normativos"},"content":{"rendered":"\n<p><br>\u2022\u00a0 \u00a0 \u00a0 \u00a0Auxiliares y autoridades de 14 comunidades ind\u00edgenas conocieron sobre las atribuciones que tienen conferidas en la Ley de Justicia Ind\u00edgena y Comunitaria de San Luis Potos\u00ed<\/p>\n\n\n\n<p>En cumplimiento de la Ley de Justicia Ind\u00edgena y Comunitaria de San Luis Potos\u00ed, el Poder Ejecutivo del Estado, a trav\u00e9s del Instituto de Desarrollo Humano y Social de los Pueblos y Comunidades Ind\u00edgenas (Indepi), capacit\u00f3, en el marco de la Asamblea General de Autoridades de Ciudad Valles, a jueces auxiliares y autoridades comunitarias de 14 comunidades ind\u00edgenas sobre las atribuciones que tienen conferidas en dicha ley.<br>La dependencia destac\u00f3 que se reconoce la calidad de sujetos de derecho p\u00fablico, a las comunidades ind\u00edgenas y desde la autonom\u00eda que la Constituci\u00f3n les otorga, valida su derecho a resolver controversias entre sus integrantes y conflictos internos, mediante la aplicaci\u00f3n de sus sistemas normativos internos, a trav\u00e9s de sus autoridades ind\u00edgenas.<br>San Luis Potos\u00ed es precursor nacional en el reconocimiento de la estructura, organizaci\u00f3n y sistemas normativos internos de estas comunidades, basado en sus usos y costumbres, por lo que, en estricto respeto a los derechos humanos, podr\u00e1n aplicar procedimientos y sanciones en materia de justicia ind\u00edgena.<br>Esta informaci\u00f3n es de inter\u00e9s p\u00fablico, ajena a cualquier inter\u00e9s particular o alg\u00fan partido pol\u00edtico.<\/p>\n","protected":false},"excerpt":{"rendered":"<p>\u2022\u00a0 \u00a0 \u00a0 \u00a0Auxiliares y autoridades de 14 comunidades ind\u00edgenas conocieron sobre las atribuciones que tienen conferidas en la Ley de Justicia Ind\u00edgena y Comunitaria de San Luis Potos\u00ed En cumplimiento de la Ley de Justicia Ind\u00edgena y Comunitaria de San Luis Potos\u00ed, el Poder &hellip; <\/p>\n","protected":false},"author":1,"featured_media":94187,"comment_status":"open","ping_status":"open","sticky":false,"template":"","format":"standard","meta":{"footnotes":""},"categories":[25,7,22,11,4,12,24,21,20,32],"tags":[],"class_list":["post-94186","post","type-post","status-publish","format-standard","has-post-thumbnail","hentry","category-aquismon","category-ciudad","category-ebano","category-estado","category-inicio","category-nacional","category-san-vicente","category-tamasopo","category-tamuin","category-xilitla"],"_links":{"self":[{"href":"https:\/\/amanecerhuasteco.com\/portal\/wp-json\/wp\/v2\/posts\/94186","targetHints":{"allow":["GET"]}}],"collection":[{"href":"https:\/\/amanecerhuasteco.com\/portal\/wp-json\/wp\/v2\/posts"}],"about":[{"href":"https:\/\/amanecerhuasteco.com\/portal\/wp-json\/wp\/v2\/types\/post"}],"author":[{"embeddable":true,"href":"https:\/\/amanecerhuasteco.com\/portal\/wp-json\/wp\/v2\/users\/1"}],"replies":[{"embeddable":true,"href":"https:\/\/amanecerhuasteco.com\/portal\/wp-json\/wp\/v2\/comments?post=94186"}],"version-history":[{"count":1,"href":"https:\/\/amanecerhuasteco.com\/portal\/wp-json\/wp\/v2\/posts\/94186\/revisions"}],"predecessor-version":[{"id":94188,"href":"https:\/\/amanecerhuasteco.com\/portal\/wp-json\/wp\/v2\/posts\/94186\/revisions\/94188"}],"wp:featuredmedia":[{"embeddable":true,"href":"https:\/\/amanecerhuasteco.com\/portal\/wp-json\/wp\/v2\/media\/94187"}],"wp:attachment":[{"href":"https:\/\/amanecerhuasteco.com\/portal\/wp-json\/wp\/v2\/media?parent=94186"}],"wp:term":[{"taxonomy":"category","embeddable":true,"href":"https:\/\/amanecerhuasteco.com\/portal\/wp-json\/wp\/v2\/categories?post=94186"},{"taxonomy":"post_tag","embeddable":true,"href":"https:\/\/amanecerhuasteco.com\/portal\/wp-json\/wp\/v2\/tags?post=94186"}],"curies":[{"name":"wp","href":"https:\/\/api.w.org\/{rel}","templated":true}]}}