{"id":94195,"date":"2024-03-27T07:38:00","date_gmt":"2024-03-27T13:38:00","guid":{"rendered":"https:\/\/amanecerhuasteco.com\/portal\/?p=94195"},"modified":"2024-03-27T07:38:01","modified_gmt":"2024-03-27T13:38:01","slug":"titular-de-poder-ejecutivo-del-estado-visita-el-penal-de-la-pila","status":"publish","type":"post","link":"https:\/\/amanecerhuasteco.com\/portal\/titular-de-poder-ejecutivo-del-estado-visita-el-penal-de-la-pila\/","title":{"rendered":"Titular de poder ejecutivo del estado visita el penal de la Pila"},"content":{"rendered":"\n<p><br>\u2022 En su mensaje el Mandatario Ricardo Gallardo reafirm\u00f3 su compromiso de impulsar espacios dignos, para lo que se invertir\u00e1n 40 millones de pesos en este 2024<\/p>\n\n\n\n<p>Durante su visita al Centro Penitenciario Estatal de La Pila, este martes, el Titular del Poder Ejecutivo, Ricardo Gallardo Cardona, reafirm\u00f3 su compromiso para dignificar las condiciones de las Personas Privadas de la Libertad (PPL), por lo que se invertir\u00e1n 40 millones de pesos para el mejoramiento de los dormitorios uno, dos y tres, as\u00ed como del \u00e1rea femenil, adem\u00e1s de continuar con los programas de preliberaciones y cr\u00e9ditos para emprendimientos en beneficio de las PPL\u00b4s y sus familias.<br>En un di\u00e1logo con algunas PPL, asegur\u00f3 que lo que busca el Gobierno del Estado, es que existan espacios dignos para que haya una verdadera reinserci\u00f3n social y cambiar el actual sistema con el que funciona este Centro, y en su lugar, tener una penitenciar\u00eda que sea ejemplo a nivel nacional.<br>Dijo que este a\u00f1o se pretende que haya m\u00e1s preliberaciones para que puedan reunirse con su familia; sin embargo, pidi\u00f3 que cumplan con las reglas del Centro para que haya una sana convivencia con respeto y que tengan la confianza de que afuera la gente s\u00ed est\u00e1 recibiendo ayuda.<br>Las Personas Privadas de la Libertad recibieron apoyos consistentes en kits de limpieza, playeras y 200 libros que enriquecer\u00e1n el acervo de la biblioteca.<br>Esta informaci\u00f3n es de inter\u00e9s p\u00fablico, ajena a cualquier inter\u00e9s particular o alg\u00fan partido pol\u00edtico.<\/p>\n","protected":false},"excerpt":{"rendered":"<p>\u2022 En su mensaje el Mandatario Ricardo Gallardo reafirm\u00f3 su compromiso de impulsar espacios dignos, para lo que se invertir\u00e1n 40 millones de pesos en este 2024 Durante su visita al Centro Penitenciario Estatal de La Pila, este martes, el Titular del Poder Ejecutivo, Ricardo &hellip; <\/p>\n","protected":false},"author":1,"featured_media":94196,"comment_status":"open","ping_status":"open","sticky":false,"template":"","format":"standard","meta":{"footnotes":""},"categories":[25,7,22,11,4,44,30,31,42,21,53,20,43,32],"tags":[],"class_list":["post-94195","post","type-post","status-publish","format-standard","has-post-thumbnail","hentry","category-aquismon","category-ciudad","category-ebano","category-estado","category-inicio","category-matehuala","category-rioverde","category-sanluispotosi","category-soledad","category-tamasopo","category-tamazunchale","category-tamuin","category-villa-de-reyes","category-xilitla"],"_links":{"self":[{"href":"https:\/\/amanecerhuasteco.com\/portal\/wp-json\/wp\/v2\/posts\/94195","targetHints":{"allow":["GET"]}}],"collection":[{"href":"https:\/\/amanecerhuasteco.com\/portal\/wp-json\/wp\/v2\/posts"}],"about":[{"href":"https:\/\/amanecerhuasteco.com\/portal\/wp-json\/wp\/v2\/types\/post"}],"author":[{"embeddable":true,"href":"https:\/\/amanecerhuasteco.com\/portal\/wp-json\/wp\/v2\/users\/1"}],"replies":[{"embeddable":true,"href":"https:\/\/amanecerhuasteco.com\/portal\/wp-json\/wp\/v2\/comments?post=94195"}],"version-history":[{"count":1,"href":"https:\/\/amanecerhuasteco.com\/portal\/wp-json\/wp\/v2\/posts\/94195\/revisions"}],"predecessor-version":[{"id":94197,"href":"https:\/\/amanecerhuasteco.com\/portal\/wp-json\/wp\/v2\/posts\/94195\/revisions\/94197"}],"wp:featuredmedia":[{"embeddable":true,"href":"https:\/\/amanecerhuasteco.com\/portal\/wp-json\/wp\/v2\/media\/94196"}],"wp:attachment":[{"href":"https:\/\/amanecerhuasteco.com\/portal\/wp-json\/wp\/v2\/media?parent=94195"}],"wp:term":[{"taxonomy":"category","embeddable":true,"href":"https:\/\/amanecerhuasteco.com\/portal\/wp-json\/wp\/v2\/categories?post=94195"},{"taxonomy":"post_tag","embeddable":true,"href":"https:\/\/amanecerhuasteco.com\/portal\/wp-json\/wp\/v2\/tags?post=94195"}],"curies":[{"name":"wp","href":"https:\/\/api.w.org\/{rel}","templated":true}]}}