{"id":94201,"date":"2024-03-27T07:47:49","date_gmt":"2024-03-27T13:47:49","guid":{"rendered":"https:\/\/amanecerhuasteco.com\/portal\/?p=94201"},"modified":"2024-03-27T07:47:51","modified_gmt":"2024-03-27T13:47:51","slug":"concientizan-a-personal-de-empresa-mabe-sobre-el-cuidado-del-agua","status":"publish","type":"post","link":"https:\/\/amanecerhuasteco.com\/portal\/concientizan-a-personal-de-empresa-mabe-sobre-el-cuidado-del-agua\/","title":{"rendered":"Concientizan a personal de empresa MABE, sobre el cuidado del agua"},"content":{"rendered":"\n<p><br>\u2022\u00a0 \u00a0 \u00a0 \u00a0La Secretar\u00eda de Ecolog\u00eda y Gesti\u00f3n Ambiental (Segam), implement\u00f3 diversas din\u00e1micas y promovi\u00f3 la sensibilizaci\u00f3n a favor de la conservaci\u00f3n del agua<\/p>\n\n\n\n<p>En el marco de las actividades conmemorativas del \u00abD\u00eda Mundial del Agua\u00bb, el Poder Ejecutivo del Estado, a trav\u00e9s de la Secretar\u00eda de Ecolog\u00eda y Gesti\u00f3n Ambiental (Segam) realiz\u00f3 un taller de concientizaci\u00f3n sobre el cuidado del agua, dirigido a personal de la empresa Mabe.<br>Mediante din\u00e1micas las y los trabajadores conocieron sobre la situaci\u00f3n actual del abastecimiento de agua a nivel mundial, las graves consecuencias de la sequ\u00eda en las regiones, as\u00ed como la importancia de adoptar h\u00e1bitos de consumo responsables y garantizar un acceso equitativo a este recurso.<br>Esta informaci\u00f3n es de inter\u00e9s p\u00fablico, ajena a cualquier inter\u00e9s particular o alg\u00fan partido pol\u00edtico.<\/p>\n","protected":false},"excerpt":{"rendered":"<p>\u2022\u00a0 \u00a0 \u00a0 \u00a0La Secretar\u00eda de Ecolog\u00eda y Gesti\u00f3n Ambiental (Segam), implement\u00f3 diversas din\u00e1micas y promovi\u00f3 la sensibilizaci\u00f3n a favor de la conservaci\u00f3n del agua En el marco de las actividades conmemorativas del \u00abD\u00eda Mundial del Agua\u00bb, el Poder Ejecutivo del Estado, a trav\u00e9s de &hellip; <\/p>\n","protected":false},"author":1,"featured_media":94202,"comment_status":"open","ping_status":"open","sticky":false,"template":"","format":"standard","meta":{"footnotes":""},"categories":[25,7,22,11,4,44,12,30,31,42,21,53,20,43,32],"tags":[],"class_list":["post-94201","post","type-post","status-publish","format-standard","has-post-thumbnail","hentry","category-aquismon","category-ciudad","category-ebano","category-estado","category-inicio","category-matehuala","category-nacional","category-rioverde","category-sanluispotosi","category-soledad","category-tamasopo","category-tamazunchale","category-tamuin","category-villa-de-reyes","category-xilitla"],"_links":{"self":[{"href":"https:\/\/amanecerhuasteco.com\/portal\/wp-json\/wp\/v2\/posts\/94201","targetHints":{"allow":["GET"]}}],"collection":[{"href":"https:\/\/amanecerhuasteco.com\/portal\/wp-json\/wp\/v2\/posts"}],"about":[{"href":"https:\/\/amanecerhuasteco.com\/portal\/wp-json\/wp\/v2\/types\/post"}],"author":[{"embeddable":true,"href":"https:\/\/amanecerhuasteco.com\/portal\/wp-json\/wp\/v2\/users\/1"}],"replies":[{"embeddable":true,"href":"https:\/\/amanecerhuasteco.com\/portal\/wp-json\/wp\/v2\/comments?post=94201"}],"version-history":[{"count":1,"href":"https:\/\/amanecerhuasteco.com\/portal\/wp-json\/wp\/v2\/posts\/94201\/revisions"}],"predecessor-version":[{"id":94203,"href":"https:\/\/amanecerhuasteco.com\/portal\/wp-json\/wp\/v2\/posts\/94201\/revisions\/94203"}],"wp:featuredmedia":[{"embeddable":true,"href":"https:\/\/amanecerhuasteco.com\/portal\/wp-json\/wp\/v2\/media\/94202"}],"wp:attachment":[{"href":"https:\/\/amanecerhuasteco.com\/portal\/wp-json\/wp\/v2\/media?parent=94201"}],"wp:term":[{"taxonomy":"category","embeddable":true,"href":"https:\/\/amanecerhuasteco.com\/portal\/wp-json\/wp\/v2\/categories?post=94201"},{"taxonomy":"post_tag","embeddable":true,"href":"https:\/\/amanecerhuasteco.com\/portal\/wp-json\/wp\/v2\/tags?post=94201"}],"curies":[{"name":"wp","href":"https:\/\/api.w.org\/{rel}","templated":true}]}}