{"id":94230,"date":"2024-03-27T12:16:24","date_gmt":"2024-03-27T18:16:24","guid":{"rendered":"https:\/\/amanecerhuasteco.com\/portal\/?p=94230"},"modified":"2024-03-27T12:16:26","modified_gmt":"2024-03-27T18:16:26","slug":"invitan-a-curso-de-lengua-de-senas-mexicana-para-ninas-y-ninos","status":"publish","type":"post","link":"https:\/\/amanecerhuasteco.com\/portal\/invitan-a-curso-de-lengua-de-senas-mexicana-para-ninas-y-ninos\/","title":{"rendered":"Invitan a curso de lengua de se\u00f1as mexicana para ni\u00f1as y ni\u00f1os"},"content":{"rendered":"\n<p>\u00a0<br>\u2022\u00a0 \u00a0 \u00a0 \u00a0El Sistema Estatal para el Desarrollo Integral de la Familia (DIF), fortalece las actividades de inclusi\u00f3n con este curso dirigido a menores de 12 a\u00f1os, que se impartir\u00e1 en abril<\/p>\n\n\n\n<p>El Poder Ejecutivo del Estado a trav\u00e9s del Sistema Estatal para el Desarrollo Integral de la Familia (DIF), invita a las y los ni\u00f1os menores de 12 a\u00f1os al curso de Lengua de Se\u00f1as Mexicana (LSM), para promover la inclusi\u00f3n y con el que las y los menores desarrollar\u00e1n capacidades de comunicaci\u00f3n no verbal, con \u00e9nfasis en el pensamiento, expresi\u00f3n y recepci\u00f3n para que comprendan el alfabeto de dicha lengua.<br>El curso iniciar\u00e1 el s\u00e1bado 6 de abril en el Centro de Rehabilitaci\u00f3n y Educaci\u00f3n Especial (CREE) de 10:00 a 15:00 horas y est\u00e1 dirigido a menores de 12 a\u00f1os, quienes deber\u00e1n acudir acompa\u00f1ados por una persona adulta. Las inscripciones son gratuitas a trav\u00e9s de una llamada al 444 167 60 03.<br>De esta manera se abona a la promoci\u00f3n de la Lengua de Se\u00f1as Mexicana entre la sociedad, impulsando la inclusi\u00f3n social de las personas con discapacidad auditiva, ya que por medio de la empat\u00eda de las ni\u00f1as, ni\u00f1os y adolescentes participantes, se visibiliza la importancia de esta lengua nacional que forma parte del patrimonio ling\u00fc\u00edstico de M\u00e9xico.<br>Esta informaci\u00f3n es de inter\u00e9s p\u00fablico, ajena a cualquier inter\u00e9s particular o alg\u00fan partido pol\u00edtico.<\/p>\n","protected":false},"excerpt":{"rendered":"<p>\u00a0\u2022\u00a0 \u00a0 \u00a0 \u00a0El Sistema Estatal para el Desarrollo Integral de la Familia (DIF), fortalece las actividades de inclusi\u00f3n con este curso dirigido a menores de 12 a\u00f1os, que se impartir\u00e1 en abril El Poder Ejecutivo del Estado a trav\u00e9s del Sistema Estatal para el &hellip; <\/p>\n","protected":false},"author":1,"featured_media":94231,"comment_status":"open","ping_status":"open","sticky":false,"template":"","format":"standard","meta":{"footnotes":""},"categories":[25,7,22,11,16,4,44,12,30,31,42,21,53,20,43,32],"tags":[],"class_list":["post-94230","post","type-post","status-publish","format-standard","has-post-thumbnail","hentry","category-aquismon","category-ciudad","category-ebano","category-estado","category-ingenios","category-inicio","category-matehuala","category-nacional","category-rioverde","category-sanluispotosi","category-soledad","category-tamasopo","category-tamazunchale","category-tamuin","category-villa-de-reyes","category-xilitla"],"_links":{"self":[{"href":"https:\/\/amanecerhuasteco.com\/portal\/wp-json\/wp\/v2\/posts\/94230","targetHints":{"allow":["GET"]}}],"collection":[{"href":"https:\/\/amanecerhuasteco.com\/portal\/wp-json\/wp\/v2\/posts"}],"about":[{"href":"https:\/\/amanecerhuasteco.com\/portal\/wp-json\/wp\/v2\/types\/post"}],"author":[{"embeddable":true,"href":"https:\/\/amanecerhuasteco.com\/portal\/wp-json\/wp\/v2\/users\/1"}],"replies":[{"embeddable":true,"href":"https:\/\/amanecerhuasteco.com\/portal\/wp-json\/wp\/v2\/comments?post=94230"}],"version-history":[{"count":1,"href":"https:\/\/amanecerhuasteco.com\/portal\/wp-json\/wp\/v2\/posts\/94230\/revisions"}],"predecessor-version":[{"id":94232,"href":"https:\/\/amanecerhuasteco.com\/portal\/wp-json\/wp\/v2\/posts\/94230\/revisions\/94232"}],"wp:featuredmedia":[{"embeddable":true,"href":"https:\/\/amanecerhuasteco.com\/portal\/wp-json\/wp\/v2\/media\/94231"}],"wp:attachment":[{"href":"https:\/\/amanecerhuasteco.com\/portal\/wp-json\/wp\/v2\/media?parent=94230"}],"wp:term":[{"taxonomy":"category","embeddable":true,"href":"https:\/\/amanecerhuasteco.com\/portal\/wp-json\/wp\/v2\/categories?post=94230"},{"taxonomy":"post_tag","embeddable":true,"href":"https:\/\/amanecerhuasteco.com\/portal\/wp-json\/wp\/v2\/tags?post=94230"}],"curies":[{"name":"wp","href":"https:\/\/api.w.org\/{rel}","templated":true}]}}