{"id":94278,"date":"2024-03-29T08:49:30","date_gmt":"2024-03-29T14:49:30","guid":{"rendered":"https:\/\/amanecerhuasteco.com\/portal\/?p=94278"},"modified":"2024-03-29T08:49:32","modified_gmt":"2024-03-29T14:49:32","slug":"poder-ejecutivo-estatal-fortalece-la-proteccion-de-datos-personales","status":"publish","type":"post","link":"https:\/\/amanecerhuasteco.com\/portal\/poder-ejecutivo-estatal-fortalece-la-proteccion-de-datos-personales\/","title":{"rendered":"Poder Ejecutivo Estatal fortalece la Protecci\u00f3n de Datos Personales"},"content":{"rendered":"\n<p><br>\u2022\u00a0 \u00a0 \u00a0 \u00a0Se imparti\u00f3 el curso \u201cInducci\u00f3n a la Legislaci\u00f3n en Materia de Protecci\u00f3n y Manejo de Datos Personales en Posesi\u00f3n de los Sujetos Obligados\u201d<\/p>\n\n\n\n<p>Con el prop\u00f3sito de establecer las bases, principios y procedimientos para garantizar el derecho a la protecci\u00f3n de datos personales, el Poder Ejecutivo del Estado a trav\u00e9s de la Subdirecci\u00f3n de Desarrollo Humano de la Oficial\u00eda Mayor, imparti\u00f3 el curso \u201cInducci\u00f3n a la Legislaci\u00f3n en Materia de Protecci\u00f3n y Manejo de Datos Personales en Posesi\u00f3n de los Sujetos Obligados\u201d<br>El curso se realiz\u00f3 de manera virtual del 19 al 23 de marzo en un horario de 17:00 a 19:00 horas, para que las y los servidores p\u00fablicos conozcan elementos b\u00e1sicos de la Legislaci\u00f3n en materia de Protecci\u00f3n y Manejo de Datos Personales, a trav\u00e9s del estudio de fuentes documentales as\u00ed como de los instrumentos jur\u00eddico-normativos, por medio de t\u00e9cnicas: lecto-comprensiva, expositiva y participativa.<br>Participaron m\u00e1s de 46 trabajadores de las distintas dependencias gubernamentales.<br>Esta informaci\u00f3n es de inter\u00e9s p\u00fablico, ajena a cualquier inter\u00e9s particular o alg\u00fan partido pol\u00edtico.<\/p>\n","protected":false},"excerpt":{"rendered":"<p>\u2022\u00a0 \u00a0 \u00a0 \u00a0Se imparti\u00f3 el curso \u201cInducci\u00f3n a la Legislaci\u00f3n en Materia de Protecci\u00f3n y Manejo de Datos Personales en Posesi\u00f3n de los Sujetos Obligados\u201d Con el prop\u00f3sito de establecer las bases, principios y procedimientos para garantizar el derecho a la protecci\u00f3n de datos &hellip; <\/p>\n","protected":false},"author":1,"featured_media":94279,"comment_status":"open","ping_status":"open","sticky":false,"template":"","format":"standard","meta":{"footnotes":""},"categories":[25,7,22,11,16,4,44,10,12,30,31,42,21,53,20,43],"tags":[],"class_list":["post-94278","post","type-post","status-publish","format-standard","has-post-thumbnail","hentry","category-aquismon","category-ciudad","category-ebano","category-estado","category-ingenios","category-inicio","category-matehuala","category-municipios","category-nacional","category-rioverde","category-sanluispotosi","category-soledad","category-tamasopo","category-tamazunchale","category-tamuin","category-villa-de-reyes"],"_links":{"self":[{"href":"https:\/\/amanecerhuasteco.com\/portal\/wp-json\/wp\/v2\/posts\/94278","targetHints":{"allow":["GET"]}}],"collection":[{"href":"https:\/\/amanecerhuasteco.com\/portal\/wp-json\/wp\/v2\/posts"}],"about":[{"href":"https:\/\/amanecerhuasteco.com\/portal\/wp-json\/wp\/v2\/types\/post"}],"author":[{"embeddable":true,"href":"https:\/\/amanecerhuasteco.com\/portal\/wp-json\/wp\/v2\/users\/1"}],"replies":[{"embeddable":true,"href":"https:\/\/amanecerhuasteco.com\/portal\/wp-json\/wp\/v2\/comments?post=94278"}],"version-history":[{"count":1,"href":"https:\/\/amanecerhuasteco.com\/portal\/wp-json\/wp\/v2\/posts\/94278\/revisions"}],"predecessor-version":[{"id":94280,"href":"https:\/\/amanecerhuasteco.com\/portal\/wp-json\/wp\/v2\/posts\/94278\/revisions\/94280"}],"wp:featuredmedia":[{"embeddable":true,"href":"https:\/\/amanecerhuasteco.com\/portal\/wp-json\/wp\/v2\/media\/94279"}],"wp:attachment":[{"href":"https:\/\/amanecerhuasteco.com\/portal\/wp-json\/wp\/v2\/media?parent=94278"}],"wp:term":[{"taxonomy":"category","embeddable":true,"href":"https:\/\/amanecerhuasteco.com\/portal\/wp-json\/wp\/v2\/categories?post=94278"},{"taxonomy":"post_tag","embeddable":true,"href":"https:\/\/amanecerhuasteco.com\/portal\/wp-json\/wp\/v2\/tags?post=94278"}],"curies":[{"name":"wp","href":"https:\/\/api.w.org\/{rel}","templated":true}]}}