{"id":94342,"date":"2024-04-02T09:04:09","date_gmt":"2024-04-02T15:04:09","guid":{"rendered":"https:\/\/amanecerhuasteco.com\/portal\/?p=94342"},"modified":"2024-04-02T09:04:10","modified_gmt":"2024-04-02T15:04:10","slug":"entre-columnas-605","status":"publish","type":"post","link":"https:\/\/amanecerhuasteco.com\/portal\/entre-columnas-605\/","title":{"rendered":"ENTRE COLUMNAS"},"content":{"rendered":"\n<p>ECLIPSE DE SOL.<\/p>\n\n\n\n<p>EL 8 DE ABRIL HORARIOS<\/p>\n\n\n\n<p>El 8 de abril pr\u00f3ximo, el Sol desaparecer\u00e1 en una franja desde Mazatl\u00e1n, M\u00e9xico, hasta Terranova, Canad\u00e1, transformando el d\u00eda en noche durante hasta 4 minutos, 28 segundos.<\/p>\n\n\n\n<p>\u00c9ste mismo a\u00f1o habr\u00e1 otro eclipse de Sol pero visible para Argentina el 2 de octubre del 2024.<\/p>\n\n\n\n<p>En M\u00e9xico es posible que estemos ante el \u00faltimo eclipse de nuestras vidas, ya que el siguiente eclipse total ser\u00e1 el 30 de marzo del a\u00f1o 2052.<\/p>\n\n\n\n<p>HORARIOS PARA LA HUASTECA<\/p>\n\n\n\n<p>Ciudad Valles<\/p>\n\n\n\n<p>Oscuridad 81.63%<\/p>\n\n\n\n<p>Inicia 11:00 \u2013 M\u00e1ximo 12:19 &#8211; Termina 13:42<\/p>\n\n\n\n<p>Tamuin<\/p>\n\n\n\n<p>Oscuridad 81.09%<\/p>\n\n\n\n<p>Inicia 11:00 \u2013 M\u00e1ximo 12:20 &#8211; Termina 13:39<\/p>\n\n\n\n<p>Tamasopo<\/p>\n\n\n\n<p>Oscuridad 82.51%<\/p>\n\n\n\n<p>Inicia 10:59 \u2013 M\u00e1ximo 12:16 &#8211; Termina 13:39<\/p>\n\n\n\n<p>San Vicente<\/p>\n\n\n\n<p>Oscuridad 85.08%<\/p>\n\n\n\n<p>Inicia 10:57 \u2013 M\u00e1ximo 12:16 &#8211; Termina 13:39<\/p>\n\n\n\n<p>Tanlaj\u00e1s<\/p>\n\n\n\n<p>Oscuridad 79.42%<\/p>\n\n\n\n<p>Inicia 10:57 \u2013 M\u00e1ximo 12:18 &#8211; Termina 13:41<\/p>\n\n\n\n<p>Aquism\u00f3n<\/p>\n\n\n\n<p>Oscuridad 80.59%<\/p>\n\n\n\n<p>Inicia 11:59 \u2013 M\u00e1ximo 12:18 &#8211; Termina 13:41<\/p>\n\n\n\n<p>San Antonio<\/p>\n\n\n\n<p>Oscuridad 80.26%<\/p>\n\n\n\n<p>Inicia 11:59 \u2013 M\u00e1ximo 12:18 &#8211; Termina 13:41<\/p>\n\n\n\n<p>Tanqui\u00e1n<\/p>\n\n\n\n<p>Oscuridad 79.63%<\/p>\n\n\n\n<p>Inicia 11:59 \u2013 M\u00e1ximo 12:18 &#8211; Termina 13:41<\/p>\n\n\n\n<p>Tancanhuitz<\/p>\n\n\n\n<p>Oscuridad 79.14%<\/p>\n\n\n\n<p>Inicia 11:59 \u2013 M\u00e1ximo 12:18 &#8211; Termina 13:41<\/p>\n\n\n\n<p>Xilitla<\/p>\n\n\n\n<p>Oscuridad 79.85%<\/p>\n\n\n\n<p>Inicia 10:58 \u2013 M\u00e1ximo 12:18 &#8211; Termina 13:40<\/p>\n\n\n\n<p>Tampamol\u00f3n<\/p>\n\n\n\n<p>Oscuridad 81.73%<\/p>\n\n\n\n<p>Inicia 10:57 \u2013 M\u00e1ximo 12:17 &#8211; Termina 13:39<\/p>\n\n\n\n<p>Huehuetl\u00e1n<\/p>\n\n\n\n<p>Oscuridad 79.25%<\/p>\n\n\n\n<p>Inicia 10:59 \u2013 M\u00e1ximo 12:18 &#8211; Termina 13:41<\/p>\n\n\n\n<p>Coxcatl\u00e1n<\/p>\n\n\n\n<p>Oscuridad 79.71%<\/p>\n\n\n\n<p>Inicia 10:24 \u2013 M\u00e1ximo 11:43 &#8211; Termina 13:06<\/p>\n\n\n\n<p>Axtla<\/p>\n\n\n\n<p>Oscuridad 79.66%<\/p>\n\n\n\n<p>Inicia 10:23 \u2013 M\u00e1ximo 11:43 &#8211; Termina 13:05<\/p>\n\n\n\n<p>Tampac\u00e1n<\/p>\n\n\n\n<p>Oscuridad 79.15%<\/p>\n\n\n\n<p>Inicia 10:24 \u2013 M\u00e1ximo 11:44 &#8211; Termina 13:03<\/p>\n\n\n\n<p>San Mart\u00edn<\/p>\n\n\n\n<p>Oscuridad 78.85%<\/p>\n\n\n\n<p>Inicia 10:24 \u2013 M\u00e1ximo 11:44 &#8211; Termina 13:06<\/p>\n\n\n\n<p>Matlapa<\/p>\n\n\n\n<p>Oscuridad 79.14%<\/p>\n\n\n\n<p>Inicia 10:24 \u2013 M\u00e1ximo 11:43 &#8211; Termina 13:05<\/p>\n\n\n\n<p>Tamazunchale<\/p>\n\n\n\n<p>Oscuridad 79.92%<\/p>\n\n\n\n<p>Inicia 10:59 \u2013 M\u00e1ximo 12:18 &#8211; Termina 13:40<\/p>\n\n\n\n<p>\u00c9bano<\/p>\n\n\n\n<p>Oscuridad 80.43%<\/p>\n\n\n\n<p>Inicia 11:01 \u2013 M\u00e1ximo 12:21 &#8211; Termina 13:43<\/p>\n\n\n\n<p>San Luis Potos\u00ed<\/p>\n\n\n\n<p>Oscuridad 87.71 %<\/p>\n\n\n\n<p>Inicia 10:57 \u2013 M\u00e1ximo 12:16 &#8211; Termina 13:39<\/p>\n\n\n\n<p>SIGUIENTES ECLIPSES DE SOL<\/p>\n\n\n\n<p>Otro eclipse total de Sol para M\u00e9xico ser\u00e1 el 23 de septiembre del a\u00f1o 2071.<\/p>\n\n\n\n<p>El siguiente eclipse total de Sol ser\u00e1 en M\u00e9xico el 11 de mayo de 2078.<\/p>\n\n\n\n<p>LOS ECLIPSES<\/p>\n\n\n\n<p>Un eclipse solar sucede en el momento que la Luna pasa entre el Sol y la Tierra, reflejando su sombra sobre el planeta. Esto no suele ocurrir en cada momento ya que la Luna no orbita principalmente en el mismo plano que el Sol y la Tierra. De esta manera, para poder observar un eclipse solar, pues tiene que presentarse estas dos ocasiones: que el Sol, la Luna y la Tierra est\u00e9n en l\u00ednea recta, con la Luna entre el Sol y la Tierra, y que el observador est\u00e9 en el punto correcto de la Tierra.<\/p>\n\n\n\n<p>Como se sabe, la Tierra es el \u00fanico planeta de nuestro sistema solar que cuenta con una luna de gran tama\u00f1o y la longitud exacta para generar eclipses solares.<\/p>\n\n\n\n<p>Los eclipses solares totales se originan aproximadamente una sola vez cada 18 meses, pero en regiones diversas del mundo<\/p>\n\n\n\n<p><a href=\"https:\/\/www.facebook.com\/hashtag\/fuente?__eep__=6&amp;__cft__%5b0%5d=AZVOGou6PAKGf6VRqPG0bVAcUq4KaOe5rs3Ma4KBNJMwk-VmTtn0OCptbeNeWs4lmwokU2OP-y3Akh0DjwRTwxhR1R2JjcYoWheUyUQfrE-Wa9bX0aFFVT1UhBQ3P3Ir9DNGRNFUFJA9IUxAgfbEuSbVyId4n0K6RZ3XwMpuR6J8EHdkkukjuzMxD01JuSDXGXPY6hXeHVwB40XnYtjGlFnEa-Twc4kAZ9s4qbhdiUF79Q&amp;__tn__=*NK-y-R\">#Fuente<\/a>: Instituto de Ciencias Espaciales<\/p>\n\n\n\n<p><a href=\"https:\/\/www.facebook.com\/hashtag\/eclipse2024?__eep__=6&amp;__cft__%5b0%5d=AZVOGou6PAKGf6VRqPG0bVAcUq4KaOe5rs3Ma4KBNJMwk-VmTtn0OCptbeNeWs4lmwokU2OP-y3Akh0DjwRTwxhR1R2JjcYoWheUyUQfrE-Wa9bX0aFFVT1UhBQ3P3Ir9DNGRNFUFJA9IUxAgfbEuSbVyId4n0K6RZ3XwMpuR6J8EHdkkukjuzMxD01JuSDXGXPY6hXeHVwB40XnYtjGlFnEa-Twc4kAZ9s4qbhdiUF79Q&amp;__tn__=*NK-y-R\">#eclipse2024<\/a><\/p>\n\n\n\n<p>&nbsp;&nbsp;+++++++++++<\/p>\n\n\n\n<p>Pr\u00e9stamos de&nbsp; dinero inmediatos a pensionados&nbsp;&nbsp; CFE, ISSSTE.FFCC, SCT, PEMEX,&nbsp; ACTIVOS Y JUBILADOS&nbsp; IMSS<\/p>\n\n\n\n<p>SIN AFECTAR TARJETON.<\/p>\n\n\n\n<p>Ll\u00e1menos las 24 hrs del d\u00eda<\/p>\n\n\n\n<p>LLAMENOS 4811039565<\/p>\n\n\n\n<p>CREDITO INMEDIATO<\/p>\n\n\n\n<p>+++++++++++++<\/p>\n\n\n\n<p>INFLUYENTES&nbsp; NO PAGAN CONSUMO DE ENERGIA&nbsp; ELECTRICA A LA&nbsp; CFE.<\/p>\n\n\n\n<p>+.-&nbsp; Hasta&nbsp; una candidata a Senadora y familiares gozan del servicio.<br>+.\u2014Trascendi\u00f3 que hasta&nbsp; funcionarios y personal de&nbsp; la&nbsp; paraestatal fueron cesados por orden directa de M\u00e9xico, a empleados de Comisi\u00f3n Federal de Electricidad (CFE), la raz\u00f3n porque le cortaron el servicio a la candidata al Senado de MORENA, quien por a\u00f1os, no pag\u00f3 el&nbsp; consumo.&nbsp;&nbsp; Trascendi\u00f3 en el gremio laboral de la&nbsp; CFE&nbsp; regi\u00f3n Valles&nbsp;&nbsp; el cese&nbsp; fulminante del Superintendente en la Zona Valles de la Divisi\u00f3n Golfo Centro, Jes\u00fas Manuel V\u00e1zquez Seyditlz, quien tenia 22 a\u00f1os de antig\u00fcedad, as\u00ed como personal sindicalizado y de confianza supuestamente&nbsp; estar\u00edan&nbsp; de&nbsp; alg\u00fan forma&nbsp; involucrados&nbsp; en&nbsp; la tolerancia con&nbsp; los deudores-<\/p>\n\n\n\n<p>&nbsp;En cuanto se&nbsp; ampl\u00eden las investigaciones y sean&nbsp; entregadas a los medios&nbsp; se conocer\u00e1&nbsp; que hasta&nbsp; una aspirante al &nbsp;Senado&nbsp; est\u00e1&nbsp; relacionada en este affaire.&nbsp; Prensa Libre de Valles publica&nbsp; con mas datos&nbsp; este&nbsp; caso.<\/p>\n\n\n\n<p>QFB&nbsp; FABIOLA GARCIA ALVAREZ<\/p>\n\n\n\n<p>Perito dictaminador en an\u00e1lisis bacteriol\u00f3gico de agua<\/p>\n\n\n\n<p>Y alimentos con n\u00famero GES-PD 0705<\/p>\n\n\n\n<p>Perito dictaminador en&nbsp; estupefacientes GES-PD0523<\/p>\n\n\n\n<p>Maestr\u00eda&nbsp; en an\u00e1lisis cl\u00ednicos 1301 \u2013 368068<\/p>\n\n\n\n<p>Ced&nbsp; prof&nbsp; 8664204&nbsp;&nbsp; Tel. 38 1 66 64<\/p>\n\n\n\n<p>Asesor\u00eda,&nbsp; auditor\u00eda&nbsp; y gesti\u00f3n ambiental.<\/p>\n\n\n\n<p>G. Victoria No. 8&nbsp; zona centro Cd Valles SLP.<\/p>\n\n\n\n<p>++++++++++<\/p>\n\n\n\n<p>Publicado en redes&nbsp; sociales\u2026.<\/p>\n\n\n\n<p>\u00bfPor qu\u00e9 es importante mantenerte hidratado?<\/p>\n\n\n\n<p>* El consumo de agua natural potable, puede ayudar a prevenir enfermedades como la deshidrataci\u00f3n, c\u00e1lculos renales y problemas digestivos<\/p>\n\n\n\n<p>La \u00abJarra del Buen Beber\u00bb es una herramienta gr\u00e1fica desarrollada por el Instituto Nacional de Salud P\u00fablica de M\u00e9xico para promover h\u00e1bitos saludables de consumo de l\u00edquidos, principalmente agua. Esta jarra est\u00e1 dividida en diferentes secciones que representan los tipos de l\u00edquidos que se deben consumir y en qu\u00e9 cantidad, de acuerdo con las recomendaciones de salud.<\/p>\n\n\n\n<p>La importancia de la Jarra del Buen Beber radica en varios aspectos, desde la promoci\u00f3n de la hidrataci\u00f3n saludable, promueve el consumo de l\u00edquidos de manera equilibrada, destacando la importancia de la hidrataci\u00f3n para la salud general del cuerpo y&nbsp; la prevenci\u00f3n de enfermedades, ya que el consumo adecuado de l\u00edquidos, especialmente agua, puede ayudar a prevenir una serie de enfermedades y condiciones de salud, como la deshidrataci\u00f3n, c\u00e1lculos renales y problemas digestivos.<\/p>\n\n\n\n<p>La Jarra del Buen Beber sirve como una herramienta educativa para ense\u00f1ar a las personas sobre la importancia de elegir opciones saludables de l\u00edquidos y mantener un equilibrio adecuado en su consumo diario. Y hacer conciencia sobre el exceso de az\u00facares y calor\u00edas, al mostrar claramente las cantidades recomendadas de diferentes tipos de l\u00edquidos, la Jarra del Buen Beber ayuda a concienciar sobre el exceso de az\u00facares y calor\u00edas presentes en bebidas como refrescos y jugos procesados.<\/p>\n\n\n\n<p>Es esencial el fomentar los h\u00e1bitos saludables en el hogar, al seguir las recomendaciones de la Jarra del Buen Beber, las personas pueden desarrollar h\u00e1bitos m\u00e1s saludables en cuanto al consumo de l\u00edquidos, lo que contribuye a una mejor calidad de vida a largo plazo. Esta jarra cuenta con 6 niveles representando las proporciones (240 ml por vaso) que se recomienda a la poblaci\u00f3n mexicana consumir al d\u00eda:<\/p>\n\n\n\n<p>Nivel 1 \u2013 Agua Potable: es la bebida m\u00e1s saludable y la preferida para satisfacer las necesidades diarias de l\u00edquidos. De acuerdo a lo anterior, se debe consumir un m\u00ednimo de ocho vasos al d\u00eda; Nivel 2 \u2013 Leche semidescremada, leche descremada y bebidas de soya sin az\u00facar adicionada: aportan calcio, vitamina D y prote\u00edna de alta calidad. Se recomienda consumir m\u00e1ximo dos vasos al d\u00eda de \u00e9stas bebidas. Se deben preferir sobre la leche y bebidas de soya saborizadas y con az\u00facar agregada ya que contienen grandes cantidades de energ\u00eda. Igualmente deben suplir la leche entera ya que \u00e9sta \u00faltima tiene mayor aporte de grasa que la leche descremada.<\/p>\n\n\n\n<p>Nivel 3 \u2013 Caf\u00e9 y t\u00e9 sin az\u00facar: El t\u00e9 y el caf\u00e9 negro sin az\u00facar se pueden tomar hasta 4 tazas (250ml por taza). El t\u00e9 provee micronutrimentos como el fluoruro, algunos amino\u00e1cidos y vitaminas. Nivel 4 \u2013 Bebidas no cal\u00f3ricas con edulcorantes artificiales: se refiere a refrescos de dieta, agua con vitaminas, bebidas energetizantes y otras bebidas \u201cdiet\u00e9ticas\u201d a base de caf\u00e9 o t\u00e9. Se recomienda de 0 a 500ml por d\u00eda (de cero a dos vasos). No se recomienda en ni\u00f1os. Nivel 5 \u2013 Bebidas con alto valor cal\u00f3rico y beneficios en salud limitados: se refiere a jugos de fruta, leche entera, bebidas alcoh\u00f3licas y bebidas deportivas. \u00c9stas se recomiendan de 0 a medio vaso (125 ml) al d\u00eda ya que aportan gran cantidad de energ\u00eda.<\/p>\n\n\n\n<p>Finalmente el Nivel 6 , se enfoca en las bebidas con az\u00facares y bajo contenido de nutrimentos: se refiere a refrescos y otras bebidas con az\u00facar adicionada como jugos, aguas frescas y caf\u00e9 con az\u00facar. No se recomienda su consumo ya que proveen excesivas calor\u00edas y su consumo se ha asociado con caries dental, sobrepeso y obesidad.&nbsp; No olvides que la recomendaci\u00f3n general ser\u00e1 el consumo de agua natural de al menos 8 vasos de agua diariamente, evitar el consumo de alimentos ricos en az\u00facares y bebidas alcoh\u00f3licas las cuales deshidratan&nbsp; nuestro cuerpo.<\/p>\n\n\n\n<p>+++&nbsp;&nbsp;&nbsp;&nbsp;<\/p>\n\n\n\n<p>CARROCERIAS&nbsp; BUSTOS<\/p>\n\n\n\n<p>Reforma y Lerdo de tejada Col. Altavista.<\/p>\n\n\n\n<p>Cd Valles SLP&nbsp; Tel. 3824777.<\/p>\n\n\n\n<p>En carrocer\u00edas para camiones y camionetas nadie nos compite.<\/p>\n\n\n\n<p>++++++++++++++<\/p>\n\n\n\n<p>\u201cFINCA&nbsp; SAN ISIDRO\u201d<\/p>\n\n\n\n<p>Sal\u00f3n para fiestas de todo tipo.<\/p>\n\n\n\n<p>Carretera Valles \u2013 R\u00edo Verde Km. 8<\/p>\n\n\n\n<p>Contrataciones al Tel. 01 481 179 09<\/p>\n\n\n\n<p>Cd. Valles SLP M\u00e9xico.<\/p>\n\n\n\n<p>+++++++++<\/p>\n\n\n\n<p>NOCHE DE TERROR&nbsp; EN LA FERIA DE VALLES.<\/p>\n\n\n\n<p>+.&#8211; Juegos mec\u00e1nicos&nbsp; chatarra hubo&nbsp; en la feria.<\/p>\n\n\n\n<p>Tres incidentes uno&nbsp; de ellos&nbsp; grave con saldo de 8 ni\u00f1os&nbsp; lesionados&nbsp; hubo en la noche de&nbsp; terror&nbsp; en la&nbsp; feria&nbsp; de Valles y fue un enga\u00f1o de las autoridades municipales que&nbsp; los llamados&nbsp; juegos mec\u00e1nicos&nbsp; ser\u00edan gratis, s\u00ed fueron gratis&nbsp; aquellos&nbsp; juegos&nbsp; vetustos par peque\u00f1os&nbsp; solamente, el&nbsp; resto las&nbsp; tarifas&nbsp; eran fuera del alcance de las&nbsp; familias&nbsp; que acudieron&nbsp; ante&nbsp; la invitaci\u00f3n del alcalde con licencia&nbsp; que \u201clos juegos serian gratis\u201d&nbsp; adem\u00e1s&nbsp; la&nbsp; entrada a terrenos feriales no cobraron.<\/p>\n\n\n\n<p>Por su parte el director de Protecci\u00f3n Civil&nbsp; dijo en reiteradas ocasiones&nbsp; que el&nbsp; percance donde hubo &nbsp;ni\u00f1os heridos fue&nbsp; a causa del \u201crozamiento y por fatiga &nbsp;de un cable, sobrevino el accidente\u201d&nbsp; pero padres&nbsp; de familia&nbsp;&nbsp; que auxiliaban a sus hijos tras la ca\u00edda del artefacto donde&nbsp; estaban atrapados, escucharon decir al funcionario que justific\u00f3 la falta de seguridad en los juegos de la feria, porque son \u201cgratis\u201d con la frase \u00abque la gente se aguante\u00bb. porque se sabe que ten\u00edan conocimiento que &nbsp;los &nbsp;artefactos mec\u00e1nicos no estaban en condiciones seguras de uso.<\/p>\n\n\n\n<p>+++++++++++<\/p>\n\n\n\n<p>&nbsp;\u201cCAF\u00c9 Y RESTAURANT&nbsp;<\/p>\n\n\n\n<p>EL FAROLITO\u201d<\/p>\n\n\n\n<p>Lo mejor de la cocina Huasteca; el tradicional zacahuil y cazueladas .Atendemos toda clase de&nbsp; festejos. Pedidos al Tel&nbsp; 3821017 Ciudad Valles SLP<\/p>\n\n\n\n<p>+++++++++++++<\/p>\n\n\n\n<p>D E&nbsp;&nbsp; V&nbsp; O L A D A .-<\/p>\n\n\n\n<p>\u2026\u2026\u2026\u2026\u2026\u2026\u2026\u2026<a href=\"mailto:davidfloresguzm.an@gmail.com\">davidfloresguzm.an@gmail.com<\/a> Hasta&nbsp; la pr\u00f3xima semana.<\/p>\n\n\n\n<p>&#8212;<\/p>\n","protected":false},"excerpt":{"rendered":"<p>ECLIPSE DE SOL. EL 8 DE ABRIL HORARIOS El 8 de abril pr\u00f3ximo, el Sol desaparecer\u00e1 en una franja desde Mazatl\u00e1n, M\u00e9xico, hasta Terranova, Canad\u00e1, transformando el d\u00eda en noche durante hasta 4 minutos, 28 segundos. \u00c9ste mismo a\u00f1o habr\u00e1 otro eclipse de Sol pero &hellip; <\/p>\n","protected":false},"author":1,"featured_media":94343,"comment_status":"open","ping_status":"open","sticky":false,"template":"","format":"standard","meta":{"footnotes":""},"categories":[17,4],"tags":[],"class_list":["post-94342","post","type-post","status-publish","format-standard","has-post-thumbnail","hentry","category-colaboraciones","category-inicio"],"_links":{"self":[{"href":"https:\/\/amanecerhuasteco.com\/portal\/wp-json\/wp\/v2\/posts\/94342","targetHints":{"allow":["GET"]}}],"collection":[{"href":"https:\/\/amanecerhuasteco.com\/portal\/wp-json\/wp\/v2\/posts"}],"about":[{"href":"https:\/\/amanecerhuasteco.com\/portal\/wp-json\/wp\/v2\/types\/post"}],"author":[{"embeddable":true,"href":"https:\/\/amanecerhuasteco.com\/portal\/wp-json\/wp\/v2\/users\/1"}],"replies":[{"embeddable":true,"href":"https:\/\/amanecerhuasteco.com\/portal\/wp-json\/wp\/v2\/comments?post=94342"}],"version-history":[{"count":1,"href":"https:\/\/amanecerhuasteco.com\/portal\/wp-json\/wp\/v2\/posts\/94342\/revisions"}],"predecessor-version":[{"id":94344,"href":"https:\/\/amanecerhuasteco.com\/portal\/wp-json\/wp\/v2\/posts\/94342\/revisions\/94344"}],"wp:featuredmedia":[{"embeddable":true,"href":"https:\/\/amanecerhuasteco.com\/portal\/wp-json\/wp\/v2\/media\/94343"}],"wp:attachment":[{"href":"https:\/\/amanecerhuasteco.com\/portal\/wp-json\/wp\/v2\/media?parent=94342"}],"wp:term":[{"taxonomy":"category","embeddable":true,"href":"https:\/\/amanecerhuasteco.com\/portal\/wp-json\/wp\/v2\/categories?post=94342"},{"taxonomy":"post_tag","embeddable":true,"href":"https:\/\/amanecerhuasteco.com\/portal\/wp-json\/wp\/v2\/tags?post=94342"}],"curies":[{"name":"wp","href":"https:\/\/api.w.org\/{rel}","templated":true}]}}