{"id":94383,"date":"2024-04-03T07:49:47","date_gmt":"2024-04-03T13:49:47","guid":{"rendered":"https:\/\/amanecerhuasteco.com\/portal\/?p=94383"},"modified":"2024-04-03T07:49:49","modified_gmt":"2024-04-03T13:49:49","slug":"aplican-plan-integral-de-reinsercion-social","status":"publish","type":"post","link":"https:\/\/amanecerhuasteco.com\/portal\/aplican-plan-integral-de-reinsercion-social\/","title":{"rendered":"Aplican Plan Integral de Reinserci\u00f3n Social"},"content":{"rendered":"\n<p><br>\u2022 Poder Ejecutivo del Estado integrar\u00e1, la modernizaci\u00f3n del centro de Readaptaci\u00f3n Social La Pila con un programa de atenci\u00f3n a Personas Privadas de su Libertad<\/p>\n\n\n\n<p>El Poder Ejecutivo del Estado, a trav\u00e9s de la Secretar\u00eda General de Gobierno (SGG), coordina un modelo de atenci\u00f3n integral en el sistema penitenciario estatal que contempla la rehabilitaci\u00f3n de instalaciones, la implementaci\u00f3n de un esquema efectivo de reinserci\u00f3n social, programa en beneficio de las Personas Privadas de su Libertad (PPL) y la modernizaci\u00f3n de los sistemas tecnol\u00f3gicos de dicha instituci\u00f3n.<br>En reuni\u00f3n encabezada por la dependencia estatal, se record\u00f3 que el Poder Ejecutivo del Estado invertir\u00e1 40 millones de pesos en distintas obras en el Centro de Readaptaci\u00f3n Social La Pila, que incluir\u00e1 la modernizaci\u00f3n de los sistemas de videovigilancia y la automatizaci\u00f3n de la apertura y cierre de las puertas de seguridad.<br>Adicionalmente, en coordinaci\u00f3n con la direcci\u00f3n de Prevenci\u00f3n y Reinserci\u00f3n Social; la Secretar\u00eda del Trabajo y Previsi\u00f3n Social (STPS) y el Instituto Potosino del Deporte (Inpode), se implementar\u00e1 un programa de atenci\u00f3n integral que contempla acciones en beneficio de las PPL\u00b4s en aras de una efectiva reinserci\u00f3n social.<br>La Secretar\u00eda General de Gobierno, inform\u00f3 que en pleno respeto y observancia de los derechos humanos, se garantizar\u00e1 el acceso de las y los PPL\u00b4s a los servicios para tener una vida digna, que favorezcan su reinserci\u00f3n social, tales como actividades recreativas, deportivas y laborales, con un esquema de atenci\u00f3n que adem\u00e1s de contribuir a la recomposici\u00f3n del tejido social, evite la reincidencia delictiva. Se trata de una pol\u00edtica de reinserci\u00f3n social basada en ejes como trabajo, capacitaci\u00f3n laboral, educaci\u00f3n y deporte.<br>Esta informaci\u00f3n es de inter\u00e9s p\u00fablico, ajena a cualquier inter\u00e9s particular o alg\u00fan partido pol\u00edtico.<\/p>\n","protected":false},"excerpt":{"rendered":"<p>\u2022 Poder Ejecutivo del Estado integrar\u00e1, la modernizaci\u00f3n del centro de Readaptaci\u00f3n Social La Pila con un programa de atenci\u00f3n a Personas Privadas de su Libertad El Poder Ejecutivo del Estado, a trav\u00e9s de la Secretar\u00eda General de Gobierno (SGG), coordina un modelo de atenci\u00f3n &hellip; <\/p>\n","protected":false},"author":1,"featured_media":94384,"comment_status":"open","ping_status":"open","sticky":false,"template":"","format":"standard","meta":{"footnotes":""},"categories":[25,7,22,11,4,44,12,30,31,42,21,53,20,43,32],"tags":[],"class_list":["post-94383","post","type-post","status-publish","format-standard","has-post-thumbnail","hentry","category-aquismon","category-ciudad","category-ebano","category-estado","category-inicio","category-matehuala","category-nacional","category-rioverde","category-sanluispotosi","category-soledad","category-tamasopo","category-tamazunchale","category-tamuin","category-villa-de-reyes","category-xilitla"],"_links":{"self":[{"href":"https:\/\/amanecerhuasteco.com\/portal\/wp-json\/wp\/v2\/posts\/94383","targetHints":{"allow":["GET"]}}],"collection":[{"href":"https:\/\/amanecerhuasteco.com\/portal\/wp-json\/wp\/v2\/posts"}],"about":[{"href":"https:\/\/amanecerhuasteco.com\/portal\/wp-json\/wp\/v2\/types\/post"}],"author":[{"embeddable":true,"href":"https:\/\/amanecerhuasteco.com\/portal\/wp-json\/wp\/v2\/users\/1"}],"replies":[{"embeddable":true,"href":"https:\/\/amanecerhuasteco.com\/portal\/wp-json\/wp\/v2\/comments?post=94383"}],"version-history":[{"count":1,"href":"https:\/\/amanecerhuasteco.com\/portal\/wp-json\/wp\/v2\/posts\/94383\/revisions"}],"predecessor-version":[{"id":94385,"href":"https:\/\/amanecerhuasteco.com\/portal\/wp-json\/wp\/v2\/posts\/94383\/revisions\/94385"}],"wp:featuredmedia":[{"embeddable":true,"href":"https:\/\/amanecerhuasteco.com\/portal\/wp-json\/wp\/v2\/media\/94384"}],"wp:attachment":[{"href":"https:\/\/amanecerhuasteco.com\/portal\/wp-json\/wp\/v2\/media?parent=94383"}],"wp:term":[{"taxonomy":"category","embeddable":true,"href":"https:\/\/amanecerhuasteco.com\/portal\/wp-json\/wp\/v2\/categories?post=94383"},{"taxonomy":"post_tag","embeddable":true,"href":"https:\/\/amanecerhuasteco.com\/portal\/wp-json\/wp\/v2\/tags?post=94383"}],"curies":[{"name":"wp","href":"https:\/\/api.w.org\/{rel}","templated":true}]}}