{"id":94473,"date":"2024-04-05T07:38:17","date_gmt":"2024-04-05T13:38:17","guid":{"rendered":"https:\/\/amanecerhuasteco.com\/portal\/?p=94473"},"modified":"2024-04-05T07:39:17","modified_gmt":"2024-04-05T13:39:17","slug":"con-presencia-de-elementos-de-la-guardia-civil-hoy-se-llevara-acabo-la-asamblea-general-de-la-ulpc-ac-de-plan-de-san-luis","status":"publish","type":"post","link":"https:\/\/amanecerhuasteco.com\/portal\/con-presencia-de-elementos-de-la-guardia-civil-hoy-se-llevara-acabo-la-asamblea-general-de-la-ulpc-ac-de-plan-de-san-luis\/","title":{"rendered":"Con presencia de Delegados de la UNC, hoy se llevar\u00e1 acabo la asamblea general de la ULPC AC de Plan de San Luis"},"content":{"rendered":"\n<ul class=\"wp-block-list\">\n<li>Se espera el desarrollo de una asamblea informativa<\/li>\n<\/ul>\n\n\n\n<p>Ciudad Valles.- Con presencia de Delegados de la Uni\u00f3n Nacional de Productores de Ca\u00f1a de Az\u00facar AC, este d\u00eda a partir de las 12 horas dar\u00e1 inicio la asamblea general de la ULPC AC de Plan de San Luis, donde se informar\u00e1 detalles de la zafra 2023-2024, pero en punto general se informar\u00e1 de la situaci\u00f3n financiera que guarda esta organizaci\u00f3n.<\/p>\n\n\n\n<p>Luego de se\u00f1alamientos en contra del actual Presidente, Alejandro Bustos Medina por parte de un grupo de exempleados de la organizaci\u00f3n, se vio en la necesidad de aclarar todo ante la opini\u00f3n p\u00fablica, y este viernes en punto de las 12 horas del d\u00eda, informara todo a la asamblea, que es el \u00f3rgano supremo en la toma de decisiones.<\/p>\n\n\n\n<p>El dirigente, anticipo, que la situaci\u00f3n de la organizaci\u00f3n ca\u00f1era es de n\u00fameros rojos desde que asumi\u00f3 el cargo, y desde ah\u00ed se vienen tomando acciones para sacar adelante esta agrupaci\u00f3n, para apoyar a los socios ca\u00f1eros, buscar canales de financiamiento, entre muchos otros beneficios, sin embargo, un grupo de personas pretenden apoderarse de esta asociaci\u00f3n.<\/p>\n\n\n\n<p>Hay muchos deudores, que son parte de la quiebra de esta agrupaci\u00f3n, que intentan apoderarse de la misma, pero es la asamblea quien decide el futuro, porque esta ULPC la integrada por 2,100 productores y son quienes tendr\u00e1n la \u00faltima palabra en la decisi\u00f3n que se tome respecto al intento de desestabilizaci\u00f3n.<\/p>\n\n\n\n<p><\/p>\n\n\n\n<p>&#8212;<\/p>\n","protected":false},"excerpt":{"rendered":"<p>Ciudad Valles.- Con presencia de Delegados de la Uni\u00f3n Nacional de Productores de Ca\u00f1a de Az\u00facar AC, este d\u00eda a partir de las 12 horas dar\u00e1 inicio la asamblea general de la ULPC AC de Plan de San Luis, donde se informar\u00e1 detalles de la &hellip; <\/p>\n","protected":false},"author":1,"featured_media":94474,"comment_status":"open","ping_status":"open","sticky":false,"template":"","format":"standard","meta":{"footnotes":""},"categories":[13,25,14,28,29,7,11,16,4,12,24,21,20],"tags":[],"class_list":["post-94473","post","type-post","status-publish","format-standard","has-post-thumbnail","hentry","category-agropecuaria","category-aquismon","category-caneros","category-cnc","category-cnpr","category-ciudad","category-estado","category-ingenios","category-inicio","category-nacional","category-san-vicente","category-tamasopo","category-tamuin"],"_links":{"self":[{"href":"https:\/\/amanecerhuasteco.com\/portal\/wp-json\/wp\/v2\/posts\/94473","targetHints":{"allow":["GET"]}}],"collection":[{"href":"https:\/\/amanecerhuasteco.com\/portal\/wp-json\/wp\/v2\/posts"}],"about":[{"href":"https:\/\/amanecerhuasteco.com\/portal\/wp-json\/wp\/v2\/types\/post"}],"author":[{"embeddable":true,"href":"https:\/\/amanecerhuasteco.com\/portal\/wp-json\/wp\/v2\/users\/1"}],"replies":[{"embeddable":true,"href":"https:\/\/amanecerhuasteco.com\/portal\/wp-json\/wp\/v2\/comments?post=94473"}],"version-history":[{"count":2,"href":"https:\/\/amanecerhuasteco.com\/portal\/wp-json\/wp\/v2\/posts\/94473\/revisions"}],"predecessor-version":[{"id":94476,"href":"https:\/\/amanecerhuasteco.com\/portal\/wp-json\/wp\/v2\/posts\/94473\/revisions\/94476"}],"wp:featuredmedia":[{"embeddable":true,"href":"https:\/\/amanecerhuasteco.com\/portal\/wp-json\/wp\/v2\/media\/94474"}],"wp:attachment":[{"href":"https:\/\/amanecerhuasteco.com\/portal\/wp-json\/wp\/v2\/media?parent=94473"}],"wp:term":[{"taxonomy":"category","embeddable":true,"href":"https:\/\/amanecerhuasteco.com\/portal\/wp-json\/wp\/v2\/categories?post=94473"},{"taxonomy":"post_tag","embeddable":true,"href":"https:\/\/amanecerhuasteco.com\/portal\/wp-json\/wp\/v2\/tags?post=94473"}],"curies":[{"name":"wp","href":"https:\/\/api.w.org\/{rel}","templated":true}]}}