{"id":94491,"date":"2024-04-06T06:38:24","date_gmt":"2024-04-06T12:38:24","guid":{"rendered":"https:\/\/amanecerhuasteco.com\/portal\/?p=94491"},"modified":"2024-04-06T06:38:25","modified_gmt":"2024-04-06T12:38:25","slug":"en-asamblea-de-caneros-de-la-ulpc-ac-de-plan-de-san-luis-se-aprueba-auditoria-en-contra-de-su-dirigente-local","status":"publish","type":"post","link":"https:\/\/amanecerhuasteco.com\/portal\/en-asamblea-de-caneros-de-la-ulpc-ac-de-plan-de-san-luis-se-aprueba-auditoria-en-contra-de-su-dirigente-local\/","title":{"rendered":"En asamblea de ca\u00f1eros de la ULPC AC de Plan de San Luis, se aprueba auditor\u00eda en contra de su dirigente local"},"content":{"rendered":"\n<p>Ciudad Valles.- Con una asamblea enardecida por informaci\u00f3n de presunto desvi\u00f3 de recursos econ\u00f3micos de esta organizaci\u00f3n, se autoriz\u00f3 una auditor\u00eda y se design\u00f3 una comisi\u00f3n provisional para que se mantengan al frente de esta organizaci\u00f3n.<\/p>\n\n\n\n<p>Aunque, por informaci\u00f3n de los delegados nacionales, la Asamblea General de la ULPC AC de Plan de San Luis, no cumpli\u00f3 con los requisitos para su legalidad por el apoderamiento de la reuni\u00f3n de un grupo de productores disidente.<\/p>\n\n\n\n<p>Alejandro Bustos Medina, Presidente de la ULPC, dijo: \u00abEstoy aqu\u00ed presente, porque no tengo nada que ocultar y estoy de acuerdo en la auditor\u00eda\u00bb, mientras que sus adversarios encabezados por Gonzalo Reyes y Jos\u00e9 Luis Ba\u00f1uelos, lo se\u00f1alaban de graves irregularidades en el mano financiero de la organizaci\u00f3n ca\u00f1era.<\/p>\n\n\n\n<p>La comisi\u00f3n designada, encabezada por Abraham S\u00e1nchez, dijo que su trabajo ser\u00e1 imparcial y por acuerdo de asamblea se revisaran las cuentas mediante una auditoria para conocer el estado de las finanzas, aclarando a la asamblea, pero si todo esta en orden le tendremos que dar una disculpa a \u00abAlejandro\u00bb, esto luego que se le permitiera la voz al se\u00f1alado, donde detallo la situaci\u00f3n financiera, menciono nombre de productores que se encuentran en carteras vencidas por a\u00f1os y son los autores de las \u00abprotestas\u00bb a quienes se\u00f1alo de ya no producir ca\u00f1a y estar adeudando a la organizaci\u00f3n millones de pesos.<\/p>\n\n\n\n<p>As\u00ed mismo Gonzalo Reyes, exsecretario general, aseguro que Alejandro Bustos Medina, ha hecho mal manejo de recursos p\u00fablicos y por ende lo acus\u00f3 de \u00abenriquecimiento\u00bb, a lo que le Bustos Medina, ante la asamblea le inform\u00f3 de su patrimonio y aseguro que el manejo financiero de la organizaci\u00f3n fue manejado por el Tesorero, quien es quien hace todos los movimientos financieros.<\/p>\n\n\n\n<p><\/p>\n\n\n\n<p><\/p>\n\n\n\n<p>&#8212;<\/p>\n","protected":false},"excerpt":{"rendered":"<p>Ciudad Valles.- Con una asamblea enardecida por informaci\u00f3n de presunto desvi\u00f3 de recursos econ\u00f3micos de esta organizaci\u00f3n, se autoriz\u00f3 una auditor\u00eda y se design\u00f3 una comisi\u00f3n provisional para que se mantengan al frente de esta organizaci\u00f3n. Aunque, por informaci\u00f3n de los delegados nacionales, la Asamblea &hellip; <\/p>\n","protected":false},"author":1,"featured_media":94492,"comment_status":"open","ping_status":"open","sticky":false,"template":"","format":"standard","meta":{"footnotes":""},"categories":[13,14,28,29,7,16,4,10,24,21,20],"tags":[],"class_list":["post-94491","post","type-post","status-publish","format-standard","has-post-thumbnail","hentry","category-agropecuaria","category-caneros","category-cnc","category-cnpr","category-ciudad","category-ingenios","category-inicio","category-municipios","category-san-vicente","category-tamasopo","category-tamuin"],"_links":{"self":[{"href":"https:\/\/amanecerhuasteco.com\/portal\/wp-json\/wp\/v2\/posts\/94491","targetHints":{"allow":["GET"]}}],"collection":[{"href":"https:\/\/amanecerhuasteco.com\/portal\/wp-json\/wp\/v2\/posts"}],"about":[{"href":"https:\/\/amanecerhuasteco.com\/portal\/wp-json\/wp\/v2\/types\/post"}],"author":[{"embeddable":true,"href":"https:\/\/amanecerhuasteco.com\/portal\/wp-json\/wp\/v2\/users\/1"}],"replies":[{"embeddable":true,"href":"https:\/\/amanecerhuasteco.com\/portal\/wp-json\/wp\/v2\/comments?post=94491"}],"version-history":[{"count":1,"href":"https:\/\/amanecerhuasteco.com\/portal\/wp-json\/wp\/v2\/posts\/94491\/revisions"}],"predecessor-version":[{"id":94493,"href":"https:\/\/amanecerhuasteco.com\/portal\/wp-json\/wp\/v2\/posts\/94491\/revisions\/94493"}],"wp:featuredmedia":[{"embeddable":true,"href":"https:\/\/amanecerhuasteco.com\/portal\/wp-json\/wp\/v2\/media\/94492"}],"wp:attachment":[{"href":"https:\/\/amanecerhuasteco.com\/portal\/wp-json\/wp\/v2\/media?parent=94491"}],"wp:term":[{"taxonomy":"category","embeddable":true,"href":"https:\/\/amanecerhuasteco.com\/portal\/wp-json\/wp\/v2\/categories?post=94491"},{"taxonomy":"post_tag","embeddable":true,"href":"https:\/\/amanecerhuasteco.com\/portal\/wp-json\/wp\/v2\/tags?post=94491"}],"curies":[{"name":"wp","href":"https:\/\/api.w.org\/{rel}","templated":true}]}}